{"id":67410,"date":"2017-09-15T19:53:00","date_gmt":"2017-09-15T16:53:00","guid":{"rendered":"https:\/\/www.enerjigazetesi.ist\/?p=67410"},"modified":"2017-09-15T19:53:00","modified_gmt":"2017-09-15T16:53:00","slug":"arcelik-surdurulebilirlikte-dunyanin-en-iyi-9-sirketi-arasinda-yerini-aldi","status":"publish","type":"post","link":"https:\/\/www.enerjigazetesi.ist\/en\/arcelik-surdurulebilirlikte-dunyanin-en-iyi-9-sirketi-arasinda-yerini-aldi\/","title":{"rendered":"(Turkish) Ar\u00e7elik S\u00fcrd\u00fcr\u00fclebilirlikte D\u00fcnyan\u0131n En \u0130yi 9 \u015eirketi Aras\u0131nda Yerini Ald\u0131"},"content":{"rendered":"<p class=\"qtranxs-available-languages-message qtranxs-available-languages-message-en\">Sorry, this entry is only available in <a href=\"https:\/\/www.enerjigazetesi.ist\/tr\/wp-json\/wp\/v2\/posts\/67410\" class=\"qtranxs-available-language-link qtranxs-available-language-link-tr\" title=\"Turkish\">Turkish<\/a>. For the sake of viewer convenience, the content is shown below in the alternative language. You may click the link to switch the active language.<\/p><p><strong>Ar\u00e7elik A.\u015e., Avrupa\u2019n\u0131n en k\u00f6kl\u00fc s\u00fcrd\u00fcr\u00fclebilirlik fonlar\u0131ndan \u00d6koWorld taraf\u0131ndan s\u00fcrd\u00fcr\u00fclebilirlik alan\u0131nda d\u00fcnyan\u0131n en iyi 9 \u015firket aras\u0131nda se\u00e7ilerek \u00d6kovision Sustainability Leadership Award &#8211; S\u00fcrd\u00fcr\u00fclebilirlik Liderli\u011fi \u00d6d\u00fcl\u00fc\u2019ne lay\u0131k g\u00f6r\u00fcld\u00fc.<\/strong><\/p>\n<p>D\u00fcnyan\u0131n gelece\u011fi i\u00e7in t\u00fcm i\u015f planlar\u0131n\u0131 s\u00fcrd\u00fcr\u00fclebilir modeller \u00fczerine kurgulayan Ar\u00e7elik A.\u015e., s\u00fcrd\u00fcr\u00fclebilirlik alan\u0131ndaki \u00e7al\u0131\u015fmalar\u0131yla Avrupa\u2019n\u0131n en prestijli \u00f6d\u00fcllerinden birini ald\u0131.<\/p>\n<p><a href=\"https:\/\/www.enerjigazetesi.ist\/wp-content\/uploads\/2017\/09\/arcelik-surdurulebilirlikte-dunyanin-en-iyi-9-sirketi-arasinda-yerini-aldi.jpg\"><img loading=\"lazy\" class=\"alignleft size-medium wp-image-67411\" src=\"https:\/\/www.enerjigazetesi.ist\/wp-content\/uploads\/2017\/09\/arcelik-surdurulebilirlikte-dunyanin-en-iyi-9-sirketi-arasinda-yerini-aldi-300x200.jpg\" alt=\"arcelik-surdurulebilirlikte-dunyanin-en-iyi-9-sirketi-arasinda-yerini-aldi\" width=\"300\" height=\"200\" srcset=\"https:\/\/www.enerjigazetesi.ist\/wp-content\/uploads\/2017\/09\/arcelik-surdurulebilirlikte-dunyanin-en-iyi-9-sirketi-arasinda-yerini-aldi-300x200.jpg 300w, https:\/\/www.enerjigazetesi.ist\/wp-content\/uploads\/2017\/09\/arcelik-surdurulebilirlikte-dunyanin-en-iyi-9-sirketi-arasinda-yerini-aldi-500x333.jpg 500w, https:\/\/www.enerjigazetesi.ist\/wp-content\/uploads\/2017\/09\/arcelik-surdurulebilirlikte-dunyanin-en-iyi-9-sirketi-arasinda-yerini-aldi-75x50.jpg 75w, https:\/\/www.enerjigazetesi.ist\/wp-content\/uploads\/2017\/09\/arcelik-surdurulebilirlikte-dunyanin-en-iyi-9-sirketi-arasinda-yerini-aldi.jpg 696w\" sizes=\"(max-width: 300px) 100vw, 300px\" \/><\/a>Ar\u00e7elik A.\u015e., Avrupa\u2019n\u0131n en k\u00f6kl\u00fc ve sayg\u0131n s\u00fcrd\u00fcr\u00fclebilirlik fonlar\u0131ndan \u2018\u00d6koWorld \u00d6koVision Classic\u2019in k\u00fcresel \u00f6l\u00e7ekte yat\u0131r\u0131m yapt\u0131\u011f\u0131 350 \u015firket aras\u0131nda, S\u00fcrd\u00fcr\u00fclebilirlik Liderli\u011fi \u00d6d\u00fcl\u00fc\u2019ne lay\u0131k g\u00f6r\u00fclen en iyi 9 \u015firketten biri oldu.<\/p>\n<p>D\u00fc\u015f\u00fck enerji ve su t\u00fcketimi, ekolojik ayak izinin azalt\u0131lmas\u0131n\u0131n desteklenmesi amac\u0131yla ya\u015fam d\u00f6ng\u00fcs\u00fc analizi ve geri d\u00f6n\u00fc\u015f\u00fcm uygulamalar\u0131 nedeniyle \u2018\u00d6koWorld \u00d6koVision Classic Yat\u0131r\u0131m Komitesi\u2019 taraf\u0131ndan \u00f6d\u00fcllendirilen Ar\u00e7elik A.\u015e., fon taraf\u0131ndan yat\u0131r\u0131m almay\u0131 hedefleyen di\u011fer \u015firketlere de uygulamalar\u0131yla \u00f6rnek te\u015fkil ediyor.<\/p>\n<p>Ar\u00e7elik A.\u015e.\u2019ye \u00f6d\u00fcl\u00fc, Komite\u2019nin Almanya\u2019n\u0131n D\u00fcsseldorf kentinde 14 Eyl\u00fcl Per\u015fembe g\u00fcn\u00fc d\u00fczenlenen 25.y\u0131ld\u00f6n\u00fcm\u00fc t\u00f6reninde takdim edildi. \u00d6d\u00fcl alan di\u011fer \u015firketler aras\u0131nda AmorePacific (Kore), East Japan Railway (Japonya), Electrolux (\u0130sve\u00e7), Emmi (\u0130svi\u00e7re), Herman Miller (\u0130ngiltere), Kone (Finlandiya), Royal Philips (Hollanda) ve Vestas(Danimarka) bulunuyor.<\/p>\n<p>S\u00fcrd\u00fcr\u00fclebilir i\u015f modelleri geli\u015ftirilmesinin g\u00fcn\u00fcm\u00fczde yat\u0131r\u0131mc\u0131lar\u0131n de\u011ferlendirme kriterlerinden biri haline geldi\u011fini belirten Ar\u00e7elik A.\u015e. S\u00fcrd\u00fcr\u00fclebilirlik ve Resmi \u0130li\u015fkiler Direkt\u00f6r\u00fc Fatih \u00d6zkad\u0131, \u201cAr\u00e7elik A.\u015e. olarak \u00fcr\u00fcnden \u00fcretime, tedarik zincirinden sat\u0131\u015f sonras\u0131 operasyonlar\u0131m\u0131za kadar s\u00fcrd\u00fcr\u00fclebilirli\u011fi de\u011fer zincirimizin her halkas\u0131nda entegre etmek i\u00e7in \u00e7al\u0131\u015f\u0131yoruz. Faaliyetlerimizi ger\u00e7ekle\u015ftirirken kurumsal y\u00f6netim ilkelerinden \u00f6d\u00fcn vermeden, insan haklar\u0131na sayg\u0131l\u0131, kapsay\u0131c\u0131, sorumlu, etik ve \u015feffaf y\u00f6netim yakla\u015f\u0131m\u0131 ile hareket ediyoruz. Bu \u00e7abalar\u0131m\u0131z\u0131n d\u00fcnyan\u0131n en sayg\u0131n yat\u0131r\u0131m kurulu\u015flar\u0131ndan \u00d6koWorld taraf\u0131ndan \u00f6d\u00fcllendirilmesi do\u011fru ad\u0131mlara ilerledi\u011fimizin \u00f6nemli bir g\u00f6stergesi\u201d dedi.<\/p>\n<p>\u2018\u00d6koWorld \u00d6koVision Classic\u2019, 30 y\u0131l\u0131 a\u015fk\u0131n bir s\u00fcredir d\u00fcnyan\u0131n s\u00fcrd\u00fcr\u00fclebilir yat\u0131r\u0131mlar alan\u0131nda \u00f6nc\u00fc \u015firketlerinden biri olan \u2018\u00d6koWorld\u2019\u00fcn 6 yat\u0131r\u0131m fonu aras\u0131nda yer al\u0131yor.<\/p>","protected":false},"excerpt":{"rendered":"<p>Sorry, this entry is only available in Turkish. For the sake of viewer convenience, the content is shown below in the alternative language. You may click the link to switch the active language.Ar\u00e7elik A.\u015e., Avrupa\u2019n\u0131n en k\u00f6kl\u00fc s\u00fcrd\u00fcr\u00fclebilirlik fonlar\u0131ndan \u00d6koWorld taraf\u0131ndan s\u00fcrd\u00fcr\u00fclebilirlik alan\u0131nda d\u00fcnyan\u0131n en iyi 9 \u015firket aras\u0131nda se\u00e7ilerek \u00d6kovision Sustainability Leadership Award &#8211; [&hellip;]<\/p>\n","protected":false},"author":1,"featured_media":67411,"comment_status":"open","ping_status":"open","sticky":false,"template":"","format":"standard","meta":[],"categories":[53],"tags":[2350,4440,35366,1296,35368,35367],"views":1122,"_links":{"self":[{"href":"https:\/\/www.enerjigazetesi.ist\/en\/wp-json\/wp\/v2\/posts\/67410"}],"collection":[{"href":"https:\/\/www.enerjigazetesi.ist\/en\/wp-json\/wp\/v2\/posts"}],"about":[{"href":"https:\/\/www.enerjigazetesi.ist\/en\/wp-json\/wp\/v2\/types\/post"}],"author":[{"embeddable":true,"href":"https:\/\/www.enerjigazetesi.ist\/en\/wp-json\/wp\/v2\/users\/1"}],"replies":[{"embeddable":true,"href":"https:\/\/www.enerjigazetesi.ist\/en\/wp-json\/wp\/v2\/comments?post=67410"}],"version-history":[{"count":1,"href":"https:\/\/www.enerjigazetesi.ist\/en\/wp-json\/wp\/v2\/posts\/67410\/revisions"}],"predecessor-version":[{"id":67412,"href":"https:\/\/www.enerjigazetesi.ist\/en\/wp-json\/wp\/v2\/posts\/67410\/revisions\/67412"}],"wp:featuredmedia":[{"embeddable":true,"href":"https:\/\/www.enerjigazetesi.ist\/en\/wp-json\/wp\/v2\/media\/67411"}],"wp:attachment":[{"href":"https:\/\/www.enerjigazetesi.ist\/en\/wp-json\/wp\/v2\/media?parent=67410"}],"wp:term":[{"taxonomy":"category","embeddable":true,"href":"https:\/\/www.enerjigazetesi.ist\/en\/wp-json\/wp\/v2\/categories?post=67410"},{"taxonomy":"post_tag","embeddable":true,"href":"https:\/\/www.enerjigazetesi.ist\/en\/wp-json\/wp\/v2\/tags?post=67410"}],"curies":[{"name":"wp","href":"https:\/\/api.w.org\/{rel}","templated":true}]}}