{"id":67401,"date":"2017-09-15T15:22:23","date_gmt":"2017-09-15T12:22:23","guid":{"rendered":"https:\/\/www.enerjigazetesi.ist\/?p=67401"},"modified":"2017-09-15T15:22:23","modified_gmt":"2017-09-15T12:22:23","slug":"enerjisa-uretim-gunes-enerjisi-yatirimlarina-hiz-kesmeden-devam-ediyor","status":"publish","type":"post","link":"https:\/\/www.enerjigazetesi.ist\/en\/enerjisa-uretim-gunes-enerjisi-yatirimlarina-hiz-kesmeden-devam-ediyor\/","title":{"rendered":"(Turkish) Enerjisa \u00dcretim, G\u00fcne\u015f Enerjisi Yat\u0131r\u0131mlar\u0131na H\u0131z Kesmeden Devam Ediyor"},"content":{"rendered":"<p class=\"qtranxs-available-languages-message qtranxs-available-languages-message-en\">Sorry, this entry is only available in <a href=\"https:\/\/www.enerjigazetesi.ist\/tr\/wp-json\/wp\/v2\/posts\/67401\" class=\"qtranxs-available-language-link qtranxs-available-language-link-tr\" title=\"Turkish\">Turkish<\/a>. For the sake of viewer convenience, the content is shown below in the alternative language. You may click the link to switch the active language.<\/p><p><strong>Enerjisa \u00dcretim, Band\u0131rma\u2019daki ilk g\u00fcne\u015f enerjisi santralinin ard\u0131ndan 3 ayda in\u015faat\u0131n\u0131 tamamlad\u0131\u011f\u0131 ikinci g\u00fcne\u015f enerjisi santralini Karab\u00fck\u2019te i\u015fletmeye ald\u0131. Yerli ve yenilenebilir enerji portf\u00f6y\u00fcyle milli kaynaklar\u0131n kullan\u0131m\u0131n\u0131 \u00f6nceliklendiren Enerjisa \u00dcretim, Karab\u00fck\u2019te devreye ald\u0131\u011f\u0131 \u00a07 megavatl\u0131k g\u00fcne\u015f enerjisi santraliyle y\u0131lda 5.000 hanenin elektrik ihtiyac\u0131n\u0131 kar\u015f\u0131layabilecek enerji \u00fcretecek.<\/strong><\/p>\n<p>Toplam 3.600 MW\u2019l\u0131k kurul<a href=\"https:\/\/www.enerjigazetesi.ist\/wp-content\/uploads\/2017\/09\/enerjisa-uretim-gunes-enerjisi-yatirimlarina-hiz-kesmeden-devam-ediyor.jpg\"><img loading=\"lazy\" class=\"alignleft  wp-image-67402\" src=\"https:\/\/www.enerjigazetesi.ist\/wp-content\/uploads\/2017\/09\/enerjisa-uretim-gunes-enerjisi-yatirimlarina-hiz-kesmeden-devam-ediyor-300x225.jpg\" alt=\"DCIM100MEDIADJI_0016.JPG\" width=\"300\" height=\"199\" \/><\/a>u g\u00fcc\u00fcyle T\u00fcrkiye\u2019nin en b\u00fcy\u00fck \u00f6zel sekt\u00f6r elektrik \u00fcretim portf\u00f6y\u00fcne sahip olan Enerjisa \u00dcretim, g\u00fcne\u015f enerjisi yat\u0131r\u0131mlar\u0131n\u0131 s\u00fcrd\u00fcr\u00fcyor. Ge\u00e7ti\u011fimiz ay ilk g\u00fcne\u015f enerjisi santralini (GES) Band\u0131rma\u2019da i\u015fletmeye alan Enerjisa \u00dcretim, ikinci g\u00fcne\u015f enerjisi santralini Karab\u00fck\u2019te devreye ald\u0131. Milli ve yenilenebilir enerji yat\u0131r\u0131mlar\u0131na \u00f6ncelik veren Enerjisa \u00dcretim, yakla\u015f\u0131k 6,5 milyon dolarl\u0131k yat\u0131r\u0131mla 3 ayda tamamlad\u0131\u011f\u0131 Karab\u00fck GES ile g\u00fcne\u015f enerjisine dayal\u0131 \u00fcretim g\u00fcc\u00fcn\u00fc 9 megavata \u00e7\u0131karm\u0131\u015f oldu.<\/p>\n<p>7 megavat kurulu g\u00fcce sahip Karab\u00fck GES, y\u0131lda toplam 11,4 GWh elektrik \u00fcreterek 5.000 hanenin t\u00fcm enerji ihtiyac\u0131n\u0131 kar\u015f\u0131layacak.<\/p>\n<p><strong>Karab\u00fck\u2019teki en b\u00fcy\u00fck GES yat\u0131r\u0131m\u0131<\/strong><\/p>\n<p>Band\u0131rma\u2019da devreye ald\u0131klar\u0131 ilk g\u00fcne\u015f enerjisi santralinden k\u0131sa bir s\u00fcre sonra ikinci g\u00fcne\u015f enerjisi santralini i\u015fletmeye alan Enerjisa \u00dcretim, yat\u0131r\u0131mlar\u0131na h\u0131z kesmeden devam edecek. B\u00f6lgeye yap\u0131lan en b\u00fcy\u00fck GES yat\u0131r\u0131m\u0131 olan Karab\u00fck GES, T\u00fcrkiye\u2019nin elektrik \u00fcretiminde milli kaynaklar\u0131n kullan\u0131m\u0131 hedefine katk\u0131da bulunmaya devam edecek. Enerjisa \u00dcretim, g\u00fcne\u015f enerjisine yat\u0131r\u0131m yapmaya devam edecek.<\/p>\n<p>Avrupa ve di\u011fer d\u00fcnya devletlerine g\u00f6re \u00fclkemizin g\u00fcne\u015f enerjisi potansiyeli ve y\u0131ll\u0131k g\u00fcne\u015flenme s\u00fcresi olduk\u00e7a y\u00fcksek. G\u00fcne\u015f Enerjisi Potansiyeli Atlas\u0131\u2019na (GEPA) g\u00f6re \u00fclkemizde, y\u0131ll\u0131k toplam g\u00fcne\u015flenme s\u00fcresi 2737 saat ve ortalama toplam gelen g\u00fcne\u015f enerjisi miktar\u0131 ise 1527 kWh\/m\u00b2y\u0131l.\u00a0 T\u00fcrkiye, konumu itibariyle g\u00fcne\u015f enerjisi i\u00e7in Avrupa\u2019da \u0130spanya\u2019dan sonra en verimli \u00fclkelerden bir tanesi. D\u00fcnyada ve T\u00fcrkiye\u2019de yenilenebilir enerji kaynaklar\u0131 aras\u0131nda olduk\u00e7a \u00f6nemli bir yere sahip olan g\u00fcne\u015f enerjisinin elektrik \u00fcretimindeki pay\u0131 g\u00fcn ge\u00e7tik\u00e7e artmaya devam ediyor ve Enerjisa \u00dcretim\u2019in de bu alanda yapt\u0131\u011f\u0131 yat\u0131r\u0131mlar devam ediyor.<\/p>","protected":false},"excerpt":{"rendered":"<p>Sorry, this entry is only available in Turkish. For the sake of viewer convenience, the content is shown below in the alternative language. You may click the link to switch the active language.Enerjisa \u00dcretim, Band\u0131rma\u2019daki ilk g\u00fcne\u015f enerjisi santralinin ard\u0131ndan 3 ayda in\u015faat\u0131n\u0131 tamamlad\u0131\u011f\u0131 ikinci g\u00fcne\u015f enerjisi santralini Karab\u00fck\u2019te i\u015fletmeye ald\u0131. Yerli ve yenilenebilir enerji [&hellip;]<\/p>\n","protected":false},"author":1,"featured_media":67402,"comment_status":"open","ping_status":"open","sticky":false,"template":"","format":"standard","meta":[],"categories":[53,49],"tags":[422,35365,2326,29013,23416,2569,23133,34925,23131,11373],"views":1275,"_links":{"self":[{"href":"https:\/\/www.enerjigazetesi.ist\/en\/wp-json\/wp\/v2\/posts\/67401"}],"collection":[{"href":"https:\/\/www.enerjigazetesi.ist\/en\/wp-json\/wp\/v2\/posts"}],"about":[{"href":"https:\/\/www.enerjigazetesi.ist\/en\/wp-json\/wp\/v2\/types\/post"}],"author":[{"embeddable":true,"href":"https:\/\/www.enerjigazetesi.ist\/en\/wp-json\/wp\/v2\/users\/1"}],"replies":[{"embeddable":true,"href":"https:\/\/www.enerjigazetesi.ist\/en\/wp-json\/wp\/v2\/comments?post=67401"}],"version-history":[{"count":1,"href":"https:\/\/www.enerjigazetesi.ist\/en\/wp-json\/wp\/v2\/posts\/67401\/revisions"}],"predecessor-version":[{"id":67403,"href":"https:\/\/www.enerjigazetesi.ist\/en\/wp-json\/wp\/v2\/posts\/67401\/revisions\/67403"}],"wp:featuredmedia":[{"embeddable":true,"href":"https:\/\/www.enerjigazetesi.ist\/en\/wp-json\/wp\/v2\/media\/67402"}],"wp:attachment":[{"href":"https:\/\/www.enerjigazetesi.ist\/en\/wp-json\/wp\/v2\/media?parent=67401"}],"wp:term":[{"taxonomy":"category","embeddable":true,"href":"https:\/\/www.enerjigazetesi.ist\/en\/wp-json\/wp\/v2\/categories?post=67401"},{"taxonomy":"post_tag","embeddable":true,"href":"https:\/\/www.enerjigazetesi.ist\/en\/wp-json\/wp\/v2\/tags?post=67401"}],"curies":[{"name":"wp","href":"https:\/\/api.w.org\/{rel}","templated":true}]}}