{"id":67396,"date":"2017-09-15T13:22:21","date_gmt":"2017-09-15T10:22:21","guid":{"rendered":"https:\/\/www.enerjigazetesi.ist\/?p=67396"},"modified":"2017-09-15T13:22:21","modified_gmt":"2017-09-15T10:22:21","slug":"istanbulun-copunden-1-bucuk-milyon-kisinin-elektrigi-karsilanacak","status":"publish","type":"post","link":"https:\/\/www.enerjigazetesi.ist\/en\/istanbulun-copunden-1-bucuk-milyon-kisinin-elektrigi-karsilanacak\/","title":{"rendered":"(Turkish) \u0130stanbul\u2019un \u00c7\u00f6p\u00fcnden 1 Bu\u00e7uk Milyon Ki\u015finin Elektri\u011fi Kar\u015f\u0131lanacak"},"content":{"rendered":"<p class=\"qtranxs-available-languages-message qtranxs-available-languages-message-en\">Sorry, this entry is only available in <a href=\"https:\/\/www.enerjigazetesi.ist\/tr\/wp-json\/wp\/v2\/posts\/67396\" class=\"qtranxs-available-language-link qtranxs-available-language-link-tr\" title=\"Turkish\">Turkish<\/a>. For the sake of viewer convenience, the content is shown below in the alternative language. You may click the link to switch the active language.<\/p><p><strong><span style=\"color: #0a0a0a;\">\u0130stanbul B\u00fcy\u00fck\u015fehir Belediyesi\u2019nin en \u00f6nemli \u00e7evre ve enerji yat\u0131r\u0131mlar\u0131ndan biri olan kat\u0131 at\u0131k yakma ve enerji \u00fcreti<a href=\"https:\/\/www.enerjigazetesi.ist\/wp-content\/uploads\/2017\/09\/istanbulun-copunden-1-bucuk-milyon-kisinin-elektrigi-karsilanacak.jpeg\"><img loading=\"lazy\" class=\"alignleft size-medium wp-image-67397\" src=\"https:\/\/www.enerjigazetesi.ist\/wp-content\/uploads\/2017\/09\/istanbulun-copunden-1-bucuk-milyon-kisinin-elektrigi-karsilanacak-300x199.jpeg\" alt=\"istanbulun-copunden-1-bucuk-milyon-kisinin-elektrigi-karsilanacak\" width=\"300\" height=\"199\" srcset=\"https:\/\/www.enerjigazetesi.ist\/wp-content\/uploads\/2017\/09\/istanbulun-copunden-1-bucuk-milyon-kisinin-elektrigi-karsilanacak-300x199.jpeg 300w, https:\/\/www.enerjigazetesi.ist\/wp-content\/uploads\/2017\/09\/istanbulun-copunden-1-bucuk-milyon-kisinin-elektrigi-karsilanacak-500x332.jpeg 500w, https:\/\/www.enerjigazetesi.ist\/wp-content\/uploads\/2017\/09\/istanbulun-copunden-1-bucuk-milyon-kisinin-elektrigi-karsilanacak-75x50.jpeg 75w, https:\/\/www.enerjigazetesi.ist\/wp-content\/uploads\/2017\/09\/istanbulun-copunden-1-bucuk-milyon-kisinin-elektrigi-karsilanacak.jpeg 696w\" sizes=\"(max-width: 300px) 100vw, 300px\" \/><\/a>m tesisine y\u00f6nelik imzalar at\u0131ld\u0131.<\/span><\/strong><\/p>\n<p>Japon teknoloji devi H\u0131thachi ile Makyol konsorsiyumunun kazand\u0131\u011f\u0131 ihale sonras\u0131 d\u00fczenlenen imza t\u00f6reninde; ba\u015fkan Kadir Topba\u015f, 2. 6 milyar liral\u0131k yat\u0131r\u0131m ile hem \u00e7evrenin korunaca\u011f\u0131n\u0131 hem de 1 bu\u00e7uk milyon ki\u015finin evsel elektrik ihtiyac\u0131n\u0131n kar\u015f\u0131lanaca\u011f\u0131n\u0131 s\u00f6yleyerek, \u201cS\u0131radan bir i\u015f de\u011fil, son teknoloji ile model olacak bir projedir\u201d ifadelerine yer verdi.<\/p>\n<p>Ey\u00fcp Kemerburgaz\u2019da yap\u0131lacak olan kat\u0131 at\u0131k yakma ve enerji \u00fcretim tesisinin 2020&#8217;de tamamlanarak devreye girmesi \u00f6ng\u00f6r\u00fclmektedir. Proje ile istanbul\u2019da olu\u015fan at\u0131klar\u0131n %15\u2019i yakma y\u00f6ntemi ile bertaraf edilmesi sa\u011flanacak.<\/p>","protected":false},"excerpt":{"rendered":"<p>Sorry, this entry is only available in Turkish. For the sake of viewer convenience, the content is shown below in the alternative language. You may click the link to switch the active language.\u0130stanbul B\u00fcy\u00fck\u015fehir Belediyesi\u2019nin en \u00f6nemli \u00e7evre ve enerji yat\u0131r\u0131mlar\u0131ndan biri olan kat\u0131 at\u0131k yakma ve enerji \u00fcretim tesisine y\u00f6nelik imzalar at\u0131ld\u0131. Japon teknoloji [&hellip;]<\/p>\n","protected":false},"author":1,"featured_media":67397,"comment_status":"open","ping_status":"open","sticky":false,"template":"","format":"standard","meta":[],"categories":[51,53],"tags":[2880,5070,19,2765,35359,2054,4498,35361,35362,35358,35360],"views":1027,"_links":{"self":[{"href":"https:\/\/www.enerjigazetesi.ist\/en\/wp-json\/wp\/v2\/posts\/67396"}],"collection":[{"href":"https:\/\/www.enerjigazetesi.ist\/en\/wp-json\/wp\/v2\/posts"}],"about":[{"href":"https:\/\/www.enerjigazetesi.ist\/en\/wp-json\/wp\/v2\/types\/post"}],"author":[{"embeddable":true,"href":"https:\/\/www.enerjigazetesi.ist\/en\/wp-json\/wp\/v2\/users\/1"}],"replies":[{"embeddable":true,"href":"https:\/\/www.enerjigazetesi.ist\/en\/wp-json\/wp\/v2\/comments?post=67396"}],"version-history":[{"count":1,"href":"https:\/\/www.enerjigazetesi.ist\/en\/wp-json\/wp\/v2\/posts\/67396\/revisions"}],"predecessor-version":[{"id":67398,"href":"https:\/\/www.enerjigazetesi.ist\/en\/wp-json\/wp\/v2\/posts\/67396\/revisions\/67398"}],"wp:featuredmedia":[{"embeddable":true,"href":"https:\/\/www.enerjigazetesi.ist\/en\/wp-json\/wp\/v2\/media\/67397"}],"wp:attachment":[{"href":"https:\/\/www.enerjigazetesi.ist\/en\/wp-json\/wp\/v2\/media?parent=67396"}],"wp:term":[{"taxonomy":"category","embeddable":true,"href":"https:\/\/www.enerjigazetesi.ist\/en\/wp-json\/wp\/v2\/categories?post=67396"},{"taxonomy":"post_tag","embeddable":true,"href":"https:\/\/www.enerjigazetesi.ist\/en\/wp-json\/wp\/v2\/tags?post=67396"}],"curies":[{"name":"wp","href":"https:\/\/api.w.org\/{rel}","templated":true}]}}