{"id":67315,"date":"2017-09-12T13:59:41","date_gmt":"2017-09-12T10:59:41","guid":{"rendered":"https:\/\/www.enerjigazetesi.ist\/?p=67315"},"modified":"2017-09-12T13:59:41","modified_gmt":"2017-09-12T10:59:41","slug":"adanada-tarimsal-atiklardan-aylik-1-milyon-kwh-elektrik-elde-ediliyor","status":"publish","type":"post","link":"https:\/\/www.enerjigazetesi.ist\/en\/adanada-tarimsal-atiklardan-aylik-1-milyon-kwh-elektrik-elde-ediliyor\/","title":{"rendered":"(Turkish) Adana&#8217;da Tar\u0131msal At\u0131klardan Ayl\u0131k 1 Milyon kWh Elektrik Elde Ediliyor"},"content":{"rendered":"<p class=\"qtranxs-available-languages-message qtranxs-available-languages-message-en\">Sorry, this entry is only available in <a href=\"https:\/\/www.enerjigazetesi.ist\/tr\/wp-json\/wp\/v2\/posts\/67315\" class=\"qtranxs-available-language-link qtranxs-available-language-link-tr\" title=\"Turkish\">Turkish<\/a>. For the sake of viewer convenience, the content is shown below in the alternative language. You may click the link to switch the active language.<\/p><p><strong><span style=\"color: #0a0a0a;\">Tar\u0131msal art\u0131klar\u0131n elektrik enerjisine d\u00f6n\u00fc\u015ft\u00fcr\u00fcld\u00fc\u011f\u00fc Adana\u2019da, Pakmil Fabrikas\u0131\u2019n\u0131n faaliyete\u00a0ge\u00e7irdi\u011fi <img loading=\"lazy\" class=\"alignright size-medium wp-image-67316\" src=\"https:\/\/www.enerjigazetesi.ist\/wp-content\/uploads\/2017\/09\/adanada-tarimsal-atiklardan-aylik-1-milyon-kwh-elektrik-elde-ediliyor-300x204.jpg\" alt=\"adanada-tarimsal-atiklardan-aylik-1-milyon-kwh-elektrik-elde-ediliyor\" width=\"300\" height=\"204\" srcset=\"https:\/\/www.enerjigazetesi.ist\/wp-content\/uploads\/2017\/09\/adanada-tarimsal-atiklardan-aylik-1-milyon-kwh-elektrik-elde-ediliyor-300x204.jpg 300w, https:\/\/www.enerjigazetesi.ist\/wp-content\/uploads\/2017\/09\/adanada-tarimsal-atiklardan-aylik-1-milyon-kwh-elektrik-elde-ediliyor-500x340.jpg 500w, https:\/\/www.enerjigazetesi.ist\/wp-content\/uploads\/2017\/09\/adanada-tarimsal-atiklardan-aylik-1-milyon-kwh-elektrik-elde-ediliyor-73x50.jpg 73w, https:\/\/www.enerjigazetesi.ist\/wp-content\/uploads\/2017\/09\/adanada-tarimsal-atiklardan-aylik-1-milyon-kwh-elektrik-elde-ediliyor.jpg 600w\" sizes=\"(max-width: 300px) 100vw, 300px\" \/>\u2018Biyok\u00fctle Tesisi\u2019nde m\u0131s\u0131r an\u0131z\u0131 ba\u015fta olmak \u00fczere pamuk ve ay\u00e7i\u00e7e\u011fi saplar\u0131n\u0131n yak\u0131larak elektrik enerjisine d\u00f6n\u00fc\u015f\u00fcm\u00fc sa\u011flanmaktad\u0131r.<\/span><\/strong><\/p>\n<p>Adana Milletvekili Z\u00fclfikar \u0130n\u00f6n\u00fc T\u00fcmer, her hasat sonras\u0131nda tarlada kalan art\u0131klar\u0131n yak\u0131larak bertaraf edilmesi y\u00f6nteminin sera gaz\u0131 i\u00e7erikli duman ve yanman\u0131n ard\u0131ndan olu\u015fan k\u00fcl\u00fcn r\u00fczgar\u0131n da etkisiyle Adana\u2019n\u0131n tamam\u0131na yay\u0131ld\u0131\u011f\u0131n\u0131 hat\u0131rlatan T\u00fcmer, topra\u011f\u0131n verimlili\u011finin korunmas\u0131, fauna ve floran\u0131n olumsuz etkilenmemesi i\u00e7in an\u0131z yang\u0131nlar\u0131n\u0131n sona ermesi gerekti\u011fini yineledi.<\/p>\n<p>T\u00fcmer, an\u0131z yang\u0131nlar\u0131n\u0131n neden oldu\u011fu hava kirlili\u011finin \u00f6n\u00fcne ge\u00e7ilmesi, vatanda\u015flar\u0131n sa\u011fl\u0131\u011f\u0131n\u0131n d\u00fc\u015f\u00fcn\u00fclmesi, hem de tar\u0131m art\u0131klar\u0131n\u0131n yak\u0131larak heba edilmesinin \u00f6nlenmesi i\u00e7in \u2018Biyok\u00fctle Tesisleri\u2019nin dikkate al\u0131nmas\u0131 gerekti\u011fini de vurgulad\u0131.<\/p>","protected":false},"excerpt":{"rendered":"<p>Sorry, this entry is only available in Turkish. For the sake of viewer convenience, the content is shown below in the alternative language. You may click the link to switch the active language.Tar\u0131msal art\u0131klar\u0131n elektrik enerjisine d\u00f6n\u00fc\u015ft\u00fcr\u00fcld\u00fc\u011f\u00fc Adana\u2019da, Pakmil Fabrikas\u0131\u2019n\u0131n faaliyete\u00a0ge\u00e7irdi\u011fi \u2018Biyok\u00fctle Tesisi\u2019nde m\u0131s\u0131r an\u0131z\u0131 ba\u015fta olmak \u00fczere pamuk ve ay\u00e7i\u00e7e\u011fi saplar\u0131n\u0131n yak\u0131larak elektrik enerjisine [&hellip;]<\/p>\n","protected":false},"author":1,"featured_media":67316,"comment_status":"open","ping_status":"open","sticky":false,"template":"","format":"standard","meta":[],"categories":[22893,53],"tags":[3272,35325,61,19,35326,35327],"views":2106,"_links":{"self":[{"href":"https:\/\/www.enerjigazetesi.ist\/en\/wp-json\/wp\/v2\/posts\/67315"}],"collection":[{"href":"https:\/\/www.enerjigazetesi.ist\/en\/wp-json\/wp\/v2\/posts"}],"about":[{"href":"https:\/\/www.enerjigazetesi.ist\/en\/wp-json\/wp\/v2\/types\/post"}],"author":[{"embeddable":true,"href":"https:\/\/www.enerjigazetesi.ist\/en\/wp-json\/wp\/v2\/users\/1"}],"replies":[{"embeddable":true,"href":"https:\/\/www.enerjigazetesi.ist\/en\/wp-json\/wp\/v2\/comments?post=67315"}],"version-history":[{"count":1,"href":"https:\/\/www.enerjigazetesi.ist\/en\/wp-json\/wp\/v2\/posts\/67315\/revisions"}],"predecessor-version":[{"id":67317,"href":"https:\/\/www.enerjigazetesi.ist\/en\/wp-json\/wp\/v2\/posts\/67315\/revisions\/67317"}],"wp:featuredmedia":[{"embeddable":true,"href":"https:\/\/www.enerjigazetesi.ist\/en\/wp-json\/wp\/v2\/media\/67316"}],"wp:attachment":[{"href":"https:\/\/www.enerjigazetesi.ist\/en\/wp-json\/wp\/v2\/media?parent=67315"}],"wp:term":[{"taxonomy":"category","embeddable":true,"href":"https:\/\/www.enerjigazetesi.ist\/en\/wp-json\/wp\/v2\/categories?post=67315"},{"taxonomy":"post_tag","embeddable":true,"href":"https:\/\/www.enerjigazetesi.ist\/en\/wp-json\/wp\/v2\/tags?post=67315"}],"curies":[{"name":"wp","href":"https:\/\/api.w.org\/{rel}","templated":true}]}}