{"id":67240,"date":"2017-09-09T15:50:42","date_gmt":"2017-09-09T12:50:42","guid":{"rendered":"https:\/\/www.enerjigazetesi.ist\/?p=67240"},"modified":"2017-09-10T20:24:06","modified_gmt":"2017-09-10T17:24:06","slug":"turkiyenin-gunes-enerjisinde-potansiyeli-oldukca-buyuk","status":"publish","type":"post","link":"https:\/\/www.enerjigazetesi.ist\/en\/turkiyenin-gunes-enerjisinde-potansiyeli-oldukca-buyuk\/","title":{"rendered":"(Turkish) T\u00fcrkiye&#8217;nin G\u00fcne\u015f Enerjisindeki Potansiyeli Olduk\u00e7a B\u00fcy\u00fck"},"content":{"rendered":"<p class=\"qtranxs-available-languages-message qtranxs-available-languages-message-en\">Sorry, this entry is only available in <a href=\"https:\/\/www.enerjigazetesi.ist\/tr\/wp-json\/wp\/v2\/posts\/67240\" class=\"qtranxs-available-language-link qtranxs-available-language-link-tr\" title=\"Turkish\">Turkish<\/a>. For the sake of viewer convenience, the content is shown below in the alternative language. You may click the link to switch the active language.<\/p><p><strong><span style=\"color: #0a0a0a;\">AZ Enerji Y\u00f6netim Kurulu Ba\u015fkan\u0131<img loading=\"lazy\" class=\"alignright wp-image-49165 \" src=\"https:\/\/www.enerjigazetesi.ist\/wp-content\/uploads\/2016\/01\/resmi-kurum-tarafindan-yapilan-en-buyuk-cati-ustu-gunes-sistemi.jpg\" alt=\"cati-ustu-gunes-sistemi\" width=\"300\" height=\"248\" \/> Atilla Kesler taraf\u0131ndan \u201cG\u00fcne\u015f enerjisinin T\u00fcrkiye\u2019de b\u00fcy\u00fck potansiyeli mevcut. Bir evin \u00e7at\u0131s\u0131na bo\u015f bir arsaya, fabrika \u00e7at\u0131s\u0131na\u2026 Pazar\u0131n gelece\u011fi konusunda inan\u00e7l\u0131y\u0131z\u201d denildi.<\/span><\/strong><\/p>\n<p><span style=\"color: #0a0a0a;\">Kesler, \u201cAvrupa\u2019da bu sisteme fazlaca te\u015fvik mevcut. T\u00fcrkiye\u2019de bu te\u015fvik elektrik \u015febekelerinin \u00f6zelle\u015ftirilmesinden dolay\u0131 te\u015fvik ger\u00e7ekle\u015fmiyor. Genellikle b\u00fcy\u00fck fabrika ve i\u015fletme sahipleri bu sistemi kurdurup enerjiden tasarruf sa\u011flamaktad\u0131r\u201d\u00a0dedi.<\/span><\/p>\n<p><span style=\"color: #0a0a0a;\">Kesler ayr\u0131ca, 600 kW kurulu g\u00fcce sahip\u00a0bir sistemin maliyetinin yakla\u015f\u0131k 600 bin euro oldu\u011funu belirten\u00a0Arman, &#8220;Ayl\u0131k 50 bin lira elektrik harcayan bir i\u015fletmenin y\u0131lda 600 bin lira harcad\u0131\u011f\u0131n\u0131 g\u00f6z \u00f6n\u00fcnde bulundurursak toplam maliyeti 600 bin euro olan sistem kendini 4 y\u0131lda amorti etmi\u015f oluyor. Sistemin 20 y\u0131l \u00f6mr\u00fc oldu\u011funu d\u00fc\u015f\u00fcn\u00fcld\u00fc\u011f\u00fcm\u00fczde, karl\u0131l\u0131k a\u00e7\u0131k\u00e7a\u00a0ortadad\u0131r&#8221; ifadelerine yer verdi.<\/span><\/p>","protected":false},"excerpt":{"rendered":"<p>Sorry, this entry is only available in Turkish. For the sake of viewer convenience, the content is shown below in the alternative language. You may click the link to switch the active language.AZ Enerji Y\u00f6netim Kurulu Ba\u015fkan\u0131 Atilla Kesler taraf\u0131ndan \u201cG\u00fcne\u015f enerjisinin T\u00fcrkiye\u2019de b\u00fcy\u00fck potansiyeli mevcut. Bir evin \u00e7at\u0131s\u0131na bo\u015f bir arsaya, fabrika \u00e7at\u0131s\u0131na\u2026 Pazar\u0131n [&hellip;]<\/p>\n","protected":false},"author":1,"featured_media":49165,"comment_status":"open","ping_status":"open","sticky":false,"template":"","format":"standard","meta":[],"categories":[53,49,18007],"tags":[2202,2326,13,23416,2569,23133,108,34925,23131],"views":1202,"_links":{"self":[{"href":"https:\/\/www.enerjigazetesi.ist\/en\/wp-json\/wp\/v2\/posts\/67240"}],"collection":[{"href":"https:\/\/www.enerjigazetesi.ist\/en\/wp-json\/wp\/v2\/posts"}],"about":[{"href":"https:\/\/www.enerjigazetesi.ist\/en\/wp-json\/wp\/v2\/types\/post"}],"author":[{"embeddable":true,"href":"https:\/\/www.enerjigazetesi.ist\/en\/wp-json\/wp\/v2\/users\/1"}],"replies":[{"embeddable":true,"href":"https:\/\/www.enerjigazetesi.ist\/en\/wp-json\/wp\/v2\/comments?post=67240"}],"version-history":[{"count":3,"href":"https:\/\/www.enerjigazetesi.ist\/en\/wp-json\/wp\/v2\/posts\/67240\/revisions"}],"predecessor-version":[{"id":67243,"href":"https:\/\/www.enerjigazetesi.ist\/en\/wp-json\/wp\/v2\/posts\/67240\/revisions\/67243"}],"wp:featuredmedia":[{"embeddable":true,"href":"https:\/\/www.enerjigazetesi.ist\/en\/wp-json\/wp\/v2\/media\/49165"}],"wp:attachment":[{"href":"https:\/\/www.enerjigazetesi.ist\/en\/wp-json\/wp\/v2\/media?parent=67240"}],"wp:term":[{"taxonomy":"category","embeddable":true,"href":"https:\/\/www.enerjigazetesi.ist\/en\/wp-json\/wp\/v2\/categories?post=67240"},{"taxonomy":"post_tag","embeddable":true,"href":"https:\/\/www.enerjigazetesi.ist\/en\/wp-json\/wp\/v2\/tags?post=67240"}],"curies":[{"name":"wp","href":"https:\/\/api.w.org\/{rel}","templated":true}]}}