{"id":67169,"date":"2017-09-07T11:00:49","date_gmt":"2017-09-07T08:00:49","guid":{"rendered":"https:\/\/www.enerjigazetesi.ist\/?p=67169"},"modified":"2017-09-15T03:07:26","modified_gmt":"2017-09-15T00:07:26","slug":"enerjide-yerli-ve-milli-atilacak-6-dev-adim-aciklandi","status":"publish","type":"post","link":"https:\/\/www.enerjigazetesi.ist\/en\/enerjide-yerli-ve-milli-atilacak-6-dev-adim-aciklandi\/","title":{"rendered":"(Turkish) Enerjide Yerli ve Milli At\u0131lacak 6 Dev Ad\u0131m A\u00e7\u0131kland\u0131"},"content":{"rendered":"<p class=\"qtranxs-available-languages-message qtranxs-available-languages-message-en\">Sorry, this entry is only available in <a href=\"https:\/\/www.enerjigazetesi.ist\/tr\/wp-json\/wp\/v2\/posts\/67169\" class=\"qtranxs-available-language-link qtranxs-available-language-link-tr\" title=\"Turkish\">Turkish<\/a>. For the sake of viewer convenience, the content is shown below in the alternative language. You may click the link to switch the active language.<\/p><p><strong><span style=\"color: #0a0a0a;\">T\u00fcrkiye&#8217;nin enerji at\u0131l\u0131m\u0131na y\u00f6nelik\u00a0kritik hamle i\u00e7in d\u00fc\u011fmeye bas\u0131ld\u0131. Hedef yerli ve milli enerji hamlesi. \u201cYerli Enerjide YEKA Hamlesi\u201d i\u00e7in \u00e7al\u0131\u015fmalar\u0131nda h\u0131z sa\u011flayan h\u00fck\u00fcmet, yeni d\u00f6nemde uygulanacak 6 \u00f6nemli ad\u0131m\u0131 a\u00e7\u0131klamas\u0131n<a href=\"https:\/\/www.enerjigazetesi.ist\/wp-content\/uploads\/2017\/09\/enerjide-yerli-ve-milli-atilacak-6-dev-adim-aciklandi.jpg\"><img loading=\"lazy\" class=\"alignleft size-medium wp-image-67171\" src=\"https:\/\/www.enerjigazetesi.ist\/wp-content\/uploads\/2017\/09\/enerjide-yerli-ve-milli-atilacak-6-dev-adim-aciklandi-300x200.jpg\" alt=\"enerjide-yerli-ve-milli-atilacak-6-dev-adim-aciklandi\" width=\"300\" height=\"200\" srcset=\"https:\/\/www.enerjigazetesi.ist\/wp-content\/uploads\/2017\/09\/enerjide-yerli-ve-milli-atilacak-6-dev-adim-aciklandi-300x200.jpg 300w, https:\/\/www.enerjigazetesi.ist\/wp-content\/uploads\/2017\/09\/enerjide-yerli-ve-milli-atilacak-6-dev-adim-aciklandi-500x333.jpg 500w, https:\/\/www.enerjigazetesi.ist\/wp-content\/uploads\/2017\/09\/enerjide-yerli-ve-milli-atilacak-6-dev-adim-aciklandi-74x50.jpg 74w, https:\/\/www.enerjigazetesi.ist\/wp-content\/uploads\/2017\/09\/enerjide-yerli-ve-milli-atilacak-6-dev-adim-aciklandi.jpg 731w\" sizes=\"(max-width: 300px) 100vw, 300px\" \/><\/a>\u0131 yapt\u0131.<\/span><\/strong><\/p>\n<p>Haz\u0131rlanan raporda, YEKA projeleri sayesinde do\u011fay\u0131 koruyan, yerli ve yenilenebilir kaynaklar\u0131n elektrik \u00fcretimindeki pay\u0131n\u0131n art\u0131r\u0131lmas\u0131 \u00f6ng\u00f6r\u00fcl\u00fcyor. Teknik personellere y\u00f6nelik yerli kadrolarda uzmanla\u015fman\u0131n yap\u0131lmas\u0131 planlan\u0131yor. Yerli \u00dcretime h\u0131z verilerek, gerek g\u00fcne\u015f enerjisi ve r\u00fczgar santralleri ba\u015fta olmak \u00fczere elektrik \u00fcretiminde yerli \u00fcretimin pay\u0131 h\u0131zla y\u00fckselecek. B\u00f6ylece yenilenebilir enerji santrallerinin \u00fcretim d\u00fczeyleri ciddi\u00a0oranlarda artacak.<\/p>\n<p>D\u0131\u015fa ba\u011f\u0131ml\u0131l\u0131\u011f\u0131n azalt\u0131lmas\u0131yla birlikte yerli \u00fcretimle cari a\u00e7\u0131\u011f\u0131n \u00f6n\u00fcne de ge\u00e7ilecek. Cari a\u00e7\u0131kta olduk\u00e7a b\u00fcy\u00fck bir pay enerji sekt\u00f6r\u00fcne harcanmaktad\u0131r. Yerli ve milli enerji kullan\u0131m\u0131yla en \u00f6nemli hedeflerden birisi cari a\u00e7\u0131\u011f\u0131n d\u00fc\u015f\u00fcr\u00fclmesi olacakt\u0131r.<\/p>","protected":false},"excerpt":{"rendered":"<p>Sorry, this entry is only available in Turkish. For the sake of viewer convenience, the content is shown below in the alternative language. You may click the link to switch the active language.T\u00fcrkiye&#8217;nin enerji at\u0131l\u0131m\u0131na y\u00f6nelik\u00a0kritik hamle i\u00e7in d\u00fc\u011fmeye bas\u0131ld\u0131. Hedef yerli ve milli enerji hamlesi. \u201cYerli Enerjide YEKA Hamlesi\u201d i\u00e7in \u00e7al\u0131\u015fmalar\u0131nda h\u0131z sa\u011flayan h\u00fck\u00fcmet, [&hellip;]<\/p>\n","protected":false},"author":1,"featured_media":67171,"comment_status":"open","ping_status":"open","sticky":false,"template":"","format":"standard","meta":[],"categories":[53,49,50,18007],"tags":[19,67,1009,34923,23311,13,23416,33702,24949,5131,25578,26829,2469,35274],"views":1464,"_links":{"self":[{"href":"https:\/\/www.enerjigazetesi.ist\/en\/wp-json\/wp\/v2\/posts\/67169"}],"collection":[{"href":"https:\/\/www.enerjigazetesi.ist\/en\/wp-json\/wp\/v2\/posts"}],"about":[{"href":"https:\/\/www.enerjigazetesi.ist\/en\/wp-json\/wp\/v2\/types\/post"}],"author":[{"embeddable":true,"href":"https:\/\/www.enerjigazetesi.ist\/en\/wp-json\/wp\/v2\/users\/1"}],"replies":[{"embeddable":true,"href":"https:\/\/www.enerjigazetesi.ist\/en\/wp-json\/wp\/v2\/comments?post=67169"}],"version-history":[{"count":1,"href":"https:\/\/www.enerjigazetesi.ist\/en\/wp-json\/wp\/v2\/posts\/67169\/revisions"}],"predecessor-version":[{"id":67172,"href":"https:\/\/www.enerjigazetesi.ist\/en\/wp-json\/wp\/v2\/posts\/67169\/revisions\/67172"}],"wp:featuredmedia":[{"embeddable":true,"href":"https:\/\/www.enerjigazetesi.ist\/en\/wp-json\/wp\/v2\/media\/67171"}],"wp:attachment":[{"href":"https:\/\/www.enerjigazetesi.ist\/en\/wp-json\/wp\/v2\/media?parent=67169"}],"wp:term":[{"taxonomy":"category","embeddable":true,"href":"https:\/\/www.enerjigazetesi.ist\/en\/wp-json\/wp\/v2\/categories?post=67169"},{"taxonomy":"post_tag","embeddable":true,"href":"https:\/\/www.enerjigazetesi.ist\/en\/wp-json\/wp\/v2\/tags?post=67169"}],"curies":[{"name":"wp","href":"https:\/\/api.w.org\/{rel}","templated":true}]}}