{"id":67115,"date":"2017-09-05T15:02:51","date_gmt":"2017-09-05T12:02:51","guid":{"rendered":"https:\/\/www.enerjigazetesi.ist\/?p=67115"},"modified":"2017-09-05T15:11:06","modified_gmt":"2017-09-05T12:11:06","slug":"artik-su-isitma-ve-elektrik-icin-ayri-paneller-kurmaya-gerek-kalmiyor","status":"publish","type":"post","link":"https:\/\/www.enerjigazetesi.ist\/en\/artik-su-isitma-ve-elektrik-icin-ayri-paneller-kurmaya-gerek-kalmiyor\/","title":{"rendered":"(Turkish) Art\u0131k Su Is\u0131tma ve Elektrik \u0130\u00e7in Ayr\u0131 Paneller Kurmaya Gerek Kalm\u0131yor!"},"content":{"rendered":"<p class=\"qtranxs-available-languages-message qtranxs-available-languages-message-en\">Sorry, this entry is only available in <a href=\"https:\/\/www.enerjigazetesi.ist\/tr\/wp-json\/wp\/v2\/posts\/67115\" class=\"qtranxs-available-language-link qtranxs-available-language-link-tr\" title=\"Turkish\">Turkish<\/a>. For the sake of viewer convenience, the content is shown below in the alternative language. You may click the link to switch the active language.<\/p><p><strong><span style=\"color: #0a0a0a;\">T\u00fcrkiye\u2019nin ilk tekstil profes\u00f6rlerinden olan Prof. Dr. Tarak\u00e7\u0131o\u011flu taraf\u0131ndan g\u00fcne\u015f panellerindeki \u0131s\u0131nma sorununa tekstil malzemeleri ile \u00e7\u00f6z\u00fcm sa\u011flanarak, ayn\u0131 anda elektrik ve\u00a0s\u0131cak su \u00fcretimi yapan panel geli\u015ftirildi.<\/span><\/strong><\/p>\n<p>Tarak\u00e7\u0131o\u011flu, \u201cSorunun \u00e7\u00f6z\u00fcm\u00fcne y\u00f6nelik su ile so\u011futma sa\u011flayan hibrit panel yapt\u0131m. Bak\u0131r levha ve borular\u0131n<a href=\"https:\/\/www.enerjigazetesi.ist\/wp-content\/uploads\/2017\/09\/artik-su-isitma-ve-elektrik-icin-ayri-paneller-kurmaya-gerek-kalmiyor.jpg\"><img loading=\"lazy\" class=\"alignright size-medium wp-image-67116\" src=\"https:\/\/www.enerjigazetesi.ist\/wp-content\/uploads\/2017\/09\/artik-su-isitma-ve-elektrik-icin-ayri-paneller-kurmaya-gerek-kalmiyor-300x154.jpg\" alt=\"artik-su-isitma-ve-elektrik-icin-ayri-paneller-kurmaya-gerek-kalmiyor\" width=\"300\" height=\"154\" srcset=\"https:\/\/www.enerjigazetesi.ist\/wp-content\/uploads\/2017\/09\/artik-su-isitma-ve-elektrik-icin-ayri-paneller-kurmaya-gerek-kalmiyor-300x154.jpg 300w, https:\/\/www.enerjigazetesi.ist\/wp-content\/uploads\/2017\/09\/artik-su-isitma-ve-elektrik-icin-ayri-paneller-kurmaya-gerek-kalmiyor-500x257.jpg 500w, https:\/\/www.enerjigazetesi.ist\/wp-content\/uploads\/2017\/09\/artik-su-isitma-ve-elektrik-icin-ayri-paneller-kurmaya-gerek-kalmiyor-80x41.jpg 80w, https:\/\/www.enerjigazetesi.ist\/wp-content\/uploads\/2017\/09\/artik-su-isitma-ve-elektrik-icin-ayri-paneller-kurmaya-gerek-kalmiyor.jpg 728w\" sizes=\"(max-width: 300px) 100vw, 300px\" \/><\/a> kullan\u0131ld\u0131\u011f\u0131 i\u00e7in bu panel maliyetini y\u00fczde 150 oran\u0131nda y\u00fckseltmektedir. Geli\u015ftirilen tekstil malzemesini panellerin arkas\u0131na koyarak\u00a0bak\u0131r borulu sistemle ayn\u0131 verimi elde ettim. Olduk\u00e7a\u00a0ucuz ve verimli bir \u015fekilde daha \u00e7ok\u00a0elektrik verimi, uzun kullan\u0131m \u00f6mr\u00fc ve s\u0131cak suyu birlikte sa\u011fl\u0131yoruz. Su ve elektrik i\u00e7in ayr\u0131 panel kurmaya gerek bulunmamaktad\u0131r\u201d\u00a0ifadelerini kulland\u0131.<\/p>\n<p>1 kw g\u00fcc\u00fcndeki\u00a0klasik bir panel de maliyet 1000 Euro civarlar\u0131ndayken, geli\u015ftirilen hibrit panel de ise maliyet\u00a01.150 Euro dolaylar\u0131ndad\u0131r. Klimas\u0131 olmayan bir ev i\u00e7in ortalama 2-3 kw&#8217;l\u0131k g\u00fcne\u015f\u00a0paneli\u00a0yetmektedir. Bunun i\u00e7inde 2-3 bin euro bir b\u00fct\u00e7e ay\u0131rmak\u00a0gerekmektedir.<\/p>\n<p>Haberin <a href=\"http:\/\/enerjienstitusu.com\/2017\/09\/05\/su-icin-ayri-elektrik-icin-ayri-panel-kurmaya-gerek-yok\/\" target=\"_blank\" rel=\"nofollow\">Devam\u0131 \u0130\u00e7in TIKLAYINIZ&gt;&gt;&gt;<\/a><\/p>","protected":false},"excerpt":{"rendered":"<p>Sorry, this entry is only available in Turkish. For the sake of viewer convenience, the content is shown below in the alternative language. You may click the link to switch the active language.T\u00fcrkiye\u2019nin ilk tekstil profes\u00f6rlerinden olan Prof. Dr. Tarak\u00e7\u0131o\u011flu taraf\u0131ndan g\u00fcne\u015f panellerindeki \u0131s\u0131nma sorununa tekstil malzemeleri ile \u00e7\u00f6z\u00fcm sa\u011flanarak, ayn\u0131 anda elektrik ve\u00a0s\u0131cak su [&hellip;]<\/p>\n","protected":false},"author":1,"featured_media":67116,"comment_status":"open","ping_status":"open","sticky":false,"template":"","format":"standard","meta":[],"categories":[53,49],"tags":[68,67,1009,34923,23311,9615,23416,23133,34925,23131,35256,35255,679,17942,1971,105],"views":1428,"_links":{"self":[{"href":"https:\/\/www.enerjigazetesi.ist\/en\/wp-json\/wp\/v2\/posts\/67115"}],"collection":[{"href":"https:\/\/www.enerjigazetesi.ist\/en\/wp-json\/wp\/v2\/posts"}],"about":[{"href":"https:\/\/www.enerjigazetesi.ist\/en\/wp-json\/wp\/v2\/types\/post"}],"author":[{"embeddable":true,"href":"https:\/\/www.enerjigazetesi.ist\/en\/wp-json\/wp\/v2\/users\/1"}],"replies":[{"embeddable":true,"href":"https:\/\/www.enerjigazetesi.ist\/en\/wp-json\/wp\/v2\/comments?post=67115"}],"version-history":[{"count":6,"href":"https:\/\/www.enerjigazetesi.ist\/en\/wp-json\/wp\/v2\/posts\/67115\/revisions"}],"predecessor-version":[{"id":67122,"href":"https:\/\/www.enerjigazetesi.ist\/en\/wp-json\/wp\/v2\/posts\/67115\/revisions\/67122"}],"wp:featuredmedia":[{"embeddable":true,"href":"https:\/\/www.enerjigazetesi.ist\/en\/wp-json\/wp\/v2\/media\/67116"}],"wp:attachment":[{"href":"https:\/\/www.enerjigazetesi.ist\/en\/wp-json\/wp\/v2\/media?parent=67115"}],"wp:term":[{"taxonomy":"category","embeddable":true,"href":"https:\/\/www.enerjigazetesi.ist\/en\/wp-json\/wp\/v2\/categories?post=67115"},{"taxonomy":"post_tag","embeddable":true,"href":"https:\/\/www.enerjigazetesi.ist\/en\/wp-json\/wp\/v2\/tags?post=67115"}],"curies":[{"name":"wp","href":"https:\/\/api.w.org\/{rel}","templated":true}]}}