{"id":67055,"date":"2017-09-03T15:00:03","date_gmt":"2017-09-03T12:00:03","guid":{"rendered":"https:\/\/www.enerjigazetesi.ist\/?p=67055"},"modified":"2017-09-03T15:00:03","modified_gmt":"2017-09-03T12:00:03","slug":"edremit-burhaniye-ve-ayvaliktaki-6-jeotermal-saha-icin-ihale-yapilacak","status":"publish","type":"post","link":"https:\/\/www.enerjigazetesi.ist\/en\/edremit-burhaniye-ve-ayvaliktaki-6-jeotermal-saha-icin-ihale-yapilacak\/","title":{"rendered":"(Turkish) Edremit, Burhaniye ve Ayval\u0131k&#8217;taki 6 Jeotermal Saha \u0130\u00e7in \u0130hale Yap\u0131lacak"},"content":{"rendered":"<p class=\"qtranxs-available-languages-message qtranxs-available-languages-message-en\">Sorry, this entry is only available in <a href=\"https:\/\/www.enerjigazetesi.ist\/tr\/wp-json\/wp\/v2\/posts\/67055\" class=\"qtranxs-available-language-link qtranxs-available-language-link-tr\" title=\"Turkish\">Turkish<\/a>. For the sake of viewer convenience, the content is shown below in the alternative language. You may click the link to switch the active language.<\/p><p><strong>Bal\u0131kesir Valili\u011f<a href=\"https:\/\/www.enerjigazetesi.ist\/wp-content\/uploads\/2013\/05\/jeotermal-saha-ihalesi-Ankara.jpg\"><img loading=\"lazy\" class=\"alignleft size-medium wp-image-11234\" src=\"https:\/\/www.enerjigazetesi.ist\/wp-content\/uploads\/2013\/05\/jeotermal-saha-ihalesi-Ankara-300x225.jpg\" alt=\"jeotermal-saha-ihalesi-Ankara\" width=\"300\" height=\"225\" srcset=\"https:\/\/www.enerjigazetesi.ist\/wp-content\/uploads\/2013\/05\/jeotermal-saha-ihalesi-Ankara-300x225.jpg 300w, https:\/\/www.enerjigazetesi.ist\/wp-content\/uploads\/2013\/05\/jeotermal-saha-ihalesi-Ankara-500x375.jpg 500w, https:\/\/www.enerjigazetesi.ist\/wp-content\/uploads\/2013\/05\/jeotermal-saha-ihalesi-Ankara-66x50.jpg 66w, https:\/\/www.enerjigazetesi.ist\/wp-content\/uploads\/2013\/05\/jeotermal-saha-ihalesi-Ankara.jpg 600w\" sizes=\"(max-width: 300px) 100vw, 300px\" \/><\/a>i Yat\u0131r\u0131m \u0130zleme ve Koordinasyon Ba\u015fkanl\u0131\u011f\u0131 taraf\u0131ndan \u00fc\u00e7\u00fc Edremit, ikisi Burhaniye ve biri de Ayval\u0131k\u2019ta bulunan 6 jeotermal ruhsatl\u0131 saha \u00f6zel sekt\u00f6re devredilmek \u00fczere ihaleye \u00e7\u0131kar\u0131ld\u0131.<\/strong><\/p>\n<p>Yap\u0131lacak ihaleler 13 Eyl\u00fcl 2017\u00a0saat 14:00\u2019ten itibaren 20\u2019\u015fer dakikal\u0131k aralar ile\u00a0arka arkaya ger\u00e7ekle\u015ftirilecek. \u0130hale Bal\u0131kesir Yat\u0131r\u0131m \u0130zleme ve Koordinasyon Ba\u015fkanl\u0131\u011f\u0131&#8217;n\u0131n ihale salonunda ( Karesi Mahallesi Dokumac\u0131lar Sokak No: 8\/A Karesi\/BALIKES\u0130R )\u00a0yap\u0131lacak.<\/p>\n<p>Edremit s\u0131n\u0131rlar\u0131 i\u00e7indeki sahalar\u0131n muhammen bedeli\u00a029 bin 558,33 TL,\u00a0Burhaniye s\u0131n\u0131rlar\u0131ndaki saha muhammen bedeli\u00a037 bin 400,84 TL ve\u00a0Ayval\u0131k&#8217;taki sahan\u0131n muhammen bedeli ise 97 bin 429,11 TL olarak belirlendi.<\/p>","protected":false},"excerpt":{"rendered":"<p>Sorry, this entry is only available in Turkish. For the sake of viewer convenience, the content is shown below in the alternative language. You may click the link to switch the active language.Bal\u0131kesir Valili\u011fi Yat\u0131r\u0131m \u0130zleme ve Koordinasyon Ba\u015fkanl\u0131\u011f\u0131 taraf\u0131ndan \u00fc\u00e7\u00fc Edremit, ikisi Burhaniye ve biri de Ayval\u0131k\u2019ta bulunan 6 jeotermal ruhsatl\u0131 saha \u00f6zel sekt\u00f6re [&hellip;]<\/p>\n","protected":false},"author":1,"featured_media":11234,"comment_status":"open","ping_status":"open","sticky":false,"template":"","format":"standard","meta":[],"categories":[53,48],"tags":[35226,3613,35228,35227,67,1009,34923,23311,2054,58,16077,23226,35225,34986,34985],"views":2284,"_links":{"self":[{"href":"https:\/\/www.enerjigazetesi.ist\/en\/wp-json\/wp\/v2\/posts\/67055"}],"collection":[{"href":"https:\/\/www.enerjigazetesi.ist\/en\/wp-json\/wp\/v2\/posts"}],"about":[{"href":"https:\/\/www.enerjigazetesi.ist\/en\/wp-json\/wp\/v2\/types\/post"}],"author":[{"embeddable":true,"href":"https:\/\/www.enerjigazetesi.ist\/en\/wp-json\/wp\/v2\/users\/1"}],"replies":[{"embeddable":true,"href":"https:\/\/www.enerjigazetesi.ist\/en\/wp-json\/wp\/v2\/comments?post=67055"}],"version-history":[{"count":1,"href":"https:\/\/www.enerjigazetesi.ist\/en\/wp-json\/wp\/v2\/posts\/67055\/revisions"}],"predecessor-version":[{"id":67056,"href":"https:\/\/www.enerjigazetesi.ist\/en\/wp-json\/wp\/v2\/posts\/67055\/revisions\/67056"}],"wp:featuredmedia":[{"embeddable":true,"href":"https:\/\/www.enerjigazetesi.ist\/en\/wp-json\/wp\/v2\/media\/11234"}],"wp:attachment":[{"href":"https:\/\/www.enerjigazetesi.ist\/en\/wp-json\/wp\/v2\/media?parent=67055"}],"wp:term":[{"taxonomy":"category","embeddable":true,"href":"https:\/\/www.enerjigazetesi.ist\/en\/wp-json\/wp\/v2\/categories?post=67055"},{"taxonomy":"post_tag","embeddable":true,"href":"https:\/\/www.enerjigazetesi.ist\/en\/wp-json\/wp\/v2\/tags?post=67055"}],"curies":[{"name":"wp","href":"https:\/\/api.w.org\/{rel}","templated":true}]}}