{"id":67048,"date":"2017-09-03T13:45:29","date_gmt":"2017-09-03T10:45:29","guid":{"rendered":"https:\/\/www.enerjigazetesi.ist\/?p=67048"},"modified":"2017-09-04T13:51:32","modified_gmt":"2017-09-04T10:51:32","slug":"italya-gunes-enerjisinde-20-gw-sinirlarinda","status":"publish","type":"post","link":"https:\/\/www.enerjigazetesi.ist\/en\/italya-gunes-enerjisinde-20-gw-sinirlarinda\/","title":{"rendered":"(Turkish) \u0130talya G\u00fcne\u015f Enerjisi&#8217;nde 20 GW S\u0131n\u0131rlar\u0131nda&#8230;"},"content":{"rendered":"<p class=\"qtranxs-available-languages-message qtranxs-available-languages-message-en\">Sorry, this entry is only available in <a href=\"https:\/\/www.enerjigazetesi.ist\/tr\/wp-json\/wp\/v2\/posts\/67048\" class=\"qtranxs-available-language-link qtranxs-available-language-link-tr\" title=\"Turkish\">Turkish<\/a>. For the sake of viewer convenience, the content is shown below in the alternative language. You may click the link to switch the active language.<\/p><p><\/p>\n<p style=\"color: #222222;\"><strong>\u0130talya\u2019da g\u00fcne\u015f\u00a0enerjisi elektrik \u00fcretim kapasitesi 2017 y\u0131l\u0131n\u0131n ilk alt\u0131 ay\u0131 i\u00e7inde 233,6 MW artt\u0131.<\/strong><\/p>\n<p>\u0130talyan yenilenebili<a href=\"https:\/\/www.enerjigazetesi.ist\/wp-content\/uploads\/2017\/09\/italya-gunes-enerjisinde-20-gw-sinirlarinda.jpg\"><img loading=\"lazy\" class=\"alignleft size-medium wp-image-67049\" src=\"https:\/\/www.enerjigazetesi.ist\/wp-content\/uploads\/2017\/09\/italya-gunes-enerjisinde-20-gw-sinirlarinda-300x161.jpg\" alt=\"italya-gunes-enerjisinde-20-gw-sinirlarinda\" width=\"300\" height=\"161\" srcset=\"https:\/\/www.enerjigazetesi.ist\/wp-content\/uploads\/2017\/09\/italya-gunes-enerjisinde-20-gw-sinirlarinda-300x161.jpg 300w, https:\/\/www.enerjigazetesi.ist\/wp-content\/uploads\/2017\/09\/italya-gunes-enerjisinde-20-gw-sinirlarinda-80x43.jpg 80w, https:\/\/www.enerjigazetesi.ist\/wp-content\/uploads\/2017\/09\/italya-gunes-enerjisinde-20-gw-sinirlarinda.jpg 460w\" sizes=\"(max-width: 300px) 100vw, 300px\" \/><\/a>r enerji birli\u011fi Anie Rinnovabili&#8217;nin a\u00e7\u0131klamas\u0131nda, hen\u00fcz kesinle\u015fmemi\u015f verilere\u00a0g\u00f6re bu art\u0131\u015f\u0131n 73,4 MW\u2019l\u0131k b\u00f6l\u00fcm\u00fcn\u00fc 10 kW alt\u0131, 65,3 MW\u2019l\u0131k b\u00f6l\u00fcm\u00fcn\u00fc ise 1 MW ve \u00fczeri g\u00fcce sahip olan sistem kurulumlar\u0131\u00a0meydana getirdi.<\/p>\n<p>\u0130talya\u2019n\u0131n g\u00fcne\u015f elektri\u011fi g\u00fcc\u00fc 2016 y\u0131l\u0131n\u0131n ilk alt\u0131 ayl\u0131k d\u00f6neminde 201 MW, 2015 y\u0131l\u0131n\u0131n ilk alt\u0131 ayl\u0131k d\u00f6neminde ise 134 MW art\u0131\u015f kaydetti. \u00dclkenin g\u00fcne\u015f enerjisi alan\u0131ndaki elektrik \u00fcretim kapasitesi ise 2016 y\u0131l\u0131 sonu itibariyle 19,28 GW\u00a0g\u00fcc\u00fcndeydi.<\/p>","protected":false},"excerpt":{"rendered":"<p>Sorry, this entry is only available in Turkish. For the sake of viewer convenience, the content is shown below in the alternative language. You may click the link to switch the active language. \u0130talya\u2019da g\u00fcne\u015f\u00a0enerjisi elektrik \u00fcretim kapasitesi 2017 y\u0131l\u0131n\u0131n ilk alt\u0131 ay\u0131 i\u00e7inde 233,6 MW artt\u0131. \u0130talyan yenilenebilir enerji birli\u011fi Anie Rinnovabili&#8217;nin a\u00e7\u0131klamas\u0131nda, hen\u00fcz [&hellip;]<\/p>\n","protected":false},"author":1,"featured_media":67049,"comment_status":"open","ping_status":"open","sticky":false,"template":"","format":"standard","meta":[],"categories":[53,49],"tags":[31079,67,1009,34923,23311,2326,8724,23416,23133,34925,2401,23131,7853,26829],"views":1005,"_links":{"self":[{"href":"https:\/\/www.enerjigazetesi.ist\/en\/wp-json\/wp\/v2\/posts\/67048"}],"collection":[{"href":"https:\/\/www.enerjigazetesi.ist\/en\/wp-json\/wp\/v2\/posts"}],"about":[{"href":"https:\/\/www.enerjigazetesi.ist\/en\/wp-json\/wp\/v2\/types\/post"}],"author":[{"embeddable":true,"href":"https:\/\/www.enerjigazetesi.ist\/en\/wp-json\/wp\/v2\/users\/1"}],"replies":[{"embeddable":true,"href":"https:\/\/www.enerjigazetesi.ist\/en\/wp-json\/wp\/v2\/comments?post=67048"}],"version-history":[{"count":2,"href":"https:\/\/www.enerjigazetesi.ist\/en\/wp-json\/wp\/v2\/posts\/67048\/revisions"}],"predecessor-version":[{"id":67051,"href":"https:\/\/www.enerjigazetesi.ist\/en\/wp-json\/wp\/v2\/posts\/67048\/revisions\/67051"}],"wp:featuredmedia":[{"embeddable":true,"href":"https:\/\/www.enerjigazetesi.ist\/en\/wp-json\/wp\/v2\/media\/67049"}],"wp:attachment":[{"href":"https:\/\/www.enerjigazetesi.ist\/en\/wp-json\/wp\/v2\/media?parent=67048"}],"wp:term":[{"taxonomy":"category","embeddable":true,"href":"https:\/\/www.enerjigazetesi.ist\/en\/wp-json\/wp\/v2\/categories?post=67048"},{"taxonomy":"post_tag","embeddable":true,"href":"https:\/\/www.enerjigazetesi.ist\/en\/wp-json\/wp\/v2\/tags?post=67048"}],"curies":[{"name":"wp","href":"https:\/\/api.w.org\/{rel}","templated":true}]}}