{"id":66998,"date":"2017-09-01T11:51:18","date_gmt":"2017-09-01T08:51:18","guid":{"rendered":"https:\/\/www.enerjigazetesi.ist\/?p=66998"},"modified":"2017-09-01T11:51:18","modified_gmt":"2017-09-01T08:51:18","slug":"siemens-turkiye-ile-2071e-uzanan-projelerinde-icinde-olacagiz","status":"publish","type":"post","link":"https:\/\/www.enerjigazetesi.ist\/en\/siemens-turkiye-ile-2071e-uzanan-projelerinde-icinde-olacagiz\/","title":{"rendered":"(Turkish) Siemens: \u201cT\u00fcrkiye \u0130le 2071&#8217;e Uzanan Projelerinde \u0130\u00e7inde Olaca\u011f\u0131z\u201d"},"content":{"rendered":"<p class=\"qtranxs-available-languages-message qtranxs-available-languages-message-en\">Sorry, this entry is only available in <a href=\"https:\/\/www.enerjigazetesi.ist\/tr\/wp-json\/wp\/v2\/posts\/66998\" class=\"qtranxs-available-language-link qtranxs-available-language-link-tr\" title=\"Turkish\">Turkish<\/a>. For the sake of viewer convenience, the content is shown below in the alternative language. You may click the link to switch the active language.<\/p><p><strong><span style=\"color: #0a0a0a;\">Siemens Energy CEO\u2019su Hakan Y\u0131ld\u0131r\u0131m taraf\u0131ndan 160 senedir\u00a0T\u00fcrkiye\u2019de olduklar\u0131 ifade edilerek, 2071 y\u0131l\u0131na uzanan projelerin i\u00e7ind<a href=\"https:\/\/www.enerjigazetesi.ist\/wp-content\/uploads\/2016\/06\/siemens-ve-gamesa-birlesiyor-ve-ruzgarda-bir-dunya-lideri-doguyor.jpg\"><img loading=\"lazy\" class=\"alignleft size-full wp-image-54588\" src=\"https:\/\/www.enerjigazetesi.ist\/wp-content\/uploads\/2016\/06\/siemens-ve-gamesa-birlesiyor-ve-ruzgarda-bir-dunya-lideri-doguyor.jpg\" alt=\"Siemens D3 Windenergieanlagen f\u00fcr den Windpark &quot;Les Gourlus&quot; \/ Siemens D3 wind turbines for the Les Gourlus wind farm\" width=\"288\" height=\"199\" srcset=\"https:\/\/www.enerjigazetesi.ist\/wp-content\/uploads\/2016\/06\/siemens-ve-gamesa-birlesiyor-ve-ruzgarda-bir-dunya-lideri-doguyor.jpg 288w, https:\/\/www.enerjigazetesi.ist\/wp-content\/uploads\/2016\/06\/siemens-ve-gamesa-birlesiyor-ve-ruzgarda-bir-dunya-lideri-doguyor-72x50.jpg 72w\" sizes=\"(max-width: 288px) 100vw, 288px\" \/><\/a>e de yer alacaklar\u0131 belirtildi.<\/span><\/strong><\/p>\n<p>Y\u0131ld\u0131r\u0131m, \u201cYEKA\u2019larda olmaya elbette ki s\u00fcrd\u00fcrece\u011fiz. Siemens 160 y\u0131ld\u0131r\u00a0T\u00fcrkiye\u2019de faaliyet g\u00f6stermektedir. YEKA\u2019y\u0131 kazanm\u0131\u015f bir \u015firket olarak \u00f6n\u00fcm\u00fczdeki 15 sene boyunca da ilgili bakanl\u0131\u011fa kar\u015f\u0131 y\u00fck\u00fcml\u00fcl\u00fc\u011f\u00fcm\u00fcz mevcuttur. T\u00fcrkiye\u2019de uzun vadeli projelerde yer almay\u0131 s\u00fcrd\u00fcrece\u011fiz\u201d dedi.<\/p>\n<p>YEKA projesi kapsam\u0131nda kullan\u0131lacak y\u00fcksek teknolojinin ayr\u0131nt\u0131lar\u0131n\u0131 da ula\u015f\u0131ld\u0131. \u2018Direct-drive\u2019 teknolojisiyle d\u00fcnyan\u0131n en uzun tek par\u00e7a fiberglas kanat \u00fcretimi yap\u0131lacak. Kanat ve kuleler \u00f6zel malzeme ve form\u00fcller ile hafifleterek g\u00fc\u00e7lendirilecek.\u00a0Proje kapsam\u0131nda uzun ve geni\u015f kanatl\u0131 r\u00fczg\u00e2r g\u00fclleri T\u00fcrkiye\u2019de kullan\u0131lacak.<\/p>","protected":false},"excerpt":{"rendered":"<p>Sorry, this entry is only available in Turkish. For the sake of viewer convenience, the content is shown below in the alternative language. You may click the link to switch the active language.Siemens Energy CEO\u2019su Hakan Y\u0131ld\u0131r\u0131m taraf\u0131ndan 160 senedir\u00a0T\u00fcrkiye\u2019de olduklar\u0131 ifade edilerek, 2071 y\u0131l\u0131na uzanan projelerin i\u00e7inde de yer alacaklar\u0131 belirtildi. Y\u0131ld\u0131r\u0131m, \u201cYEKA\u2019larda olmaya [&hellip;]<\/p>\n","protected":false},"author":1,"featured_media":54588,"comment_status":"open","ping_status":"open","sticky":false,"template":"","format":"standard","meta":[],"categories":[53,50],"tags":[21812,67,1009,34923,23311,24949,23318,34961,34960,1053,35204,25578,31711],"views":1387,"_links":{"self":[{"href":"https:\/\/www.enerjigazetesi.ist\/en\/wp-json\/wp\/v2\/posts\/66998"}],"collection":[{"href":"https:\/\/www.enerjigazetesi.ist\/en\/wp-json\/wp\/v2\/posts"}],"about":[{"href":"https:\/\/www.enerjigazetesi.ist\/en\/wp-json\/wp\/v2\/types\/post"}],"author":[{"embeddable":true,"href":"https:\/\/www.enerjigazetesi.ist\/en\/wp-json\/wp\/v2\/users\/1"}],"replies":[{"embeddable":true,"href":"https:\/\/www.enerjigazetesi.ist\/en\/wp-json\/wp\/v2\/comments?post=66998"}],"version-history":[{"count":1,"href":"https:\/\/www.enerjigazetesi.ist\/en\/wp-json\/wp\/v2\/posts\/66998\/revisions"}],"predecessor-version":[{"id":66999,"href":"https:\/\/www.enerjigazetesi.ist\/en\/wp-json\/wp\/v2\/posts\/66998\/revisions\/66999"}],"wp:featuredmedia":[{"embeddable":true,"href":"https:\/\/www.enerjigazetesi.ist\/en\/wp-json\/wp\/v2\/media\/54588"}],"wp:attachment":[{"href":"https:\/\/www.enerjigazetesi.ist\/en\/wp-json\/wp\/v2\/media?parent=66998"}],"wp:term":[{"taxonomy":"category","embeddable":true,"href":"https:\/\/www.enerjigazetesi.ist\/en\/wp-json\/wp\/v2\/categories?post=66998"},{"taxonomy":"post_tag","embeddable":true,"href":"https:\/\/www.enerjigazetesi.ist\/en\/wp-json\/wp\/v2\/tags?post=66998"}],"curies":[{"name":"wp","href":"https:\/\/api.w.org\/{rel}","templated":true}]}}