{"id":66771,"date":"2017-08-23T14:51:57","date_gmt":"2017-08-23T11:51:57","guid":{"rendered":"https:\/\/www.enerjigazetesi.ist\/?p=66771"},"modified":"2017-08-23T14:51:57","modified_gmt":"2017-08-23T11:51:57","slug":"ispanyadan-3-9-gwlik-gunes-yatirimi-icin-kapasite-tahsisi","status":"publish","type":"post","link":"https:\/\/www.enerjigazetesi.ist\/en\/ispanyadan-3-9-gwlik-gunes-yatirimi-icin-kapasite-tahsisi\/","title":{"rendered":"(Turkish) \u0130spanya&#8217;dan 3,9 GW\u2019l\u0131k G\u00fcne\u015f Yat\u0131r\u0131m\u0131 \u0130\u00e7in Kapasite Tahsisi"},"content":{"rendered":"<p class=\"qtranxs-available-languages-message qtranxs-available-languages-message-en\">Sorry, this entry is only available in <a href=\"https:\/\/www.enerjigazetesi.ist\/tr\/wp-json\/wp\/v2\/posts\/66771\" class=\"qtranxs-available-language-link qtranxs-available-language-link-tr\" title=\"Turkish\">Turkish<\/a>. For the sake of viewer convenience, the content is shown below in the alternative language. You may click the link to switch the active language.<\/p><p><\/p>\n<p style=\"color: #222222;\"><strong>\u0130spanya Ener<a href=\"https:\/\/www.enerjigazetesi.ist\/wp-content\/uploads\/2017\/08\/ispanyadan-39-gwlik-gunes-yatirimi-icin-kapasite-tahsisi.jpg\"><img loading=\"lazy\" class=\"alignleft size-medium wp-image-66772\" src=\"https:\/\/www.enerjigazetesi.ist\/wp-content\/uploads\/2017\/08\/ispanyadan-39-gwlik-gunes-yatirimi-icin-kapasite-tahsisi-300x193.jpg\" alt=\"ispanyadan-39-gwlik-gunes-yatirimi-icin-kapasite-tahsisi\" width=\"300\" height=\"193\" srcset=\"https:\/\/www.enerjigazetesi.ist\/wp-content\/uploads\/2017\/08\/ispanyadan-39-gwlik-gunes-yatirimi-icin-kapasite-tahsisi-300x193.jpg 300w, https:\/\/www.enerjigazetesi.ist\/wp-content\/uploads\/2017\/08\/ispanyadan-39-gwlik-gunes-yatirimi-icin-kapasite-tahsisi-500x323.jpg 500w, https:\/\/www.enerjigazetesi.ist\/wp-content\/uploads\/2017\/08\/ispanyadan-39-gwlik-gunes-yatirimi-icin-kapasite-tahsisi-77x50.jpg 77w, https:\/\/www.enerjigazetesi.ist\/wp-content\/uploads\/2017\/08\/ispanyadan-39-gwlik-gunes-yatirimi-icin-kapasite-tahsisi.jpg 650w\" sizes=\"(max-width: 300px) 100vw, 300px\" \/><\/a>ji Bakanl\u0131\u011f\u0131 taraf\u0131ndan 3,9 GW\u2019l\u0131k g\u00fcne\u015f enerjisi yat\u0131r\u0131m\u0131na y\u00f6nelik izin\u00a0verildi.<\/strong><\/p>\n<p>Ge\u00e7en ay sonu r\u00fczgar ve g\u00fcne\u015f enerjisi yat\u0131r\u0131mlar\u0131na y\u00f6nelik 5 GW\u2019l\u0131k kapasite hakk\u0131 izni i\u00e7in ger\u00e7ekle\u015ftirilen ihalede izinler sa\u011fland\u0131. \u0130hale g\u00fcne\u015f enerjisi i\u00e7in 3 GW\u2019l\u0131k kapasite s\u0131n\u0131r\u0131yla ba\u015flamas\u0131na ra\u011fmen, gelen y\u00fcksek talep nedeniyle sa\u011flanan toplam kapasite 3.909 MW oldu.<\/p>\n<p>Bakanl\u0131k&#8217;tan yap\u0131lan\u00a0yaz\u0131l\u0131 a\u00e7\u0131klamaya g\u00f6re\u00a0ihale sonucunda 30 ayr\u0131 \u015firket, 100 kW ile 1.550 MW aras\u0131nda de\u011fi\u015fen d\u00fczeylerde kapasite hakk\u0131 elde etti.<\/p>","protected":false},"excerpt":{"rendered":"<p>Sorry, this entry is only available in Turkish. For the sake of viewer convenience, the content is shown below in the alternative language. You may click the link to switch the active language. \u0130spanya Enerji Bakanl\u0131\u011f\u0131 taraf\u0131ndan 3,9 GW\u2019l\u0131k g\u00fcne\u015f enerjisi yat\u0131r\u0131m\u0131na y\u00f6nelik izin\u00a0verildi. Ge\u00e7en ay sonu r\u00fczgar ve g\u00fcne\u015f enerjisi yat\u0131r\u0131mlar\u0131na y\u00f6nelik 5 GW\u2019l\u0131k [&hellip;]<\/p>\n","protected":false},"author":1,"featured_media":66772,"comment_status":"open","ping_status":"open","sticky":false,"template":"","format":"standard","meta":[],"categories":[53,49],"tags":[67,1009,34923,23311,23416,431,23133,35086,34925,23131,4353],"views":1051,"_links":{"self":[{"href":"https:\/\/www.enerjigazetesi.ist\/en\/wp-json\/wp\/v2\/posts\/66771"}],"collection":[{"href":"https:\/\/www.enerjigazetesi.ist\/en\/wp-json\/wp\/v2\/posts"}],"about":[{"href":"https:\/\/www.enerjigazetesi.ist\/en\/wp-json\/wp\/v2\/types\/post"}],"author":[{"embeddable":true,"href":"https:\/\/www.enerjigazetesi.ist\/en\/wp-json\/wp\/v2\/users\/1"}],"replies":[{"embeddable":true,"href":"https:\/\/www.enerjigazetesi.ist\/en\/wp-json\/wp\/v2\/comments?post=66771"}],"version-history":[{"count":1,"href":"https:\/\/www.enerjigazetesi.ist\/en\/wp-json\/wp\/v2\/posts\/66771\/revisions"}],"predecessor-version":[{"id":66773,"href":"https:\/\/www.enerjigazetesi.ist\/en\/wp-json\/wp\/v2\/posts\/66771\/revisions\/66773"}],"wp:featuredmedia":[{"embeddable":true,"href":"https:\/\/www.enerjigazetesi.ist\/en\/wp-json\/wp\/v2\/media\/66772"}],"wp:attachment":[{"href":"https:\/\/www.enerjigazetesi.ist\/en\/wp-json\/wp\/v2\/media?parent=66771"}],"wp:term":[{"taxonomy":"category","embeddable":true,"href":"https:\/\/www.enerjigazetesi.ist\/en\/wp-json\/wp\/v2\/categories?post=66771"},{"taxonomy":"post_tag","embeddable":true,"href":"https:\/\/www.enerjigazetesi.ist\/en\/wp-json\/wp\/v2\/tags?post=66771"}],"curies":[{"name":"wp","href":"https:\/\/api.w.org\/{rel}","templated":true}]}}