{"id":66743,"date":"2017-08-22T17:02:55","date_gmt":"2017-08-22T14:02:55","guid":{"rendered":"https:\/\/www.enerjigazetesi.ist\/?p=66743"},"modified":"2017-08-22T17:02:55","modified_gmt":"2017-08-22T14:02:55","slug":"tekfen-kurucu-ortagi-ve-tusiadin-kurucu-bsk-feyyaz-berker-vefat-etti","status":"publish","type":"post","link":"https:\/\/www.enerjigazetesi.ist\/en\/tekfen-kurucu-ortagi-ve-tusiadin-kurucu-bsk-feyyaz-berker-vefat-etti\/","title":{"rendered":"(Turkish) Tekfen Kurucu Orta\u011f\u0131 ve T\u00dcS\u0130AD\u2019\u0131n Kurucu B\u015fk. Feyyaz Berker Vefat Etti"},"content":{"rendered":"<p class=\"qtranxs-available-languages-message qtranxs-available-languages-message-en\">Sorry, this entry is only available in <a href=\"https:\/\/www.enerjigazetesi.ist\/tr\/wp-json\/wp\/v2\/posts\/66743\" class=\"qtranxs-available-language-link qtranxs-available-language-link-tr\" title=\"Turkish\">Turkish<\/a>. For the sake of viewer convenience, the content is shown below in the alternative language. You may click the link to switch the active language.<\/p><p><strong>Tekfen Holding kurucu ortaklar\u0131ndan Feyyaz Berker, 22 A\u011fustos 2017 g\u00fcn\u00fc hayat\u0131n\u0131 kaybetti. 92 ya\u015f\u0131nda vefat eden Berker\u2019in kayb\u0131 Tekfen camias\u0131nda ve i\u015f d\u00fcnyas\u0131nda b\u00fcy\u00fck \u00fcz\u00fcnt\u00fc yaratt\u0131. Berker\u2019in naa\u015f\u0131 24 A\u011fustos Per\u015fembe g\u00fcn\u00fc Tekfen Holding\u2019in Ulus\u2019taki merkezinde d\u00fczenlenecek anma t\u00f6reninden sonra, Bebek Camii\u2019nde k\u0131l\u0131nacak \u00f6\u011fle namaz\u0131n\u0131 m\u00fctakiben A\u015fiyan Mezarl\u0131\u011f\u0131\u2019nda defnedilecek.<\/strong><\/p>\n<p><strong>T\u00fcrkiye\u2019nin hizmetinde 92 y\u0131l<\/strong><\/p>\n<p>Feyyaz Berker, 7 Ekim 1925\u2019te Mersin\u2019de d\u00fcnyaya geldi. Babas\u0131, g\u00f6z hekimi ve 1939-1946 y\u0131llar\u0131 aras\u0131nda iki d\u00f6nem \u0130\u00e7el Milletvekilli\u011fi yapan Dr. Ahmet Muhtar Bey\u2019di. Feyyaz Berker, ilk\u00f6\u011frenimini Mersin\u2019de tamamlad\u0131ktan sonra e\u011fitimine <a href=\"https:\/\/www.enerjigazetesi.ist\/wp-content\/uploads\/2017\/08\/tekfen-kurucu-ortagi-ve-tusiadin-kurucu-bsk-feyyaz-berker-vefat-etti.jpg\"><img loading=\"lazy\" class=\"alignright size-medium wp-image-66744\" src=\"https:\/\/www.enerjigazetesi.ist\/wp-content\/uploads\/2017\/08\/tekfen-kurucu-ortagi-ve-tusiadin-kurucu-bsk-feyyaz-berker-vefat-etti-300x226.jpg\" alt=\"tekfen-kurucu-ortagi-ve-tusiadin-kurucu-bsk-feyyaz-berker-vefat-etti\" width=\"300\" height=\"226\" srcset=\"https:\/\/www.enerjigazetesi.ist\/wp-content\/uploads\/2017\/08\/tekfen-kurucu-ortagi-ve-tusiadin-kurucu-bsk-feyyaz-berker-vefat-etti-300x226.jpg 300w, https:\/\/www.enerjigazetesi.ist\/wp-content\/uploads\/2017\/08\/tekfen-kurucu-ortagi-ve-tusiadin-kurucu-bsk-feyyaz-berker-vefat-etti-500x376.jpg 500w, https:\/\/www.enerjigazetesi.ist\/wp-content\/uploads\/2017\/08\/tekfen-kurucu-ortagi-ve-tusiadin-kurucu-bsk-feyyaz-berker-vefat-etti-66x50.jpg 66w, https:\/\/www.enerjigazetesi.ist\/wp-content\/uploads\/2017\/08\/tekfen-kurucu-ortagi-ve-tusiadin-kurucu-bsk-feyyaz-berker-vefat-etti.jpg 650w\" sizes=\"(max-width: 300px) 100vw, 300px\" \/><\/a>Tarsus\u2019taki Amerikan Koleji\u2019nde devam etti. 1939\u2019da, ya\u015fam\u0131nda \u00e7ok \u00f6nemli bir yere sahip oldu\u011funu s\u00f6yledi\u011fi Robert Kolej\u2019e kaydoldu. Liseden sonra Robert Kolej Y\u00fcksek Okulu\u2019nun \u0130n\u015faat M\u00fchendisli\u011fi B\u00f6l\u00fcm\u00fc\u2019ne devam etti. Bu y\u0131llarda akademik ba\u015far\u0131s\u0131n\u0131n yan\u0131 s\u0131ra sporcu kimli\u011fiyle de \u00f6ne \u00e7\u0131kt\u0131.<\/p>\n<p>1946 y\u0131l\u0131nda Robert Kolej\u2019in y\u00fcksek k\u0131sm\u0131n\u0131 tamamlad\u0131ktan sonra \u00f6\u011frenimini ABD\u2019de s\u00fcrd\u00fcrmek \u00fczere Michigan \u00dcniversitesi\u2019ne gitti. \u00d6\u011frencilik y\u0131llar\u0131nda har\u00e7l\u0131\u011f\u0131n\u0131 kazanabilmek i\u00e7in bir yandan da Kaiser-Frazer otomobil fabrikas\u0131nda \u00e7al\u0131\u015ft\u0131. 1948 y\u0131l\u0131nda Michigan \u00dcniversitesi\u2019nden y\u00fcksek lisans derecesini alarak Y\u00fcksek \u0130n\u015faat M\u00fchendisi unvan\u0131n\u0131 kazanan Berker, bir y\u0131l kadar Kaliforniya\u2019da bir in\u015faat-m\u00fchendislik firmas\u0131nda \u00e7al\u0131\u015ft\u0131. 1949 y\u0131l\u0131nda T\u00fcrkiye\u2019ye d\u00f6nd\u00fc.<\/p>\n<p>Askerlik hizmetini tamamlad\u0131\u011f\u0131 1950 y\u0131l\u0131nda, iyi yeti\u015fmi\u015f ve dil bilen gen\u00e7 m\u00fchendislere duyulan ihtiya\u00e7 nedeniyle Bay\u0131nd\u0131rl\u0131k Bakanl\u0131\u011f\u0131\u2019nda \u00e7al\u0131\u015fmaya ba\u015flad\u0131. Esenbo\u011fa Hava Meydan\u0131 \u015fantiye \u015fefli\u011finin ard\u0131ndan 1954 y\u0131l\u0131nda Bay\u0131nd\u0131rl\u0131k Bakanl\u0131\u011f\u0131 Laboratuvar ve Ara\u015ft\u0131rma B\u00f6l\u00fcm Ba\u015fkan\u0131 oldu. 1956 y\u0131l\u0131nda, kendisi gibi Robert Kolej ve Michigan \u00dcniversitesi\u2019ni bitirdikten sonra Bay\u0131nd\u0131rl\u0131k Bakanl\u0131\u011f\u0131\u2019nda \u00e7al\u0131\u015fmaya ba\u015flayan Ali Nihat G\u00f6kyi\u011fit\u2019le birlikte, Tekfen\u2019in n\u00fcvesini olu\u015fturan Feyyaz-Nihat M\u00fc\u015favir M\u00fchendislik (FN) \u015firketini kurdu. Onlara k\u0131sa bir s\u00fcre sonra Necati Ak\u00e7a\u011fl\u0131lar\u2019\u0131n da kat\u0131lmas\u0131yla \u015firket, Feyyaz-Nihat-Necati M\u00fc\u015favir M\u00fchendislik (FNN) ad\u0131n\u0131 ald\u0131.<\/p>\n<p>Ba\u015flang\u0131\u00e7ta sadece m\u00fchendis m\u00fc\u015favirlik hizmetleri veren \u015firket, 1957 y\u0131l\u0131nda Tekfen \u0130n\u015faat\u2019\u0131n kurulmas\u0131yla m\u00fcteahhitlik sekt\u00f6r\u00fcne de girdi.<\/p>\n<p>\u00dc\u00e7 ortak aras\u0131ndaki uyumlu birliktelik, sonraki y\u0131llarda Tekfen \u0130n\u015faat\u2019\u0131n h\u0131zla b\u00fcy\u00fcyerek T\u00fcrkiye\u2019nin \u00f6nde gelen m\u00fcteahhitlik \u015firketlerinden biri haline gelmesini sa\u011flad\u0131. \u015eirket, in\u015faat i\u015flerinin yan\u0131 s\u0131ra 1964 y\u0131l\u0131nda Tekfen ampul fabrikas\u0131n\u0131n kurulmas\u0131yla sanayi sekt\u00f6r\u00fcne de girdi. \u201cG\u00fcne\u015f batar, Tekfen do\u011far\u201d slogan\u0131yla beyinlere kaz\u0131nan bu yat\u0131r\u0131m\u0131 sonraki y\u0131llarda Mis S\u00fct (1976), Toros Tar\u0131m (1981) gibi ba\u015fka sanayi yat\u0131r\u0131mlar\u0131 da izledi. Tekfen, Tekfen D\u0131\u015f Ticaret (1981) ile ihracat; Tekfenbank (1989) ile bankac\u0131l\u0131k; Belpri (1988) ve Makro (1993) ile perakende; Akmerkez (1993) ve Tekfen Emlak (2000) ile gayrimenkul geli\u015ftirme gibi alanlarda b\u00fcy\u00fcyerek T\u00fcrkiye\u2019nin \u00f6nde gelen holdinglerinden biri oldu.<\/p>\n<p><strong>Sorumlu bir i\u015f insan\u0131<\/strong><\/p>\n<p>T\u00fcrkiye\u2019de \u00f6zel sekt\u00f6r\u00fcn \u00fclke sorunlar\u0131n\u0131n \u00e7\u00f6z\u00fcm\u00fcne ve toplumun geli\u015fmesine de katk\u0131da bulunmas\u0131 gerekti\u011fine inanan Feyyaz Berker, bu y\u00f6ndeki \u00e7al\u0131\u015fmalar\u0131na 1961 y\u0131l\u0131nda Dr. Nejat Eczac\u0131ba\u015f\u0131\u2019n\u0131n \u00f6nderli\u011finde Ekonomik ve Sosyal Et\u00fctler Konferans Heyeti\u2019nin kurulmas\u0131na destek vererek ba\u015flad\u0131. Ard\u0131ndan, 1971 y\u0131l\u0131nda T\u00dcS\u0130AD\u2019\u0131n kurulmas\u0131nda aktif g\u00f6rev alarak, 1980 y\u0131l\u0131na kadar dokuz y\u0131l boyunca Y\u00f6netim Kurulu Ba\u015fkanl\u0131\u011f\u0131 g\u00f6revini \u00fcstlendi. Bu s\u0131rada, T\u00fcrkiye\u2019nin d\u0131\u015f ticari ili\u015fkilerini geli\u015ftirmek ve K\u0131br\u0131s Bar\u0131\u015f Harek\u00e2t\u0131 sonras\u0131nda ABD taraf\u0131ndan uygulanan silah ambargosunun kald\u0131r\u0131lmas\u0131n\u0131 sa\u011flamak \u00fczere, T\u00fcrkiye\u2019nin \u00f6nde gelen i\u015f insanlar\u0131n\u0131n kat\u0131l\u0131m\u0131yla heyetler olu\u015fturarak lobi faaliyetleri ger\u00e7ekle\u015ftirdi. Bu \u00e7er\u00e7evede, 1975\u2019te ABD Ba\u015fkan\u0131 Gerald Ford ile bir toplant\u0131 ger\u00e7ekle\u015ftiren T\u00dcS\u0130AD heyetine ba\u015fkanl\u0131k etti.<\/p>\n<p>Feyyaz Berker, 1976 y\u0131l\u0131nda T\u00fcrk \u00f6zel sekt\u00f6r\u00fcn\u00fc temsil eden t\u00fcm gruplar\u0131 tek bir \u015femsiye alt\u0131nda toplamay\u0131 ama\u00e7layan H\u00fcr Te\u015febb\u00fcs Konseyi\u2019nin kurulmas\u0131nda da \u00f6nc\u00fc bir rol oynad\u0131. 1980 y\u0131l\u0131nda T\u00dcS\u0130AD Ba\u015fkanl\u0131\u011f\u0131n\u0131 Ali Ko\u00e7man\u2019a devreden Feyyaz Berker, sonraki y\u0131llarda T\u00dcS\u0130AD Y\u00fcksek \u0130sti\u015fare Kurulu Ba\u015fkanl\u0131\u011f\u0131na ve T\u00dcS\u0130AD Onursal Ba\u015fkanl\u0131\u011f\u0131na se\u00e7ildi.<\/p>\n<p>Feyyaz Berker\u2019in kurulu\u015funda yo\u011fun \u00e7aba g\u00f6sterdi\u011fi \u00f6zel sekt\u00f6r giri\u015fimlerinden bir di\u011feri de, T\u00fcrkiye\u2019nin d\u00fcnyaya a\u00e7\u0131lmas\u0131nda aktif rol oynayan D\u0131\u015f Ekonomik \u0130li\u015fkiler Kurulu &#8211; DE\u0130K\u2019ti. 1986 y\u0131l\u0131nda DE\u0130K\u2019in Kurucu Ba\u015fkan Yard\u0131mc\u0131l\u0131\u011f\u0131n\u0131 yapan Feyyaz Berker, 1987-1997 y\u0131llar\u0131 aras\u0131nda kurulu\u015fun \u0130cra Kurulu Ba\u015fkanl\u0131\u011f\u0131n\u0131 y\u00fcr\u00fcterek T\u00fcrkiye\u2019nin d\u0131\u015f ticari ili\u015fkilerinin geli\u015fmesinde \u00f6nemli rol oynad\u0131. Feyyaz Berker, ayn\u0131 zamanda T\u00fcrk-Amerikan \u0130\u015f Konseyi\u2019nin da 1985-1987 y\u0131llar\u0131 aras\u0131nda Y\u00fcr\u00fctme Kurulu Ba\u015fkanl\u0131\u011f\u0131n\u0131 \u00fcstlendi.<\/p>\n<p><strong>Bir e\u011fitim sevdal\u0131s\u0131<\/strong><\/p>\n<p>E\u011fitim ba\u015fta olmak \u00fczere toplumun sosyal geli\u015fimine de yak\u0131n ilgi g\u00f6steren Feyyaz Berker, 1986 y\u0131l\u0131nda, mezuniyetinden sonra g\u00f6n\u00fcl ba\u011f\u0131n\u0131 hi\u00e7 koparmad\u0131\u011f\u0131 Robert Kolej\u2019in M\u00fctevelli Heyeti \u00dcyeli\u011fine se\u00e7ildi. Berker, ayn\u0131 zamanda \u0130n\u015faat Komitesi\u2019nin de ba\u015fkanl\u0131\u011f\u0131n\u0131 \u00fcstlenerek Robert Kolej\u2019in yeni bina ve tesislerle geli\u015ftirilmesine \u00f6nemli katk\u0131da bulundu. Onun maddi deste\u011fiyle in\u015fa edilen Feyyaz Berker Hall, 1990 y\u0131l\u0131nda hizmete girdi. Hisar Vakf\u0131\u2019n\u0131n da kurucular\u0131ndan olan Feyyaz Berker, \u201cT\u00fcrk e\u011fitim sistemine \u00f6rnek olabilecek bir yap\u0131 olu\u015fturma\u201d hedefiyle Hisar Vakf\u0131 Okullar\u0131\u2019n\u0131n kurulmas\u0131na \u00f6nayak oldu. Berker, e\u011fitime verdi\u011fi destekten duydu\u011fu hazz\u0131, 1986 y\u0131l\u0131nda hizmete giren Hisar Vakf\u0131 \u0130lk\u00f6\u011fretim Okulu\u2019nun a\u00e7\u0131l\u0131\u015f\u0131nda yapt\u0131\u011f\u0131 konu\u015fmada, \u201cBir \u00e7ocuk kadar sevin\u00e7liyim\u201d s\u00f6zleriyle dile getiriyordu.<\/p>\n<p>Feyyaz Berker, ana-\u00e7ocuk sa\u011fl\u0131\u011f\u0131 ve aile planlamas\u0131 konusunda faaliyet g\u00f6stermek \u00fczere Vehbi Ko\u00e7 \u00f6nderli\u011finde 1985 y\u0131l\u0131nda kurulan T\u00fcrkiye Aile Planlamas\u0131 Vakf\u0131\u2019n\u0131n kurulu\u015funda ve aktif olarak y\u00f6netiminde de yer ald\u0131. 1985-1995 y\u0131llar\u0131 aras\u0131nda Y\u00f6netim Kurulu Ba\u015fkan Yard\u0131mc\u0131s\u0131, ve1996-1999 y\u0131llar\u0131 aras\u0131nda Y\u00f6netim Kurulu Ba\u015fkan\u0131 olarak vakf\u0131n ama\u00e7lar\u0131na ula\u015fmas\u0131 i\u00e7in \u00e7aba g\u00f6steren Berker, 1999-2007 y\u0131llar\u0131 aras\u0131nda ise M\u00fctevelli Heyeti Ba\u015fkan\u0131 ve Y\u00f6netim Kurulu \u00dcyesi olarak g\u00f6rev yapt\u0131.<\/p>\n<p>T\u00fcrkiye\u2019nin model end\u00fcstrile\u015fmesine katk\u0131lar\u0131 ve T\u00fcrk e\u011fitimine sa\u011flad\u0131\u011f\u0131 hizmetler nedeniyle 1986 y\u0131l\u0131nda Bo\u011fazi\u00e7i \u00dcniversitesi taraf\u0131ndan fahri doktora ile onurland\u0131r\u0131lan Feyyaz Berker, 1997 y\u0131l\u0131nda da, Tekfen\u2019deki di\u011fer ortaklar\u0131yla birlikte 9. Cumhurba\u015fkan\u0131 S\u00fcleyman Demirel taraf\u0131ndan Devlet \u00dcst\u00fcn Hizmet Madalyas\u0131\u2019na lay\u0131k g\u00f6r\u00fcld\u00fc.<\/p>\n<p>Feyyaz Berker ve ortaklar\u0131, Tekfen Holding\u2019in 2000 y\u0131l\u0131nda yeniden yap\u0131lanmas\u0131yla birlikte y\u00f6netimi t\u00fcm\u00fcyle profesyonellere devretti. Bu tarihten sonra Feyyaz Berker, di\u011fer ortaklar\u0131yla d\u00f6n\u00fc\u015f\u00fcml\u00fc olarak \u00fcstlendi\u011fi Tekfen Holding Y\u00f6netim Kurulu Ba\u015fkanl\u0131\u011f\u0131 g\u00f6revini, emekliye ayr\u0131ld\u0131\u011f\u0131 2014 y\u0131l\u0131na kadar s\u00fcrd\u00fcrd\u00fc.<\/p>\n<p><strong>FEYYAZ BERKER\u2019\u0130N TOPLUMSAL SORUMLULUK FAAL\u0130YETLER\u0130 <\/strong><\/p>\n<p>&#8211; T\u00dcS\u0130AD Kurucusu, Y\u00f6netim Kurulu Ba\u015fkan\u0131, Y\u00fcksek \u0130sti\u015fare Konsey Ba\u015fkan\u0131 ve Onursal Ba\u015fkan\u0131<br \/>\n&#8211; DE\u0130K Kurucusu, Ba\u015fkan Yard\u0131mc\u0131s\u0131, \u0130cra Kurulu Ba\u015fkan\u0131 ve \u015eeref \u00dcyesi<br \/>\n&#8211; TAPV Kurucusu, Y\u00f6netim Kurulu Ba\u015fkan\u0131 ve M\u00fctevelli Heyeti Ba\u015fkan\u0131<br \/>\n&#8211; Hisar E\u011fitim Vakf\u0131 Y\u00f6netim Kurulu Ba\u015fkan\u0131 ve Onursal Ba\u015fkan\u0131<br \/>\n&#8211; Robert Kolej M\u00fctevelli Heyeti \u00dcyesi<br \/>\n&#8211; Bo\u011fazi\u00e7i \u00dcniversitesi Dan\u0131\u015fma Kurulu \u00dcyesi<br \/>\n&#8211; Amerikan Konferans Heyeti \u00dcyesi (ABD)<br \/>\n&#8211; Stanford Ara\u015ft\u0131rma Enstit\u00fcs\u00fc \u00dcyesi<br \/>\n&#8211; MESS Y\u00fcksek Dan\u0131\u015fma Kurulu \u00dcyesi<br \/>\n&#8211; T\u0130SK Dan\u0131\u015fma Kurulu \u00dcyesi<br \/>\n&#8211; T\u00dcSEV Kurucusu ve M\u00fctevelli Heyet \u00dcyesi<br \/>\n&#8211; TESEV Y\u00f6netim Kurulu \u00dcyesi<br \/>\n&#8211; TEMA Vakf\u0131 Kurucusu ve M\u00fctevelli Heyeti \u00dcyesi<br \/>\n&#8211; TURMEPA Kurucu \u00dcyesi<br \/>\n&#8211; TEGV Kurucusu ve M\u00fctevelli Heyeti \u00dcyesi<br \/>\n&#8211; TTGV Kurucusu ve M\u00fctevelli Heyeti \u00dcyesi<\/p>","protected":false},"excerpt":{"rendered":"<p>Sorry, this entry is only available in Turkish. For the sake of viewer convenience, the content is shown below in the alternative language. You may click the link to switch the active language.Tekfen Holding kurucu ortaklar\u0131ndan Feyyaz Berker, 22 A\u011fustos 2017 g\u00fcn\u00fc hayat\u0131n\u0131 kaybetti. 92 ya\u015f\u0131nda vefat eden Berker\u2019in kayb\u0131 Tekfen camias\u0131nda ve i\u015f d\u00fcnyas\u0131nda [&hellip;]<\/p>\n","protected":false},"author":1,"featured_media":66744,"comment_status":"open","ping_status":"open","sticky":false,"template":"","format":"standard","meta":[],"categories":[53],"tags":[35078,67,1009,34923,23311,35076,35079,35074,35075,35077],"views":1925,"_links":{"self":[{"href":"https:\/\/www.enerjigazetesi.ist\/en\/wp-json\/wp\/v2\/posts\/66743"}],"collection":[{"href":"https:\/\/www.enerjigazetesi.ist\/en\/wp-json\/wp\/v2\/posts"}],"about":[{"href":"https:\/\/www.enerjigazetesi.ist\/en\/wp-json\/wp\/v2\/types\/post"}],"author":[{"embeddable":true,"href":"https:\/\/www.enerjigazetesi.ist\/en\/wp-json\/wp\/v2\/users\/1"}],"replies":[{"embeddable":true,"href":"https:\/\/www.enerjigazetesi.ist\/en\/wp-json\/wp\/v2\/comments?post=66743"}],"version-history":[{"count":1,"href":"https:\/\/www.enerjigazetesi.ist\/en\/wp-json\/wp\/v2\/posts\/66743\/revisions"}],"predecessor-version":[{"id":66745,"href":"https:\/\/www.enerjigazetesi.ist\/en\/wp-json\/wp\/v2\/posts\/66743\/revisions\/66745"}],"wp:featuredmedia":[{"embeddable":true,"href":"https:\/\/www.enerjigazetesi.ist\/en\/wp-json\/wp\/v2\/media\/66744"}],"wp:attachment":[{"href":"https:\/\/www.enerjigazetesi.ist\/en\/wp-json\/wp\/v2\/media?parent=66743"}],"wp:term":[{"taxonomy":"category","embeddable":true,"href":"https:\/\/www.enerjigazetesi.ist\/en\/wp-json\/wp\/v2\/categories?post=66743"},{"taxonomy":"post_tag","embeddable":true,"href":"https:\/\/www.enerjigazetesi.ist\/en\/wp-json\/wp\/v2\/tags?post=66743"}],"curies":[{"name":"wp","href":"https:\/\/api.w.org\/{rel}","templated":true}]}}