{"id":66702,"date":"2017-08-21T15:59:10","date_gmt":"2017-08-21T12:59:10","guid":{"rendered":"https:\/\/www.enerjigazetesi.ist\/?p=66702"},"modified":"2017-08-21T16:00:10","modified_gmt":"2017-08-21T13:00:10","slug":"gectigimiz-hafta-enerji-fiyatlari-yuzde-3-oraninda-dustu","status":"publish","type":"post","link":"https:\/\/www.enerjigazetesi.ist\/en\/gectigimiz-hafta-enerji-fiyatlari-yuzde-3-oraninda-dustu\/","title":{"rendered":"(Turkish) Ge\u00e7ti\u011fimiz Hafta Enerji Fiyatlar\u0131 Y\u00fczde 3 Oran\u0131nda D\u00fc\u015ft\u00fc"},"content":{"rendered":"<p class=\"qtranxs-available-languages-message qtranxs-available-languages-message-en\">Sorry, this entry is only available in <a href=\"https:\/\/www.enerjigazetesi.ist\/tr\/wp-json\/wp\/v2\/posts\/66702\" class=\"qtranxs-available-language-link qtranxs-available-language-link-tr\" title=\"Turkish\">Turkish<\/a>. For the sake of viewer convenience, the content is shown below in the alternative language. You may click the link to switch the active language.<\/p><p><strong>Enexion Enerji Dan\u0131\u015fmanl\u0131k T\u00fcrkiye Genel M\u00fcd\u00fcr\u00fc ve Enerji Uzman\u0131 Ceren \u00d6zdal, 14 A\u011fustos haftas\u0131nda enerji fiyatlar\u0131n\u0131n bir \u00f6nceki haftaya g\u00f6re y\u00fczde 3 civar\u0131nda d\u00fc\u015ft\u00fc\u011f\u00fcn\u00fc a\u00e7\u0131klad\u0131. <\/strong><\/p>\n<p>Enerji piyasalar\u0131nda bahar aylar\u0131ndan itibaren ba\u015flayan fiyat y\u00fckseli\u015finin ge\u00e7ti\u011fimiz hafta bir nebze de olsa geriledi\u011fine dikkat \u00e7eken Enexion E<a href=\"https:\/\/www.enerjigazetesi.ist\/wp-content\/uploads\/2017\/08\/gectigimiz-hafta-enerji-fiyatlari-yuzde-3-oraninda-dustu.jpg\"><img loading=\"lazy\" class=\"alignleft size-medium wp-image-66703\" src=\"https:\/\/www.enerjigazetesi.ist\/wp-content\/uploads\/2017\/08\/gectigimiz-hafta-enerji-fiyatlari-yuzde-3-oraninda-dustu-300x258.jpg\" alt=\"gectigimiz-hafta-enerji-fiyatlari-yuzde-3-oraninda-dustu\" width=\"300\" height=\"258\" srcset=\"https:\/\/www.enerjigazetesi.ist\/wp-content\/uploads\/2017\/08\/gectigimiz-hafta-enerji-fiyatlari-yuzde-3-oraninda-dustu-300x258.jpg 300w, https:\/\/www.enerjigazetesi.ist\/wp-content\/uploads\/2017\/08\/gectigimiz-hafta-enerji-fiyatlari-yuzde-3-oraninda-dustu-465x400.jpg 465w, https:\/\/www.enerjigazetesi.ist\/wp-content\/uploads\/2017\/08\/gectigimiz-hafta-enerji-fiyatlari-yuzde-3-oraninda-dustu-58x50.jpg 58w, https:\/\/www.enerjigazetesi.ist\/wp-content\/uploads\/2017\/08\/gectigimiz-hafta-enerji-fiyatlari-yuzde-3-oraninda-dustu.jpg 750w\" sizes=\"(max-width: 300px) 100vw, 300px\" \/><\/a>nerji Dan\u0131\u015fmanl\u0131k Genel M\u00fcd\u00fcr\u00fc ve Enerji Uzman\u0131 Ceren \u00d6zdal, \u201cSpot ve tezgah\u00fcst\u00fc piyasalar\u0131 takip etmek sanayi \u015firketlerinin ucuz enerji tedariki i\u00e7in aksiyon almas\u0131n\u0131 kolayla\u015ft\u0131r\u0131yor\u201d dedi.<\/p>\n<p>Ceren \u00d6zdal, bahar aylar\u0131nda 145-150 TL \/ MWh ortalamalar\u0131nda seyren spot piyasa fiyatlar\u0131n\u0131n yaz d\u00f6neminde yakla\u015f\u0131k y\u00fczde 15 art\u0131\u015f kaydederek 170 \u2013 180 TL \/ MWh band\u0131nda hareket etti\u011fini s\u00f6yledi. \u00d6zdal, haftal\u0131k spot piyasa fiyat ortalamas\u0131n\u0131n bir \u00f6nceki haftaya g\u00f6re y\u00fczde 3\u2019l\u00fck bir d\u00fc\u015f\u00fc\u015f 174 TL\/MWh seviyelerine geriledi\u011fine dikkat \u00e7ekti. \u00d6zdal, uygun fiyata elektrik almak isteyen firmalara spot ve tezgah\u00fcst\u00fc piyasalar\u0131 yak\u0131ndan takip etmeleri tavsiyesinde bulundu.<\/p>\n<p>\u00d6zdal, tezgah\u00fcst\u00fc piyasalarda ge\u00e7ti\u011fimiz hafta ya\u015fanan di\u011fer de\u011fi\u015fimler hakk\u0131nda da \u015fu bilgileri verdi: \u201cEyl\u00fcl ay\u0131 baz y\u00fck\u00fc 166-167 TL\/MWh seviyelerinden, Ekim ay\u0131 baz y\u00fck\u00fc 162-163 TL\/MWh seviyelerinden, Kas\u0131m ay\u0131 ise 164-165 TL\/MWh seviyelerinden i\u015flem g\u00f6rd\u00fc.\u201d<\/p>","protected":false},"excerpt":{"rendered":"<p>Sorry, this entry is only available in Turkish. For the sake of viewer convenience, the content is shown below in the alternative language. You may click the link to switch the active language.Enexion Enerji Dan\u0131\u015fmanl\u0131k T\u00fcrkiye Genel M\u00fcd\u00fcr\u00fc ve Enerji Uzman\u0131 Ceren \u00d6zdal, 14 A\u011fustos haftas\u0131nda enerji fiyatlar\u0131n\u0131n bir \u00f6nceki haftaya g\u00f6re y\u00fczde 3 civar\u0131nda [&hellip;]<\/p>\n","protected":false},"author":1,"featured_media":66703,"comment_status":"open","ping_status":"open","sticky":false,"template":"","format":"standard","meta":[],"categories":[51,53],"tags":[34351,9400,34979,19638,34980,26353,774,67,1009,34923,23311,34350,35057],"views":1938,"_links":{"self":[{"href":"https:\/\/www.enerjigazetesi.ist\/en\/wp-json\/wp\/v2\/posts\/66702"}],"collection":[{"href":"https:\/\/www.enerjigazetesi.ist\/en\/wp-json\/wp\/v2\/posts"}],"about":[{"href":"https:\/\/www.enerjigazetesi.ist\/en\/wp-json\/wp\/v2\/types\/post"}],"author":[{"embeddable":true,"href":"https:\/\/www.enerjigazetesi.ist\/en\/wp-json\/wp\/v2\/users\/1"}],"replies":[{"embeddable":true,"href":"https:\/\/www.enerjigazetesi.ist\/en\/wp-json\/wp\/v2\/comments?post=66702"}],"version-history":[{"count":1,"href":"https:\/\/www.enerjigazetesi.ist\/en\/wp-json\/wp\/v2\/posts\/66702\/revisions"}],"predecessor-version":[{"id":66704,"href":"https:\/\/www.enerjigazetesi.ist\/en\/wp-json\/wp\/v2\/posts\/66702\/revisions\/66704"}],"wp:featuredmedia":[{"embeddable":true,"href":"https:\/\/www.enerjigazetesi.ist\/en\/wp-json\/wp\/v2\/media\/66703"}],"wp:attachment":[{"href":"https:\/\/www.enerjigazetesi.ist\/en\/wp-json\/wp\/v2\/media?parent=66702"}],"wp:term":[{"taxonomy":"category","embeddable":true,"href":"https:\/\/www.enerjigazetesi.ist\/en\/wp-json\/wp\/v2\/categories?post=66702"},{"taxonomy":"post_tag","embeddable":true,"href":"https:\/\/www.enerjigazetesi.ist\/en\/wp-json\/wp\/v2\/tags?post=66702"}],"curies":[{"name":"wp","href":"https:\/\/api.w.org\/{rel}","templated":true}]}}