{"id":66651,"date":"2017-08-19T18:12:22","date_gmt":"2017-08-19T15:12:22","guid":{"rendered":"https:\/\/www.enerjigazetesi.ist\/?p=66651"},"modified":"2017-08-19T18:12:57","modified_gmt":"2017-08-19T15:12:57","slug":"ruzgar-turbini-uretimi-sivasta-da-olabilir","status":"publish","type":"post","link":"https:\/\/www.enerjigazetesi.ist\/en\/ruzgar-turbini-uretimi-sivasta-da-olabilir\/","title":{"rendered":"(Turkish) R\u00fczgar T\u00fcrbini \u00dcretimi Sivas\u2019ta da Olabilir&#8230;"},"content":{"rendered":"<p class=\"qtranxs-available-languages-message qtranxs-available-languages-message-en\">Sorry, this entry is only available in <a href=\"https:\/\/www.enerjigazetesi.ist\/tr\/wp-json\/wp\/v2\/posts\/66651\" class=\"qtranxs-available-language-link qtranxs-available-language-link-tr\" title=\"Turkish\">Turkish<\/a>. For the sake of viewer convenience, the content is shown below in the alternative language. You may click the link to switch the active language.<\/p><p><strong><span style=\"color: #0a0a0a;\">Sivas Ticaret ve San<a href=\"https:\/\/www.enerjigazetesi.ist\/wp-content\/uploads\/2015\/11\/alternatif-enerji-ruzgar-turbini-500x500_c.jpg\"><img loading=\"lazy\" class=\"alignleft  wp-image-46905\" src=\"https:\/\/www.enerjigazetesi.ist\/wp-content\/uploads\/2015\/11\/alternatif-enerji-ruzgar-turbini-500x500_c-300x300.jpg\" alt=\"alternatif-enerji-ruzgar-turbini-500x500_c\" width=\"300\" height=\"211\" \/><\/a>ayi Odas\u0131 (STSO) Ba\u015fkan\u0131 Osman Y\u0131ld\u0131r\u0131m taraf\u0131ndan r\u00fczgar\u00a0t\u00fcrbinlerinin Sivas\u2019ta \u00fcretilebilece\u011fi belirtildi.<\/span><\/strong><\/p>\n<p>T\u00fcrkiye, yenilenebilir enerji teknolojilerinin \u00fcretim \u00fcss\u00fc haline getirecek olan R\u00fczgar Enerjisi Yenilebilir Enerji Kaynak Alanlar\u0131nda (YEKA) yap\u0131lan ihale sonras\u0131\u00a0Sivas\u2019\u0131n da i\u00e7erisinde bulundu\u011fu 12 ile yerli r\u00fczgar trib\u00fcnleri kurulumu ger\u00e7ekle\u015ftirilecek.<\/p>\n<p>STSO Y\u00f6netim Kurulu Ba\u015fkan\u0131 Osman Y\u0131ld\u0131r\u0131m, r\u00fczgar trib\u00fcnlerinin imalat\u0131n\u0131n Sivas\u2019ta yap\u0131lmas\u0131na y\u00f6nelik teklifini\u00a0Ba\u015fbakan Binali Y\u0131ld\u0131r\u0131m, Enerji ve Tabii Kaynaklar Bakan\u0131 Berat Albayrak ve Milli E\u011fitim Bakan\u0131 \u0130smet Y\u0131lmaz\u2019a iletti.<\/p>","protected":false},"excerpt":{"rendered":"<p>Sorry, this entry is only available in Turkish. For the sake of viewer convenience, the content is shown below in the alternative language. You may click the link to switch the active language.Sivas Ticaret ve Sanayi Odas\u0131 (STSO) Ba\u015fkan\u0131 Osman Y\u0131ld\u0131r\u0131m taraf\u0131ndan r\u00fczgar\u00a0t\u00fcrbinlerinin Sivas\u2019ta \u00fcretilebilece\u011fi belirtildi. T\u00fcrkiye, yenilenebilir enerji teknolojilerinin \u00fcretim \u00fcss\u00fc haline getirecek olan [&hellip;]<\/p>\n","protected":false},"author":1,"featured_media":46905,"comment_status":"open","ping_status":"open","sticky":false,"template":"","format":"standard","meta":[],"categories":[53,50],"tags":[63,35032,67,1009,34923,23311,16,24949,23318,34961,34960,324,35033,25578,105,12158,35034],"views":2347,"_links":{"self":[{"href":"https:\/\/www.enerjigazetesi.ist\/en\/wp-json\/wp\/v2\/posts\/66651"}],"collection":[{"href":"https:\/\/www.enerjigazetesi.ist\/en\/wp-json\/wp\/v2\/posts"}],"about":[{"href":"https:\/\/www.enerjigazetesi.ist\/en\/wp-json\/wp\/v2\/types\/post"}],"author":[{"embeddable":true,"href":"https:\/\/www.enerjigazetesi.ist\/en\/wp-json\/wp\/v2\/users\/1"}],"replies":[{"embeddable":true,"href":"https:\/\/www.enerjigazetesi.ist\/en\/wp-json\/wp\/v2\/comments?post=66651"}],"version-history":[{"count":2,"href":"https:\/\/www.enerjigazetesi.ist\/en\/wp-json\/wp\/v2\/posts\/66651\/revisions"}],"predecessor-version":[{"id":66653,"href":"https:\/\/www.enerjigazetesi.ist\/en\/wp-json\/wp\/v2\/posts\/66651\/revisions\/66653"}],"wp:featuredmedia":[{"embeddable":true,"href":"https:\/\/www.enerjigazetesi.ist\/en\/wp-json\/wp\/v2\/media\/46905"}],"wp:attachment":[{"href":"https:\/\/www.enerjigazetesi.ist\/en\/wp-json\/wp\/v2\/media?parent=66651"}],"wp:term":[{"taxonomy":"category","embeddable":true,"href":"https:\/\/www.enerjigazetesi.ist\/en\/wp-json\/wp\/v2\/categories?post=66651"},{"taxonomy":"post_tag","embeddable":true,"href":"https:\/\/www.enerjigazetesi.ist\/en\/wp-json\/wp\/v2\/tags?post=66651"}],"curies":[{"name":"wp","href":"https:\/\/api.w.org\/{rel}","templated":true}]}}