{"id":66599,"date":"2017-08-18T12:29:43","date_gmt":"2017-08-18T09:29:43","guid":{"rendered":"https:\/\/www.enerjigazetesi.ist\/?p=66599"},"modified":"2017-08-18T12:43:56","modified_gmt":"2017-08-18T09:43:56","slug":"enerji-sistemleri-muh-ogrencisinin-yapacagi-stajlar-hakkinda-tavsiyeler","status":"publish","type":"post","link":"https:\/\/www.enerjigazetesi.ist\/en\/enerji-sistemleri-muh-ogrencisinin-yapacagi-stajlar-hakkinda-tavsiyeler\/","title":{"rendered":"(Turkish) Enerji Sistemleri M\u00fch. \u00d6\u011frencisinin Yapaca\u011f\u0131 Stajlar Hakk\u0131nda Tavsiyeler"},"content":{"rendered":"<p class=\"qtranxs-available-languages-message qtranxs-available-languages-message-en\">Sorry, this entry is only available in <a href=\"https:\/\/www.enerjigazetesi.ist\/tr\/wp-json\/wp\/v2\/posts\/66599\" class=\"qtranxs-available-language-link qtranxs-available-language-link-tr\" title=\"Turkish\">Turkish<\/a>. For the sake of viewer convenience, the content is shown below in the alternative language. You may click the link to switch the active language.<\/p><p><strong>Staj dedi\u011fimiz kavram her \u00fcniversite \u00f6\u011frencisi i\u00e7in m\u00fckemmel bir imk\u00e2nd\u0131r. Sadece m\u00fchendislik \u00f6\u011frenciler i\u00e7in de\u011fil her b\u00f6l\u00fcm her alan i\u00e7in ama kendi fikrimi s\u00f6ylemek istersem m\u00fchendislik \u00f6\u011frencileri i\u00e7in g\u00f6rd\u00fckleri teorik e\u011fitimler yava\u015f yava\u015f v\u00fccut bulmaya ba\u015flayacak, somutla\u015facak bu \u00f6\u011frencinin kendi elindedir.<\/strong><\/p>\n<p>Fakat bu e\u011fitimleri yo\u011furmak ve belli bir \u015fekle sokmak i\u00e7in \u00f6\u011frencilerin ekstra \u00e7aba harcamas\u0131 gerekiyor ne kadar fazla bilgi o kadar fazla tecr\u00fcbe prensibiyle hareket etmeleri ve kendilerine g\u00f6re bir plan, program yapmal\u0131lar en az\u0131nda her g\u00fcn bilmedi\u011fi <a href=\"https:\/\/www.enerjigazetesi.ist\/wp-content\/uploads\/2017\/08\/enerji-sistemleri-muh-ogrencisinin-yapacagi-stajlar-hakkinda-tavsiyeler.jpg\"><img loading=\"lazy\" class=\"alignright size-medium wp-image-66600\" src=\"https:\/\/www.enerjigazetesi.ist\/wp-content\/uploads\/2017\/08\/enerji-sistemleri-muh-ogrencisinin-yapacagi-stajlar-hakkinda-tavsiyeler-300x157.jpg\" alt=\"enerji-sistemleri-muh-ogrencisinin-yapacagi-stajlar-hakkinda-tavsiyeler\" width=\"300\" height=\"157\" srcset=\"https:\/\/www.enerjigazetesi.ist\/wp-content\/uploads\/2017\/08\/enerji-sistemleri-muh-ogrencisinin-yapacagi-stajlar-hakkinda-tavsiyeler-300x157.jpg 300w, https:\/\/www.enerjigazetesi.ist\/wp-content\/uploads\/2017\/08\/enerji-sistemleri-muh-ogrencisinin-yapacagi-stajlar-hakkinda-tavsiyeler-500x263.jpg 500w, https:\/\/www.enerjigazetesi.ist\/wp-content\/uploads\/2017\/08\/enerji-sistemleri-muh-ogrencisinin-yapacagi-stajlar-hakkinda-tavsiyeler-80x42.jpg 80w, https:\/\/www.enerjigazetesi.ist\/wp-content\/uploads\/2017\/08\/enerji-sistemleri-muh-ogrencisinin-yapacagi-stajlar-hakkinda-tavsiyeler.jpg 646w\" sizes=\"(max-width: 300px) 100vw, 300px\" \/><\/a>bir \u015fey \u00f6\u011frenmesi yeterli olacakt\u0131r.<\/p>\n<p>\u015eimdi as\u0131l bu yaz\u0131y\u0131 yazma amac\u0131m olan Enerji Sistemleri M\u00fchendisli\u011fi \u00f6\u011frencilerinin yapacaklar\u0131 stajlarda dikkat etmesi hususlar ve kendim tavsiyeleri yazaca\u011f\u0131m. Enerji alan\u0131nda staj yaparken kar\u015f\u0131la\u015faca\u011f\u0131n\u0131z iki genel alan vard\u0131r bir makine di\u011feri ise elektriktir, bu iki alan enerji santrallerinin yap\u0131 ta\u015f\u0131d\u0131r. Enerji Sistemleri M\u00fchendisi olacak \u00f6\u011frencinin bu iki konuda da profesyonel \u00e7al\u0131\u015facak yetkinlik ve tecr\u00fcbeye sahip olmas\u0131 gerekiyor yoksa sekt\u00f6rde bir\u00e7ok m\u00fchendisin gerisinde kal\u0131p hayalini kurdu\u011funuz bir\u00e7ok \u015feyden uzak kal\u0131rs\u0131n\u0131z, b\u00f6yle bir uyar\u0131dan sonra art\u0131k staj yapt\u0131\u011f\u0131n\u0131z yerlerin \u00f6nemini kavrars\u0131n\u0131z umar\u0131m. Stajlar M\u00fchendislik ve Teknoloji Fak\u00fcltelerinde farkl\u0131l\u0131k g\u00f6stermektedir, bu konuda kanaatimce Teknoloji Fak\u00fclteleri daha avantajl\u0131d\u0131r sebebi ise M\u00fchendislik Fak\u00fcltesinde iki adet yaz staj\u0131 mevcuttur. Teknoloji Fak\u00fcltesinde ise iki adet yaz staj\u0131na ekstra olarak 4. S\u0131n\u0131f\u2019\u0131n ilk d\u00f6nemi komple staj\u2019a ayr\u0131l\u0131r bu da \u00e7ok b\u00fcy\u00fck bir zaman dilimidir bu zaman dilimini verimli kullanan bir \u00f6\u011frenci sekt\u00f6rde yar\u0131\u015ft\u0131\u011f\u0131 ki\u015filerle olan fark\u0131 a\u00e7mas\u0131na yarayacak. Okulda ald\u0131\u011f\u0131n\u0131z e\u011fitimler birka\u00e7 \u00f6rnek vermek gerekirse; Termodinamik, Elektrik Makineleri, Mekanik, Elektronik vb. dersler yapt\u0131\u011f\u0131n\u0131z staj yerinde kar\u015f\u0131n\u0131za \u00e7\u0131kabilir. Mesela bir termik santralde bu sayd\u0131\u011f\u0131m derslerin bolca \u00f6rnekleri bulunmaktad\u0131r o y\u00fczden yapaca\u011f\u0131n\u0131z <strong>ilk yaz staj\u0131n\u0131 termik santrallerde<\/strong> yapman\u0131z benim na\u00e7izane tavsiyemdir yukarda verdi\u011fim ders isimleri ve i\u00e7erikleri en uygun bu tarz santrallerde aktif bir \u015fekilde kullanabilirsiniz. \u0130kinci yaz staj\u0131n\u0131 M\u00fchendislik ve Teknoloji Fak\u00fcltesi \u00f6\u011frencilerine ayr\u0131 ayr\u0131 tavsiye verece\u011fim sebebi staj adetleri y\u00fcz\u00fcndendir, <strong>M\u00fchendislik \u00f6\u011frencisi<\/strong> art\u0131k y\u00f6nelece\u011fi alan\u0131 <strong>ikinci yaz staj\u0131nda<\/strong> karar vermelidir ve ona g\u00f6re uygun bir staj yeri se\u00e7ip kendini birinci yaz staj\u0131na g\u00f6re daha aktif olmal\u0131lar. <strong>Teknoloji Fak\u00fcltesindeki<\/strong> arkada\u015flarda <strong>merak etti\u011fi bir alana<\/strong> veya bir sonra ki \u00a0staj\u0131 olan d\u00f6nem staj\u0131ndaki yapaca\u011f\u0131 staj alan\u0131na uygun alt yap\u0131 haz\u0131rlamak i\u00e7in ayn\u0131 tarz bir enerji santralinde staj yapmalar\u0131 uygun olur.<\/p>\n<p>Yaz\u0131m\u0131 sonland\u0131rmadan \u00f6nce k\u00fc\u00e7\u00fck bir dip\u00e7e d\u00fc\u015fmek istiyorum<em>; Yapaca\u011f\u0131n\u0131z stajlar sizin i\u00e7in a\u015f\u0131r\u0131 derecede \u00f6nemlidir staj yerlerinizi itinayla se\u00e7in yoksa klima alt\u0131nda sabahtan ak\u015fama kadar oturursunuz ya da sabahtan ak\u015fama kadar sahada stajlar\u0131n\u0131z\u0131 tam rand\u0131manl\u0131 bir \u015fekilde ge\u00e7irirsiniz.<\/em><\/p>\n<p>Bana ve benim gibi Enerji Sistemleri M\u00fchendisli\u011fi okuyan \u00f6\u011frenciler i\u00e7in bu yaz\u0131m\u0131 payla\u015f\u0131p destek olabilirsiniz, bir sonra ki yaz\u0131mda g\u00f6r\u00fc\u015fmek \u00fczere s\u0131hhatle kal\u0131n.<\/p>\n<p>Yasin Ayd\u0131n \/ Enerji Sistemleri M\u00fch. 3. S\u0131n\u0131f &#8211;\u00a0<strong>Mail:<\/strong>\u00a0<a href=\"mailto:yasinaydin6116@gmail.com\" target=\"_blank\">yasinaydin6116@gmail.com<\/a><\/p>","protected":false},"excerpt":{"rendered":"<p>Sorry, this entry is only available in Turkish. For the sake of viewer convenience, the content is shown below in the alternative language. You may click the link to switch the active language.Staj dedi\u011fimiz kavram her \u00fcniversite \u00f6\u011frencisi i\u00e7in m\u00fckemmel bir imk\u00e2nd\u0131r. Sadece m\u00fchendislik \u00f6\u011frenciler i\u00e7in de\u011fil her b\u00f6l\u00fcm her alan i\u00e7in ama kendi fikrimi [&hellip;]<\/p>\n","protected":false},"author":1,"featured_media":66600,"comment_status":"open","ping_status":"open","sticky":false,"template":"","format":"standard","meta":[],"categories":[53],"tags":[67,1009,34923,23311,12235,35016,35015,35018,35017,34596],"views":4686,"_links":{"self":[{"href":"https:\/\/www.enerjigazetesi.ist\/en\/wp-json\/wp\/v2\/posts\/66599"}],"collection":[{"href":"https:\/\/www.enerjigazetesi.ist\/en\/wp-json\/wp\/v2\/posts"}],"about":[{"href":"https:\/\/www.enerjigazetesi.ist\/en\/wp-json\/wp\/v2\/types\/post"}],"author":[{"embeddable":true,"href":"https:\/\/www.enerjigazetesi.ist\/en\/wp-json\/wp\/v2\/users\/1"}],"replies":[{"embeddable":true,"href":"https:\/\/www.enerjigazetesi.ist\/en\/wp-json\/wp\/v2\/comments?post=66599"}],"version-history":[{"count":3,"href":"https:\/\/www.enerjigazetesi.ist\/en\/wp-json\/wp\/v2\/posts\/66599\/revisions"}],"predecessor-version":[{"id":66603,"href":"https:\/\/www.enerjigazetesi.ist\/en\/wp-json\/wp\/v2\/posts\/66599\/revisions\/66603"}],"wp:featuredmedia":[{"embeddable":true,"href":"https:\/\/www.enerjigazetesi.ist\/en\/wp-json\/wp\/v2\/media\/66600"}],"wp:attachment":[{"href":"https:\/\/www.enerjigazetesi.ist\/en\/wp-json\/wp\/v2\/media?parent=66599"}],"wp:term":[{"taxonomy":"category","embeddable":true,"href":"https:\/\/www.enerjigazetesi.ist\/en\/wp-json\/wp\/v2\/categories?post=66599"},{"taxonomy":"post_tag","embeddable":true,"href":"https:\/\/www.enerjigazetesi.ist\/en\/wp-json\/wp\/v2\/tags?post=66599"}],"curies":[{"name":"wp","href":"https:\/\/api.w.org\/{rel}","templated":true}]}}