{"id":66521,"date":"2017-08-15T11:25:38","date_gmt":"2017-08-15T08:25:38","guid":{"rendered":"https:\/\/www.enerjigazetesi.ist\/?p=66521"},"modified":"2017-08-15T11:30:55","modified_gmt":"2017-08-15T08:30:55","slug":"cinliler-turkiyenin-yenilenebilir-enerji-yatirimlarini-takip-ediyor","status":"publish","type":"post","link":"https:\/\/www.enerjigazetesi.ist\/en\/cinliler-turkiyenin-yenilenebilir-enerji-yatirimlarini-takip-ediyor\/","title":{"rendered":"(Turkish) \u00c7inliler T\u00fcrkiye&#8217;nin Yenilenebilir Enerji Yat\u0131r\u0131mlar\u0131n\u0131 Takip Ediyor"},"content":{"rendered":"<p class=\"qtranxs-available-languages-message qtranxs-available-languages-message-en\">Sorry, this entry is only available in <a href=\"https:\/\/www.enerjigazetesi.ist\/tr\/wp-json\/wp\/v2\/posts\/66521\" class=\"qtranxs-available-language-link qtranxs-available-language-link-tr\" title=\"Turkish\">Turkish<\/a>. For the sake of viewer convenience, the content is shown below in the alternative language. You may click the link to switch the active language.<\/p><p><strong><span style=\"color: #0a0a0a;\">Enerji Sanayicileri ve \u0130\u015fadamlar\u0131 Derne\u011fi (ENS\u0130A) Ba\u015fkan\u0131 H\u00fcseyin Vatansever taraf\u0131ndan yap\u0131lan \u00c7in Halk Cumhuriyeti \u0130zmir Ba\u015f<a href=\"https:\/\/www.enerjigazetesi.ist\/wp-content\/uploads\/2014\/09\/dunya-genelinde-gunes-ve-ruzgarin-elektrik-uretimindeki-payi-artti.jpg\"><img loading=\"lazy\" class=\"alignleft size-medium wp-image-31061\" src=\"https:\/\/www.enerjigazetesi.ist\/wp-content\/uploads\/2014\/09\/dunya-genelinde-gunes-ve-ruzgarin-elektrik-uretimindeki-payi-artti-300x217.jpg\" alt=\"dunya-genelinde-gunes-ve-ruzgarin-elektrik-uretimindeki-payi-artti\" width=\"300\" height=\"217\" srcset=\"https:\/\/www.enerjigazetesi.ist\/wp-content\/uploads\/2014\/09\/dunya-genelinde-gunes-ve-ruzgarin-elektrik-uretimindeki-payi-artti-300x217.jpg 300w, https:\/\/www.enerjigazetesi.ist\/wp-content\/uploads\/2014\/09\/dunya-genelinde-gunes-ve-ruzgarin-elektrik-uretimindeki-payi-artti-500x361.jpg 500w, https:\/\/www.enerjigazetesi.ist\/wp-content\/uploads\/2014\/09\/dunya-genelinde-gunes-ve-ruzgarin-elektrik-uretimindeki-payi-artti-69x50.jpg 69w, https:\/\/www.enerjigazetesi.ist\/wp-content\/uploads\/2014\/09\/dunya-genelinde-gunes-ve-ruzgarin-elektrik-uretimindeki-payi-artti.jpg 600w\" sizes=\"(max-width: 300px) 100vw, 300px\" \/><\/a>konsolos Vekili Ni Xiaojing\u2019i ziyareti sonras\u0131\u00a0son 10 y\u0131lda yap\u0131lan\u00a0yenilenebilir enerji yat\u0131r\u0131mlar\u0131m\u0131z\u0131n d\u00fcnyan\u0131n dikkatini \u00e7ekti\u011fi,\u00a0\u00c7inli firmalar\u0131n ise \u00f6zellikle temiz enerji yat\u0131r\u0131mlar\u0131na ilgi g\u00f6stermelerini memnuniyetle izlendi\u011fi dile getirildi.<\/span><\/strong><\/p>\n<p>\u00c7in Halk Cumhuriyeti \u0130zmir Ba\u015fkonsolos Vekili Ni Xiaojing ise YEKA&#8217;n\u0131n\u00a01234 mw r\u00fczg\u00e2r enerji santralleri (RES) ile birlikte\u00a0\u0130zmir\u2019deki yat\u0131r\u0131m olanaklar\u0131n\u0131 dikkatle izlediklerini dile getirerek, ENS\u0130A\u2019n\u0131n \u00e7al\u0131\u015fmalar\u0131na her t\u00fcrl\u00fc katk\u0131y\u0131 koymaya haz\u0131r olundu\u011funu\u00a0s\u00f6yledi.<\/p>\n<p>Vatansever ayr\u0131ca,\u00a0h\u00fck\u00fcmetin k\u00f6m\u00fcrden enerji \u00fcretimi s\u0131ras\u0131nda ortaya \u00e7\u0131kan emisyonu azaltacak teknolojileri geli\u015ftirmeye b\u00fcy\u00fck \u00f6nem vererek\u00a0bu teknolojileri \u00fcreten \u015firketleri desteklemektedir. \u00dclkemizdeki i\u015f d\u00fcnyas\u0131 \u00f6rg\u00fctleri ile temas kurarak Eyl\u00fcl&#8217;de \u00fclkemize ger\u00e7ekle\u015ftirilecek ziyaretin ba\u015far\u0131l\u0131 ve verimli sonu\u00e7lar vermesine y\u00f6nelik \u00e7al\u0131\u015faca\u011f\u0131z\u201d\u00a0ifadelerini kulland\u0131.<\/p>","protected":false},"excerpt":{"rendered":"<p>Sorry, this entry is only available in Turkish. For the sake of viewer convenience, the content is shown below in the alternative language. You may click the link to switch the active language.Enerji Sanayicileri ve \u0130\u015fadamlar\u0131 Derne\u011fi (ENS\u0130A) Ba\u015fkan\u0131 H\u00fcseyin Vatansever taraf\u0131ndan yap\u0131lan \u00c7in Halk Cumhuriyeti \u0130zmir Ba\u015fkonsolos Vekili Ni Xiaojing\u2019i ziyareti sonras\u0131\u00a0son 10 y\u0131lda [&hellip;]<\/p>\n","protected":false},"author":1,"featured_media":31061,"comment_status":"open","ping_status":"open","sticky":false,"template":"","format":"standard","meta":[],"categories":[53,49,50],"tags":[886,63,67,1009,1475,34923,23311,18,34978,13,23416,16,34977,25578,26829],"views":17962,"_links":{"self":[{"href":"https:\/\/www.enerjigazetesi.ist\/en\/wp-json\/wp\/v2\/posts\/66521"}],"collection":[{"href":"https:\/\/www.enerjigazetesi.ist\/en\/wp-json\/wp\/v2\/posts"}],"about":[{"href":"https:\/\/www.enerjigazetesi.ist\/en\/wp-json\/wp\/v2\/types\/post"}],"author":[{"embeddable":true,"href":"https:\/\/www.enerjigazetesi.ist\/en\/wp-json\/wp\/v2\/users\/1"}],"replies":[{"embeddable":true,"href":"https:\/\/www.enerjigazetesi.ist\/en\/wp-json\/wp\/v2\/comments?post=66521"}],"version-history":[{"count":4,"href":"https:\/\/www.enerjigazetesi.ist\/en\/wp-json\/wp\/v2\/posts\/66521\/revisions"}],"predecessor-version":[{"id":66525,"href":"https:\/\/www.enerjigazetesi.ist\/en\/wp-json\/wp\/v2\/posts\/66521\/revisions\/66525"}],"wp:featuredmedia":[{"embeddable":true,"href":"https:\/\/www.enerjigazetesi.ist\/en\/wp-json\/wp\/v2\/media\/31061"}],"wp:attachment":[{"href":"https:\/\/www.enerjigazetesi.ist\/en\/wp-json\/wp\/v2\/media?parent=66521"}],"wp:term":[{"taxonomy":"category","embeddable":true,"href":"https:\/\/www.enerjigazetesi.ist\/en\/wp-json\/wp\/v2\/categories?post=66521"},{"taxonomy":"post_tag","embeddable":true,"href":"https:\/\/www.enerjigazetesi.ist\/en\/wp-json\/wp\/v2\/tags?post=66521"}],"curies":[{"name":"wp","href":"https:\/\/api.w.org\/{rel}","templated":true}]}}