{"id":66518,"date":"2017-08-15T10:56:45","date_gmt":"2017-08-15T07:56:45","guid":{"rendered":"https:\/\/www.enerjigazetesi.ist\/?p=66518"},"modified":"2017-08-15T10:56:45","modified_gmt":"2017-08-15T07:56:45","slug":"altensis-cevre-dostu-cozumleriyle-yesil-kentler-meydana-getiriyor","status":"publish","type":"post","link":"https:\/\/www.enerjigazetesi.ist\/en\/altensis-cevre-dostu-cozumleriyle-yesil-kentler-meydana-getiriyor\/","title":{"rendered":"(Turkish) Altensis \u00c7evre Dostu \u00c7\u00f6z\u00fcmleriyle Ye\u015fil Kentler &#8216;Meydana Getiriyor'"},"content":{"rendered":"<p class=\"qtranxs-available-languages-message qtranxs-available-languages-message-en\">Sorry, this entry is only available in <a href=\"https:\/\/www.enerjigazetesi.ist\/tr\/wp-json\/wp\/v2\/posts\/66518\" class=\"qtranxs-available-language-link qtranxs-available-language-link-tr\" title=\"Turkish\">Turkish<\/a>. For the sake of viewer convenience, the content is shown below in the alternative language. You may click the link to switch the active language.<\/p><p><\/p>\n<p class=\"selectionShareable\"><strong>Altensis, Sabiha G\u00f6k\u00e7en&#8217;de Habom binas\u0131, Had\u0131mk\u00f6y&#8217;de Sertrans&#8217;\u0131n Lojistik merkezi, \u0130zmir&#8217;de UPS&#8217;in Lojistik Operasyon Merkezinin de aralar\u0131nda bulundu\u011fu bir\u00e7ok projede yer al\u0131p son olarak iki k\u0131tay\u0131 birbirine ba\u011flayan Avrasya T\u00fcneli&#8217;nin O&amp;M \u0130\u015fletme&amp;Bak\u0131m Binas\u0131n\u0131n ye\u015fil bina s\u00fcrecine dan\u0131\u015fmanl\u0131k hizmeti\u00a0vermi\u015ftir.<\/strong><\/p>\n<p class=\"selectionShareable\">T\u00fcrkiye&#8217;de \u00e7evre dostu binalar ve s\u00fcrd\u00fcr\u00fclebilir kentler konusunda hizmet vermek \u00fczere ilk kurulan dan\u0131\u015fmanl\u0131k firmas\u0131 Altensis, hizmetleriyle \u00e7evreci \u015fehircilik anlay\u0131\u015f\u0131na da katk\u0131da bulunuyor. Enerjinin de\u011ferini bilen, \u00e7evre dostu ye\u015fil \u015fehirler i\u00e7in <a href=\"https:\/\/www.enerjigazetesi.ist\/wp-content\/uploads\/2017\/08\/altensis-cevre-dostu-cozumleriyle-yesil-kentler-meydana-getiriyor.jpg\"><img loading=\"lazy\" class=\"alignright size-medium wp-image-66519\" src=\"https:\/\/www.enerjigazetesi.ist\/wp-content\/uploads\/2017\/08\/altensis-cevre-dostu-cozumleriyle-yesil-kentler-meydana-getiriyor-300x168.jpg\" alt=\"altensis-cevre-dostu-cozumleriyle-yesil-kentler-meydana-getiriyor\" width=\"300\" height=\"168\" srcset=\"https:\/\/www.enerjigazetesi.ist\/wp-content\/uploads\/2017\/08\/altensis-cevre-dostu-cozumleriyle-yesil-kentler-meydana-getiriyor-300x168.jpg 300w, https:\/\/www.enerjigazetesi.ist\/wp-content\/uploads\/2017\/08\/altensis-cevre-dostu-cozumleriyle-yesil-kentler-meydana-getiriyor-500x281.jpg 500w, https:\/\/www.enerjigazetesi.ist\/wp-content\/uploads\/2017\/08\/altensis-cevre-dostu-cozumleriyle-yesil-kentler-meydana-getiriyor-80x45.jpg 80w, https:\/\/www.enerjigazetesi.ist\/wp-content\/uploads\/2017\/08\/altensis-cevre-dostu-cozumleriyle-yesil-kentler-meydana-getiriyor.jpg 640w\" sizes=\"(max-width: 300px) 100vw, 300px\" \/><\/a>kentin altyap\u0131s\u0131ndan binalar\u0131na kadar pek \u00e7ok noktas\u0131n\u0131n ye\u015fil bir anlay\u0131\u015fla in\u015fa edilmesi gerekti\u011fini savunan Altensis ekibi, bug\u00fcne kadar ye\u015fil bina sertifikas\u0131 ald\u0131rd\u0131\u011f\u0131 100&#8217;\u00fc a\u015fk\u0131n binan\u0131n yan\u0131nda kentin ula\u015ft\u0131rma ve lojistik yat\u0131r\u0131mlar\u0131n\u0131n da \u00e7evre dostu olmas\u0131 i\u00e7in \u00f6nc\u00fcl\u00fc\u011f\u00fcn\u00fc s\u00fcrd\u00fcrmektedir.<\/p>\n<p class=\"selectionShareable\"><strong>T\u00fcrkiye, LEED s\u0131ralamas\u0131nda d\u00fcnyada ilk 10 \u00fclke aras\u0131nda<\/strong><\/p>\n<p class=\"selectionShareable\">Emre Il\u0131cal\u0131, kentle\u015fme oran\u0131n\u0131n her ge\u00e7en g\u00fcn artt\u0131\u011f\u0131 bir d\u00fcnyada, s\u00fcrd\u00fcr\u00fclebilir ve ye\u015fil kentlere yap\u0131lacak bir yat\u0131r\u0131m\u0131n asl\u0131nda o \u00fclkenin kendi do\u011fal kaynaklar\u0131na, do\u011fas\u0131na ve de en \u00f6nemlisi insan\u0131na yap\u0131lacak yat\u0131r\u0131m olaca\u011f\u0131n\u0131 s\u00f6yledi. Altensis olarak bug\u00fcn itibar\u0131yla T\u00fcrkiye&#8217;de yakla\u015f\u0131k 100&#8217;\u00fcn \u00fczerinde projeye ye\u015fil bina sertifikaland\u0131rma s\u00fcrecinde dan\u0131\u015fmanl\u0131k verdiklerini ve vermekte olduklar\u0131n\u0131 anlatan Emre Il\u0131cal\u0131, LEED s\u0131ralamas\u0131nda T\u00fcrkiye&#8217;nin d\u00fcnyada ilk 10 \u00fclke aras\u0131na girmesine ra\u011fmen, asl\u0131nda in\u015faat sekt\u00f6r\u00fcn\u00fcn mevcut b\u00fcy\u00fcme h\u0131z\u0131nda \u00e7ok daha fazla ye\u015fil bina alan\u0131na kavu\u015fmas\u0131 gerekti\u011fini ifade etti.<\/p>\n<p class=\"selectionShareable\">Haberin <a href=\"https:\/\/www.haberler.com\/altensis-cevre-dostu-cozumlerle-yesil-kentlere-9929185-haberi\/\" target=\"_blank\" rel=\"nofollow\">Devam\u0131 \u0130\u00e7in TIKLAYINIZ&gt;&gt;&gt;<\/a><\/p>\n<p><\/p>","protected":false},"excerpt":{"rendered":"<p>Sorry, this entry is only available in Turkish. For the sake of viewer convenience, the content is shown below in the alternative language. You may click the link to switch the active language. Altensis, Sabiha G\u00f6k\u00e7en&#8217;de Habom binas\u0131, Had\u0131mk\u00f6y&#8217;de Sertrans&#8217;\u0131n Lojistik merkezi, \u0130zmir&#8217;de UPS&#8217;in Lojistik Operasyon Merkezinin de aralar\u0131nda bulundu\u011fu bir\u00e7ok projede yer al\u0131p son [&hellip;]<\/p>\n","protected":false},"author":1,"featured_media":66519,"comment_status":"open","ping_status":"open","sticky":false,"template":"","format":"standard","meta":[],"categories":[53,52],"tags":[2203,1100,19717,67,34923,23311,12,26559,2932,684,34975,793,87,34976,2797],"views":1621,"_links":{"self":[{"href":"https:\/\/www.enerjigazetesi.ist\/en\/wp-json\/wp\/v2\/posts\/66518"}],"collection":[{"href":"https:\/\/www.enerjigazetesi.ist\/en\/wp-json\/wp\/v2\/posts"}],"about":[{"href":"https:\/\/www.enerjigazetesi.ist\/en\/wp-json\/wp\/v2\/types\/post"}],"author":[{"embeddable":true,"href":"https:\/\/www.enerjigazetesi.ist\/en\/wp-json\/wp\/v2\/users\/1"}],"replies":[{"embeddable":true,"href":"https:\/\/www.enerjigazetesi.ist\/en\/wp-json\/wp\/v2\/comments?post=66518"}],"version-history":[{"count":1,"href":"https:\/\/www.enerjigazetesi.ist\/en\/wp-json\/wp\/v2\/posts\/66518\/revisions"}],"predecessor-version":[{"id":66520,"href":"https:\/\/www.enerjigazetesi.ist\/en\/wp-json\/wp\/v2\/posts\/66518\/revisions\/66520"}],"wp:featuredmedia":[{"embeddable":true,"href":"https:\/\/www.enerjigazetesi.ist\/en\/wp-json\/wp\/v2\/media\/66519"}],"wp:attachment":[{"href":"https:\/\/www.enerjigazetesi.ist\/en\/wp-json\/wp\/v2\/media?parent=66518"}],"wp:term":[{"taxonomy":"category","embeddable":true,"href":"https:\/\/www.enerjigazetesi.ist\/en\/wp-json\/wp\/v2\/categories?post=66518"},{"taxonomy":"post_tag","embeddable":true,"href":"https:\/\/www.enerjigazetesi.ist\/en\/wp-json\/wp\/v2\/tags?post=66518"}],"curies":[{"name":"wp","href":"https:\/\/api.w.org\/{rel}","templated":true}]}}