{"id":66515,"date":"2017-08-15T10:43:44","date_gmt":"2017-08-15T07:43:44","guid":{"rendered":"https:\/\/www.enerjigazetesi.ist\/?p=66515"},"modified":"2017-08-15T10:43:44","modified_gmt":"2017-08-15T07:43:44","slug":"ruzgar-enerjisi-yatirimlarinda-hareket-imzasi","status":"publish","type":"post","link":"https:\/\/www.enerjigazetesi.ist\/en\/ruzgar-enerjisi-yatirimlarinda-hareket-imzasi\/","title":{"rendered":"(Turkish) R\u00fczgar Enerjisi Yat\u0131r\u0131mlar\u0131nda Hareket \u0130mzas\u0131"},"content":{"rendered":"<p class=\"qtranxs-available-languages-message qtranxs-available-languages-message-en\">Sorry, this entry is only available in <a href=\"https:\/\/www.enerjigazetesi.ist\/tr\/wp-json\/wp\/v2\/posts\/66515\" class=\"qtranxs-available-language-link qtranxs-available-language-link-tr\" title=\"Turkish\">Turkish<\/a>. For the sake of viewer convenience, the content is shown below in the alternative language. You may click the link to switch the active language.<\/p><p><strong>Proje ta\u015f\u0131mac\u0131l\u0131\u011f\u0131 ve y\u00fck m\u00fchendisli\u011fi alan\u0131nda faaliyet g\u00f6steren Hareket, toplam 2.500 MW g\u00fcc\u00fcnde r\u00fczgar enerjisi santrali kurulumunun ta\u015f\u0131ma ve montaj i\u015flemlerini ger\u00e7ekle\u015ftirerek, r\u00fczgar enerjisi yat\u0131r\u0131mlar\u0131n\u0131n yar\u0131s\u0131nda anahtar teslim hizmet sundu. Sekt\u00f6r\u00fcnde d\u00fcnyan\u0131n 24. firmas\u0131 konumunda bulunan Hareket\u2019in Genel M\u00fcd\u00fcr\u00fc Engin Kuzucu, firman\u0131n faaliyetleri ve yat\u0131r\u0131mlar\u0131 hakk\u0131nda bilgi aktard\u0131.<\/strong><\/p>\n<p>Proje ta\u015f\u0131mac\u0131l\u0131\u011f\u0131 ve y\u00fck m\u00fchendisli\u011fi sekt\u00f6r\u00fcnde T\u00fcrkiye\u2019nin lider firmas\u0131 <strong>Hareket<\/strong>\u2019in <strong>Genel M\u00fcd\u00fcr\u00fc Engin Kuzucu<\/strong>, enerji sekt\u00f6r\u00fcn\u00fc y\u00f6nelik yo\u011fun \u00e7al\u0131\u015fmalar y\u00fcr\u00fctt\u00fcklerini belirterek, \u201c\u015eu ana kadar T\u00fcrkiye\u2019de ger\u00e7ekle\u015ftirilen r\u00fczgar enerji yat\u0131r\u0131mlar\u0131n\u0131n yakla\u015f\u0131k % 50\u2019si \u015firket<a href=\"https:\/\/www.enerjigazetesi.ist\/wp-content\/uploads\/2017\/08\/ruzgar-enerjisi-yatirimlarinda-hareket-imzasi.jpg\"><img loading=\"lazy\" class=\"alignleft size-medium wp-image-66516\" src=\"https:\/\/www.enerjigazetesi.ist\/wp-content\/uploads\/2017\/08\/ruzgar-enerjisi-yatirimlarinda-hareket-imzasi-300x224.jpg\" alt=\"???????????????????????????????\" width=\"300\" height=\"224\" srcset=\"https:\/\/www.enerjigazetesi.ist\/wp-content\/uploads\/2017\/08\/ruzgar-enerjisi-yatirimlarinda-hareket-imzasi-300x224.jpg 300w, https:\/\/www.enerjigazetesi.ist\/wp-content\/uploads\/2017\/08\/ruzgar-enerjisi-yatirimlarinda-hareket-imzasi-500x374.jpg 500w, https:\/\/www.enerjigazetesi.ist\/wp-content\/uploads\/2017\/08\/ruzgar-enerjisi-yatirimlarinda-hareket-imzasi-66x50.jpg 66w, https:\/\/www.enerjigazetesi.ist\/wp-content\/uploads\/2017\/08\/ruzgar-enerjisi-yatirimlarinda-hareket-imzasi.jpg 850w\" sizes=\"(max-width: 300px) 100vw, 300px\" \/><\/a>imiz taraf\u0131ndan ta\u015f\u0131nd\u0131 ve montaj\u0131 yap\u0131ld\u0131. Bug\u00fcne kadar toplam 2.500 MW r\u00fczgar santralinin kurulumuna katk\u0131da bulunduk. R\u00fczgar enerji yat\u0131r\u0131mc\u0131lar\u0131na anahtar teslim hizmet sunmaktay\u0131z\u201d bilgisini verdi.<\/p>\n<p><strong>Enerji ve altyap\u0131 projeleri sekt\u00f6r\u00fc b\u00fcy\u00fct\u00fcyor<\/strong><\/p>\n<p>T\u00fcrkiye ve d\u00fcnyan\u0131n bir\u00e7ok \u00fclkesinde \u00f6nemli projelerde yer ald\u0131klar\u0131n\u0131 kaydeden <strong>Kuzucu<\/strong>, \u015funlar\u0131 s\u00f6yledi: \u201cD\u00fcnyan\u0131n h\u0131zla b\u00fcy\u00fcyen ve geli\u015fen ekonomisine paralel olarak yat\u0131r\u0131mlar dev boyutlara ula\u015ft\u0131. Ba\u015fta enerji ve altyap\u0131 olmak \u00fczere dev \u00f6l\u00e7eklerde projeler hayata ge\u00e7iriliyor. Hareket olarak biz de bir\u00e7ok b\u00fcy\u00fck projede yer ald\u0131k. \u00d6rne\u011fin b\u00f6lgenin enerji haritas\u0131n\u0131 de\u011fi\u015ftirecek, Azerbaycan gaz\u0131n\u0131 Avrupa\u2019ya ula\u015ft\u0131racak, Avrupa\u2019n\u0131n enerji g\u00fcvenli\u011fini sa\u011flayacak ve yeni gaz kaynaklar\u0131n\u0131 sunacak olan \u015eah Deniz Projesinin 2. faz\u0131nda \u0130ngiliz, Hollandal\u0131 ve Bel\u00e7ikal\u0131 rakiplerimizi geride b\u0131rakarak \u00e7al\u0131\u015fmaya hak kazanmam\u0131z gibi bir\u00e7ok proje s\u00f6z konusu. T\u00fcrkiye, T\u00fcrkmenistan, Azerbaycan, \u00d6zbekistan, Bulgaristan, Kazakistan, Romanya, G\u00fcrcistan, Ukrayna, Rusya, Yunanistan, Birle\u015fik Arap Emirlikleri, Irak, \u0130ran, Katar, Kenya, M\u0131s\u0131r, Suriye, Libya, Suudi Arabistan, \u00dcrd\u00fcn ve Yemen\u2019de \u00f6nemli projelerde yerli ve yabanc\u0131 \u015firketlere hizmetler verdik ve vermeye devam ediyoruz.\u201d<\/p>\n<p><strong>Deneyimli m\u00fchendislik ve makine yat\u0131r\u0131m\u0131 kilit fakt\u00f6rler<\/strong><\/p>\n<p>Proje ta\u015f\u0131mac\u0131l\u0131\u011f\u0131nda en \u00f6nemli fakt\u00f6r\u00fcn deneyimli m\u00fchendislik ve uzman kadro oldu\u011funu ifade eden <strong>Kuzucu<\/strong>, sekt\u00f6rde makine ekipmanlar\u0131na s\u00fcrekli yat\u0131r\u0131m yap\u0131lmas\u0131n\u0131n da ayn\u0131 derecede kritik \u00f6neme sahip oldu\u011funu kaydetti.<\/p>\n<p><strong>Kuzucu<\/strong>, <strong>Hareket<\/strong>\u2019in son d\u00f6nem yat\u0131r\u0131mlar\u0131 hakk\u0131nda \u015fu bilgileri verdi: \u201c2016 y\u0131l\u0131nda 10 milyon euro yat\u0131r\u0131m yapt\u0131k.Ger\u00e7ekle\u015ftirdi\u011fimiz bu yat\u0131r\u0131mlarla son 7 y\u0131lda yapt\u0131\u011f\u0131m\u0131z yat\u0131r\u0131m tutar\u0131 65 milyon euro oldu. 2010 y\u0131l\u0131 ba\u015f\u0131nda 180 olan \u00e7al\u0131\u015fan say\u0131m\u0131z ise bug\u00fcn itibariyle 414 ki\u015fiye ula\u015ft\u0131. 2017 y\u0131l\u0131nda da b\u00fct\u00e7emizin %30\u2019unu yat\u0131r\u0131mlar\u0131m\u0131za ay\u0131rd\u0131k. Teknolojinin yeni olanaklar\u0131n\u0131 sunan makinelere yat\u0131r\u0131m yapmazsan\u0131z, uluslararas\u0131 alanda geri planda kal\u0131rs\u0131n\u0131z. Bu konuda Hareket d\u00fcnyan\u0131n \u00f6nde gelen kurulu\u015flar\u0131 aras\u0131nda bulunuyor. KHL\u2019nin k\u00fcresel yay\u0131n organ\u0131 International Cranes dergisi taraf\u0131ndan her y\u0131l yay\u0131nlanan, d\u00fcnyan\u0131n ta\u015f\u0131ma kapasitesi en b\u00fcy\u00fck a\u011f\u0131r nakliye hizmeti firmalar\u0131n\u0131n listelendi\u011fi ICT50 listesinde, 2016 y\u0131l\u0131nda 24. s\u0131raya yerle\u015ftik. D\u00fcnyan\u0131n en b\u00fcy\u00fck firmalar\u0131n\u0131n yer ald\u0131\u011f\u0131 listede 24. s\u0131rada yer alarak T\u00fcrkiye\u2019ye prestij sa\u011flayan \u00f6nemli bir ba\u015far\u0131ya imza atm\u0131\u015f olduk.\u201d<\/p>","protected":false},"excerpt":{"rendered":"<p>Sorry, this entry is only available in Turkish. For the sake of viewer convenience, the content is shown below in the alternative language. You may click the link to switch the active language.Proje ta\u015f\u0131mac\u0131l\u0131\u011f\u0131 ve y\u00fck m\u00fchendisli\u011fi alan\u0131nda faaliyet g\u00f6steren Hareket, toplam 2.500 MW g\u00fcc\u00fcnde r\u00fczgar enerjisi santrali kurulumunun ta\u015f\u0131ma ve montaj i\u015flemlerini ger\u00e7ekle\u015ftirerek, r\u00fczgar [&hellip;]<\/p>\n","protected":false},"author":1,"featured_media":66516,"comment_status":"open","ping_status":"open","sticky":false,"template":"","format":"standard","meta":[],"categories":[53,50],"tags":[67,1009,34923,23311,20723,20724,20726,24949,34973,34972,34970,4013,23318,34961,34960,34971,34974],"views":1435,"_links":{"self":[{"href":"https:\/\/www.enerjigazetesi.ist\/en\/wp-json\/wp\/v2\/posts\/66515"}],"collection":[{"href":"https:\/\/www.enerjigazetesi.ist\/en\/wp-json\/wp\/v2\/posts"}],"about":[{"href":"https:\/\/www.enerjigazetesi.ist\/en\/wp-json\/wp\/v2\/types\/post"}],"author":[{"embeddable":true,"href":"https:\/\/www.enerjigazetesi.ist\/en\/wp-json\/wp\/v2\/users\/1"}],"replies":[{"embeddable":true,"href":"https:\/\/www.enerjigazetesi.ist\/en\/wp-json\/wp\/v2\/comments?post=66515"}],"version-history":[{"count":1,"href":"https:\/\/www.enerjigazetesi.ist\/en\/wp-json\/wp\/v2\/posts\/66515\/revisions"}],"predecessor-version":[{"id":66517,"href":"https:\/\/www.enerjigazetesi.ist\/en\/wp-json\/wp\/v2\/posts\/66515\/revisions\/66517"}],"wp:featuredmedia":[{"embeddable":true,"href":"https:\/\/www.enerjigazetesi.ist\/en\/wp-json\/wp\/v2\/media\/66516"}],"wp:attachment":[{"href":"https:\/\/www.enerjigazetesi.ist\/en\/wp-json\/wp\/v2\/media?parent=66515"}],"wp:term":[{"taxonomy":"category","embeddable":true,"href":"https:\/\/www.enerjigazetesi.ist\/en\/wp-json\/wp\/v2\/categories?post=66515"},{"taxonomy":"post_tag","embeddable":true,"href":"https:\/\/www.enerjigazetesi.ist\/en\/wp-json\/wp\/v2\/tags?post=66515"}],"curies":[{"name":"wp","href":"https:\/\/api.w.org\/{rel}","templated":true}]}}