{"id":66503,"date":"2017-08-14T15:13:38","date_gmt":"2017-08-14T12:13:38","guid":{"rendered":"https:\/\/www.enerjigazetesi.ist\/?p=66503"},"modified":"2017-08-14T15:13:38","modified_gmt":"2017-08-14T12:13:38","slug":"yerli-ruzgar-enerjisini-kanatlandiracak-belge-cikiyor","status":"publish","type":"post","link":"https:\/\/www.enerjigazetesi.ist\/en\/yerli-ruzgar-enerjisini-kanatlandiracak-belge-cikiyor\/","title":{"rendered":"(Turkish) Yerli R\u00fczgar Enerjisini Kanatland\u0131racak Belge \u00c7\u0131k\u0131yor!"},"content":{"rendered":"<p class=\"qtranxs-available-languages-message qtranxs-available-languages-message-en\">Sorry, this entry is only available in <a href=\"https:\/\/www.enerjigazetesi.ist\/tr\/wp-json\/wp\/v2\/posts\/66503\" class=\"qtranxs-available-language-link qtranxs-available-language-link-tr\" title=\"Turkish\">Turkish<\/a>. For the sake of viewer convenience, the content is shown below in the alternative language. You may click the link to switch the active language.<\/p><p><strong>Ge\u00e7ti\u011fimiz g\u00fcnlerde ger\u00e7ekle\u015ftirilen YEKA ihalesi ile t\u00fcm d\u00fcnyan\u0131n g\u00f6z\u00fc T\u00fcrkiye\u2019ye \u00e7evrilmi\u015fken TSE ilk defa 61400 standart belgesini akredite olarak vermek i\u00e7in bir y\u0131ld\u0131r yapt\u0131\u011f\u0131 \u00e7al\u0131\u015fman\u0131n sonuna geldi.\u00a0<\/strong><\/p>\n<p>TSE nin akredite olabilmesi i\u00e7in yerli bir \u00fcr\u00fcn\u00fc belgelendirmesi gerekiyordu. Aselsan \u2013Northel Elektromekanik i\u015f birli\u011fi ile %100 yerli teknoloji, tasar\u0131m ve %100 yerli hammadde kullan\u0131larak \u00fcretti\u011fi 0,3 MW g\u00fcc\u00fcndeki r\u00fczgar t\u00fcrbini \u00fczerinden <a href=\"https:\/\/www.enerjigazetesi.ist\/wp-content\/uploads\/2017\/08\/yerli-ruzgar-enerjisini-kanatlandiracak-belge-cikiyor.jpg\"><img loading=\"lazy\" class=\"alignleft wp-image-66504\" src=\"https:\/\/www.enerjigazetesi.ist\/wp-content\/uploads\/2017\/08\/yerli-ruzgar-enerjisini-kanatlandiracak-belge-cikiyor.jpg\" alt=\"yerli-ruzgar-enerjisini-kanatlandiracak-belge-cikiyor\" width=\"320\" height=\"180\" srcset=\"https:\/\/www.enerjigazetesi.ist\/wp-content\/uploads\/2017\/08\/yerli-ruzgar-enerjisini-kanatlandiracak-belge-cikiyor.jpg 650w, https:\/\/www.enerjigazetesi.ist\/wp-content\/uploads\/2017\/08\/yerli-ruzgar-enerjisini-kanatlandiracak-belge-cikiyor-300x168.jpg 300w, https:\/\/www.enerjigazetesi.ist\/wp-content\/uploads\/2017\/08\/yerli-ruzgar-enerjisini-kanatlandiracak-belge-cikiyor-500x281.jpg 500w, https:\/\/www.enerjigazetesi.ist\/wp-content\/uploads\/2017\/08\/yerli-ruzgar-enerjisini-kanatlandiracak-belge-cikiyor-80x45.jpg 80w\" sizes=\"(max-width: 320px) 100vw, 320px\" \/><\/a>akreditasyon i\u015flemi ger\u00e7ekle\u015fti.\u00a0 Milli sertifika kurumlar\u0131m\u0131zdan T\u00fcrk Loydu\u2019 ndan sonra TSE nin akreditasyonunun da b\u00f6ylece sona gelinmi\u015f oldu. Sekt\u00f6rde yerli \u00fcr\u00fcn i\u00e7in \u00e7ok b\u00fcy\u00fck bir \u00f6neme sahip olan t\u00fcrbin Bursa B\u00fcy\u00fck\u015fehir\u00a0Belediye Ba\u015fkan\u0131 Recep Altepe \u2018nin kat\u0131l\u0131m\u0131 ile Mudanya\u2019ya kuruldu.<\/p>\n<p><strong>200 AYRI TESTTEN GE\u00c7T\u0130<\/strong><\/p>\n<p>Northel&#8217;in tasar\u0131m\u0131n\u0131 yaparak, geli\u015ftirdi\u011fi r\u00fczgar t\u00fcrbini, TSE taraf\u0131ndan 61400 standartlar\u0131na uygun olarak 16 ana ba\u015fl\u0131k ve 200 \u00fcn \u00fczerinde alt ba\u015fl\u0131ktaki t\u00fcm testlerden ge\u00e7erek sertifikaland\u0131r\u0131ld\u0131. Yenilenebilir enerji sekt\u00f6r\u00fc i\u00e7in b\u00fcy\u00fck bir a\u015fama olarak nitelendirilen bu belgenin yerli sekt\u00f6re b\u00fcy\u00fck bir hareketlilik kazand\u0131raca\u011f\u0131 belirtildi.<\/p>\n<p><strong>YERL\u0130 \u00a0VE M\u0130LL\u0130<\/strong><strong>\u00a0<\/strong><strong>TEKNOLOJ\u0130 \u0130LE \u00dcRET\u0130LD\u0130<\/strong><\/p>\n<p>%100 yerli ve milli teknoloji ve %100 yerli hammadde ile \u00fcretilen\u00a0t\u00fcrbin i\u00e7in al\u0131nan TS EN 61400 belgesinin\u00a0\u00fclke ekonomisi, sekt\u00f6r\u00a0ve sekt\u00f6re yat\u0131r\u0131m yapan yerli teknoloji \u015firketlerinin geli\u015fimi a\u00e7\u0131s\u0131ndan\u00a0\u00e7ok b\u00fcy\u00fck \u00f6nemi oldu\u011funun alt\u0131n\u0131 \u00e7izen Northel Elektromekanik Ba\u015f Tasar\u0131mc\u0131s\u0131 ve Y\u00f6netim Kurulu Ba\u015fkan Yard\u0131mc\u0131s\u0131 Cem Yal\u00e7\u0131n; &#8220;Y\u0131llard\u0131r, ithal t\u00fcrbinler yurt d\u0131\u015f\u0131ndan sa\u011flad\u0131klar\u0131 belgeler ile ulusal \u015febekemize ba\u011flanabilme izni ald\u0131klar\u0131ndan, ayr\u0131ca ulusal bir sertifika kurumuna ihtiya\u00e7 duyulmuyordu, bu nedenle yerli \u015firketlerin bu belgeyi alabilmelerinin \u00f6n\u00fc kapal\u0131yd\u0131. Bu konuda \u00f6nce T\u00fcrk Loydu ard\u0131ndan da TSE nin konuya milli ve yerli olarak yakla\u015fmas\u0131 \u00fczerine Aselsan-Northel\u00a0i\u015fbirli\u011fi ile \u00fcretilen t\u00fcrbin, bu belgeyi alabilmek i\u00e7in gerekli test ortam\u0131na, y\u00f6ntemlerine\u00a0de \u00f6rnek te\u015fkil ederek, MW t\u00fcrbinlerin bir y\u0131l i\u00e7inde %100 yerli \u00fcretimine ortam sa\u011flam\u0131\u015f oldu&#8221; dedi.<\/p>\n<p><strong>Y\u00dcZDE Y\u00dcZ YERL\u0130 VE M\u0130LL\u0130<\/strong><strong>\u00a0<\/strong><strong> T\u00dcRB\u0130N<\/strong><\/p>\n<p>Sistem m\u00fchendisli\u011finin tamamen kendilerine ait oldu\u011funu ve en az elli uzman firmadan olu\u015fan bir tedarik\u00e7i a\u011f\u0131yla \u00e7al\u0131\u015fmakta olduklar\u0131n\u0131 vurgulayan Northel Elektromekanik Ba\u015f Tasar\u0131mc\u0131s\u0131 ve Y\u00f6netim Kurulu Ba\u015fkan Yard\u0131mc\u0131s\u0131 Cem Yal\u00e7\u0131n; \u201cMW g\u00fc\u00e7te t\u00fcrbin \u00fcretimi konusunda \u00fclkemizde teknolojik hi\u00e7bir eksikli\u011fi bulunmamaktad\u0131r. \u00d6zellikle Alternat\u00f6r, G\u00fc\u00e7 Elektroni\u011fi, Kanat, Kanat Kal\u0131plar\u0131, Kule ve G\u00f6vde t\u00fcm\u00fcyle yerli imkanlar ile \u00fcretilmektedir. Northel \u00a02003 y\u0131l\u0131nda \u0130stanbul\u2019daki merkezinde 3-5 kW g\u00fc\u00e7lerde r\u00fczgar t\u00fcrbinlerini tasarlayarak ba\u015flad\u0131\u011f\u0131 noktadan bug\u00fcn MW g\u00fc\u00e7lerde t\u00fcrbin yapmaya haz\u0131r hale gelmesi\u00a0 10 y\u0131ll\u0131k bir \u00e7al\u0131\u015fman\u0131n sonucudur&#8221; dedi.<\/p>\n<p><strong>ASELSAN \u0130LE YOLA DEVAM<\/strong><\/p>\n<p>Teknolojik geli\u015fimin, saha tecr\u00fcbesi ve i\u015fbirlikleriyle olabilece\u011fini, kendini yenileyemeyen firmalar\u0131n b\u00fcy\u00fcyemeyece\u011fini belirten Cem Yal\u00e7\u0131n, Aselsan\u2019\u0131n Northel t\u00fcrbinlerinin g\u00fc\u00e7 elektroni\u011fi b\u00f6l\u00fcm\u00fcnde sa\u011flad\u0131\u011f\u0131\u00a0 katk\u0131 ile t\u00fcrbinlerin global\u00a0 pazarlarda rekabet\u00e7i olabildi\u011fini belirtti.<\/p>\n<p>Yerlile\u015feme ad\u0131na yap\u0131lan \u00f6zverili \u00e7al\u0131\u015fmalar i\u00e7in Aselsan UGES birimine, TSE yetkililerine ve T\u00fcrk Loydu\u2019na te\u015fekk\u00fcrlerini iletti. Bu \u015fekilde olu\u015fan bir \u00e7al\u0131\u015fma modeli ile 2018 de 1,2 MW devam\u0131nda da 2019 y\u0131l\u0131nda 2,6 MW hedefliyoruz \u2018\u2019dedi.<\/p>","protected":false},"excerpt":{"rendered":"<p>Sorry, this entry is only available in Turkish. For the sake of viewer convenience, the content is shown below in the alternative language. You may click the link to switch the active language.Ge\u00e7ti\u011fimiz g\u00fcnlerde ger\u00e7ekle\u015ftirilen YEKA ihalesi ile t\u00fcm d\u00fcnyan\u0131n g\u00f6z\u00fc T\u00fcrkiye\u2019ye \u00e7evrilmi\u015fken TSE ilk defa 61400 standart belgesini akredite olarak vermek i\u00e7in bir y\u0131ld\u0131r [&hellip;]<\/p>\n","protected":false},"author":1,"featured_media":66504,"comment_status":"open","ping_status":"open","sticky":false,"template":"","format":"standard","meta":[],"categories":[53,50],"tags":[34964,34962,34963,34965,67,1009,34923,23311,30360,26269,24949,23318,34961,34960,4162,12163,12158],"views":14979,"_links":{"self":[{"href":"https:\/\/www.enerjigazetesi.ist\/en\/wp-json\/wp\/v2\/posts\/66503"}],"collection":[{"href":"https:\/\/www.enerjigazetesi.ist\/en\/wp-json\/wp\/v2\/posts"}],"about":[{"href":"https:\/\/www.enerjigazetesi.ist\/en\/wp-json\/wp\/v2\/types\/post"}],"author":[{"embeddable":true,"href":"https:\/\/www.enerjigazetesi.ist\/en\/wp-json\/wp\/v2\/users\/1"}],"replies":[{"embeddable":true,"href":"https:\/\/www.enerjigazetesi.ist\/en\/wp-json\/wp\/v2\/comments?post=66503"}],"version-history":[{"count":1,"href":"https:\/\/www.enerjigazetesi.ist\/en\/wp-json\/wp\/v2\/posts\/66503\/revisions"}],"predecessor-version":[{"id":66505,"href":"https:\/\/www.enerjigazetesi.ist\/en\/wp-json\/wp\/v2\/posts\/66503\/revisions\/66505"}],"wp:featuredmedia":[{"embeddable":true,"href":"https:\/\/www.enerjigazetesi.ist\/en\/wp-json\/wp\/v2\/media\/66504"}],"wp:attachment":[{"href":"https:\/\/www.enerjigazetesi.ist\/en\/wp-json\/wp\/v2\/media?parent=66503"}],"wp:term":[{"taxonomy":"category","embeddable":true,"href":"https:\/\/www.enerjigazetesi.ist\/en\/wp-json\/wp\/v2\/categories?post=66503"},{"taxonomy":"post_tag","embeddable":true,"href":"https:\/\/www.enerjigazetesi.ist\/en\/wp-json\/wp\/v2\/tags?post=66503"}],"curies":[{"name":"wp","href":"https:\/\/api.w.org\/{rel}","templated":true}]}}