{"id":66480,"date":"2017-08-14T12:05:29","date_gmt":"2017-08-14T09:05:29","guid":{"rendered":"https:\/\/www.enerjigazetesi.ist\/?p=66480"},"modified":"2017-08-14T12:05:29","modified_gmt":"2017-08-14T09:05:29","slug":"aksa-jenerator-bati-afrika-pazarinda-buyumesini-surduruyor","status":"publish","type":"post","link":"https:\/\/www.enerjigazetesi.ist\/en\/aksa-jenerator-bati-afrika-pazarinda-buyumesini-surduruyor\/","title":{"rendered":"(Turkish) AKSA Jenerat\u00f6r, Bat\u0131 Afrika Pazar\u0131nda B\u00fcy\u00fcmesini S\u00fcrd\u00fcr\u00fcyor"},"content":{"rendered":"<p class=\"qtranxs-available-languages-message qtranxs-available-languages-message-en\">Sorry, this entry is only available in <a href=\"https:\/\/www.enerjigazetesi.ist\/tr\/wp-json\/wp\/v2\/posts\/66480\" class=\"qtranxs-available-language-link qtranxs-available-language-link-tr\" title=\"Turkish\">Turkish<\/a>. For the sake of viewer convenience, the content is shown below in the alternative language. You may click the link to switch the active language.<\/p><p><strong>D\u00fcnyan\u0131n ilk be\u015f jenerat\u00f6r \u00fcreticisinden biri olan<\/strong> <strong>T\u00fcrkiye\u2019nin lider jenerat\u00f6r markas\u0131 AKSA Jenerat\u00f6r, 10-12 A\u011fustos tarihleri aras\u0131nda ger\u00e7ekle\u015fen Powerelec Ghana Fuar\u0131\u2019nda kesintisiz enerji i\u00e7in sundu\u011fu \u00e7\u00f6z\u00fcm ve hizmetleri tan\u0131tt\u0131.<\/strong><\/p>\n<p>T\u00fcrkiye\u2019nin lider jenerat\u00f6r markas\u0131 AKSA Jenerat\u00f6r, 10-12 A\u011fustos tarihleri aras\u0131nda Gana\u2019da ger\u00e7ekle\u015fen Powerelec Ghana<img loading=\"lazy\" class=\"alignright size-medium wp-image-66481\" src=\"https:\/\/www.enerjigazetesi.ist\/wp-content\/uploads\/2017\/08\/aksa-jenerator-bati-afrika-pazarinda-buyumesini-surduruyor-300x168.jpg\" alt=\"aksa-jenerator-bati-afrika-pazarinda-buyumesini-surduruyor\" width=\"300\" height=\"168\" srcset=\"https:\/\/www.enerjigazetesi.ist\/wp-content\/uploads\/2017\/08\/aksa-jenerator-bati-afrika-pazarinda-buyumesini-surduruyor-300x168.jpg 300w, https:\/\/www.enerjigazetesi.ist\/wp-content\/uploads\/2017\/08\/aksa-jenerator-bati-afrika-pazarinda-buyumesini-surduruyor-500x281.jpg 500w, https:\/\/www.enerjigazetesi.ist\/wp-content\/uploads\/2017\/08\/aksa-jenerator-bati-afrika-pazarinda-buyumesini-surduruyor-80x45.jpg 80w, https:\/\/www.enerjigazetesi.ist\/wp-content\/uploads\/2017\/08\/aksa-jenerator-bati-afrika-pazarinda-buyumesini-surduruyor.jpg 650w\" sizes=\"(max-width: 300px) 100vw, 300px\" \/> 2017 Fuar\u0131\u2019na kat\u0131ld\u0131. Bat\u0131 Afrika pazar\u0131n\u0131n en \u00f6nemli fuarlar\u0131ndan biri olan Powerelec Ghana\u2019ya kat\u0131lan uluslararas\u0131 \u015firketler termal enerji, yeni ve yenilenebilir enerji tesisleri, iletim ve da\u011f\u0131t\u0131m ekipmanlar\u0131, \u00e7evre dostu \u00fcr\u00fcnler ve ak\u0131ll\u0131 teknolojiler, enerji \u00fcretimi alan\u0131nda sunduklar\u0131 \u00fcr\u00fcn ve hizmetleri tan\u0131tt\u0131. Ge\u00e7en y\u0131l oldu\u011fu gibi bu y\u0131l da Powerelec Ghana Fuar\u0131\u2019na kat\u0131lan AKSA Jenerat\u00f6r ise kesintisiz enerji i\u00e7in sundu\u011fu \u00e7\u00f6z\u00fcm ve hizmetleri sekt\u00f6r profesyonellerine aktarma f\u0131rsat\u0131n\u0131 yakalad\u0131.<\/p>\n<p>Fuara ili\u015fkin konu\u015fan <strong>Aksa Jenerat\u00f6r Ceo\u2019su Alper Peker<\/strong>, \u201c<em>Gana, Afrika b\u00f6lgesindeki enerji sekt\u00f6r\u00fcn\u00fcn y\u00fckselen de\u011ferlerinden biri. Biz de Aksa Jenerat\u00f6r olarak, iki y\u0131l\u0131 a\u015fk\u0131n bir s\u00fcredir Gana\u2019da faaliyet g\u00f6steriyoruz. Aksa Enerji taraf\u0131ndan kurulan enerji santrali \u00fcretime ba\u015flad\u0131 ve Aksa Jenerat\u00f6r olarak biz de jenerat\u00f6r tedariki anlam\u0131nda sat\u0131\u015f ve servis faaliyetlerimiz ile Gana enerji piyasas\u0131nda pay\u0131m\u0131z\u0131 ve bilinirli\u011fimizi her ge\u00e7en g\u00fcn art\u0131r\u0131yoruz. Bundan sonras\u0131 i\u00e7in hedefimiz Gana\u2019n\u0131n yan\u0131 s\u0131ra di\u011fer b\u00f6lge \u00fclkeleriyle birlikte ticaret hacmimizi daha da art\u0131rmak. Sekt\u00f6r\u00fcn profesyonelleriyle bir araya geldi\u011fimiz bu fuar\u0131n, hedefimizi ger\u00e7ekle\u015ftirme yolunda b\u00fcy\u00fck bir ad\u0131m oldu\u011funa inan\u0131yoruz\u201d <\/em>dedi.<\/p>","protected":false},"excerpt":{"rendered":"<p>Sorry, this entry is only available in Turkish. For the sake of viewer convenience, the content is shown below in the alternative language. You may click the link to switch the active language.D\u00fcnyan\u0131n ilk be\u015f jenerat\u00f6r \u00fcreticisinden biri olan T\u00fcrkiye\u2019nin lider jenerat\u00f6r markas\u0131 AKSA Jenerat\u00f6r, 10-12 A\u011fustos tarihleri aras\u0131nda ger\u00e7ekle\u015fen Powerelec Ghana Fuar\u0131\u2019nda kesintisiz enerji [&hellip;]<\/p>\n","protected":false},"author":1,"featured_media":66481,"comment_status":"open","ping_status":"open","sticky":false,"template":"","format":"standard","meta":[],"categories":[51,53],"tags":[12982,28913,34956,34955],"views":1028,"_links":{"self":[{"href":"https:\/\/www.enerjigazetesi.ist\/en\/wp-json\/wp\/v2\/posts\/66480"}],"collection":[{"href":"https:\/\/www.enerjigazetesi.ist\/en\/wp-json\/wp\/v2\/posts"}],"about":[{"href":"https:\/\/www.enerjigazetesi.ist\/en\/wp-json\/wp\/v2\/types\/post"}],"author":[{"embeddable":true,"href":"https:\/\/www.enerjigazetesi.ist\/en\/wp-json\/wp\/v2\/users\/1"}],"replies":[{"embeddable":true,"href":"https:\/\/www.enerjigazetesi.ist\/en\/wp-json\/wp\/v2\/comments?post=66480"}],"version-history":[{"count":1,"href":"https:\/\/www.enerjigazetesi.ist\/en\/wp-json\/wp\/v2\/posts\/66480\/revisions"}],"predecessor-version":[{"id":66482,"href":"https:\/\/www.enerjigazetesi.ist\/en\/wp-json\/wp\/v2\/posts\/66480\/revisions\/66482"}],"wp:featuredmedia":[{"embeddable":true,"href":"https:\/\/www.enerjigazetesi.ist\/en\/wp-json\/wp\/v2\/media\/66481"}],"wp:attachment":[{"href":"https:\/\/www.enerjigazetesi.ist\/en\/wp-json\/wp\/v2\/media?parent=66480"}],"wp:term":[{"taxonomy":"category","embeddable":true,"href":"https:\/\/www.enerjigazetesi.ist\/en\/wp-json\/wp\/v2\/categories?post=66480"},{"taxonomy":"post_tag","embeddable":true,"href":"https:\/\/www.enerjigazetesi.ist\/en\/wp-json\/wp\/v2\/tags?post=66480"}],"curies":[{"name":"wp","href":"https:\/\/api.w.org\/{rel}","templated":true}]}}