{"id":6645,"date":"2013-02-14T15:58:45","date_gmt":"2013-02-14T12:58:45","guid":{"rendered":"https:\/\/www.enerjigazetesi.ist\/?p=6645"},"modified":"2013-02-14T15:59:16","modified_gmt":"2013-02-14T12:59:16","slug":"gunes-elektrigine-tesvik-var","status":"publish","type":"post","link":"https:\/\/www.enerjigazetesi.ist\/en\/gunes-elektrigine-tesvik-var\/","title":{"rendered":"(Turkish) G\u00fcne\u015f Elektri\u011fine Te\u015fvik Var!"},"content":{"rendered":"<p class=\"qtranxs-available-languages-message qtranxs-available-languages-message-en\">Sorry, this entry is only available in <a href=\"https:\/\/www.enerjigazetesi.ist\/tr\/wp-json\/wp\/v2\/posts\/6645\" class=\"qtranxs-available-language-link qtranxs-available-language-link-tr\" title=\"Turkish\">Turkish<\/a>. For the sake of viewer convenience, the content is shown below in the alternative language. You may click the link to switch the active language.<\/p><p><strong>Almanya&#8217;n\u0131n g\u00fcne\u015f elektri\u011fi kurulumlar\u0131nda kullan\u0131lacak enerji depolama sistemleri i\u00e7in yeni bir te\u015fvik program\u0131n\u0131 devreye alaca\u011f\u0131 bildirildi.<\/strong><\/p>\n<p>Konu hakk\u0131nda Alman h\u00fck\u00fcmeti taraf\u0131ndan hen\u00fcz bir a\u00e7\u0131klama yap\u0131lmad\u0131. Fakat \u00e7e\u015fitli Alman medya kurulu\u015flar\u0131na g\u00f6re Alman \u00c7evre Bakanl\u0131\u011f\u0131 \u015eubat ay\u0131nda program hakk\u0131nda resmi bilgileri kamuoyu ile payla\u015facak.<\/p>\n<p><img loading=\"lazy\" class=\"alignleft size-full wp-image-6646\" title=\"gunes-enerji-si-tesvik\" src=\"https:\/\/www.enerjigazetesi.ist\/wp-content\/uploads\/2013\/02\/gunes-enerji-si-tesvik.jpg\" alt=\"\" width=\"282\" height=\"225\" srcset=\"https:\/\/www.enerjigazetesi.ist\/wp-content\/uploads\/2013\/02\/gunes-enerji-si-tesvik.jpg 282w, https:\/\/www.enerjigazetesi.ist\/wp-content\/uploads\/2013\/02\/gunes-enerji-si-tesvik-62x50.jpg 62w\" sizes=\"(max-width: 282px) 100vw, 282px\" \/>Alman medyas\u0131na yans\u0131yan, kesin olmayan bilgilere g\u00f6re program kurulu g\u00fc\u00e7leri devreye al\u0131nma tarihi 31.12.2012&#8217;den sonra olan 30 kW&#8217;a kadar olan k\u00fc\u00e7\u00fck \u00f6l\u00e7ekli sistemleri kapsayacak.<\/p>\n<p>Programdan yararlanmak isteyecek ki\u015fi ve kurulu\u015flara Alman KfW bankas\u0131 taraf\u0131ndan uygun ko\u015fullu finansman sa\u011flanaca\u011f\u0131 ve bu finansman\u0131n y\u00fczde 30 oran\u0131nda Alman \u00c7evre Bakanl\u0131\u011f\u0131 taraf\u0131ndan kar\u015f\u0131lanaca\u011f\u0131 da Alman medyas\u0131na yans\u0131yan bilgiler aras\u0131nda.<\/p>\n<p>Alman \u00c7evre Bakan\u0131 Peter Altmaier konu ile ilgili daha \u00f6nce yapt\u0131\u011f\u0131 a\u00e7\u0131klamada haz\u0131rl\u0131klar\u0131 yap\u0131lan program\u0131n b\u00fct\u00e7esinin en az\u0131ndan 50 milyon avro olaca\u011f\u0131n\u0131 a\u00e7\u0131klam\u0131\u015ft\u0131.<\/p>\n<p>Kaynak: <a href=\"http:\/\/www.energyworld.com.tr\/root.vol?title=gunes-elektrigine-tesvik-var&amp;exec=page&amp;nid=505615\" target=\"_blank\">Energy World<\/a><\/p>","protected":false},"excerpt":{"rendered":"<p>Sorry, this entry is only available in Turkish. For the sake of viewer convenience, the content is shown below in the alternative language. You may click the link to switch the active language.Almanya&#8217;n\u0131n g\u00fcne\u015f elektri\u011fi kurulumlar\u0131nda kullan\u0131lacak enerji depolama sistemleri i\u00e7in yeni bir te\u015fvik program\u0131n\u0131 devreye alaca\u011f\u0131 bildirildi. Konu hakk\u0131nda Alman h\u00fck\u00fcmeti taraf\u0131ndan hen\u00fcz bir [&hellip;]<\/p>\n","protected":false},"author":1,"featured_media":6646,"comment_status":"open","ping_status":"open","sticky":false,"template":"","format":"standard","meta":[],"categories":[51,53,49],"tags":[],"views":592,"_links":{"self":[{"href":"https:\/\/www.enerjigazetesi.ist\/en\/wp-json\/wp\/v2\/posts\/6645"}],"collection":[{"href":"https:\/\/www.enerjigazetesi.ist\/en\/wp-json\/wp\/v2\/posts"}],"about":[{"href":"https:\/\/www.enerjigazetesi.ist\/en\/wp-json\/wp\/v2\/types\/post"}],"author":[{"embeddable":true,"href":"https:\/\/www.enerjigazetesi.ist\/en\/wp-json\/wp\/v2\/users\/1"}],"replies":[{"embeddable":true,"href":"https:\/\/www.enerjigazetesi.ist\/en\/wp-json\/wp\/v2\/comments?post=6645"}],"version-history":[{"count":3,"href":"https:\/\/www.enerjigazetesi.ist\/en\/wp-json\/wp\/v2\/posts\/6645\/revisions"}],"predecessor-version":[{"id":6649,"href":"https:\/\/www.enerjigazetesi.ist\/en\/wp-json\/wp\/v2\/posts\/6645\/revisions\/6649"}],"wp:featuredmedia":[{"embeddable":true,"href":"https:\/\/www.enerjigazetesi.ist\/en\/wp-json\/wp\/v2\/media\/6646"}],"wp:attachment":[{"href":"https:\/\/www.enerjigazetesi.ist\/en\/wp-json\/wp\/v2\/media?parent=6645"}],"wp:term":[{"taxonomy":"category","embeddable":true,"href":"https:\/\/www.enerjigazetesi.ist\/en\/wp-json\/wp\/v2\/categories?post=6645"},{"taxonomy":"post_tag","embeddable":true,"href":"https:\/\/www.enerjigazetesi.ist\/en\/wp-json\/wp\/v2\/tags?post=6645"}],"curies":[{"name":"wp","href":"https:\/\/api.w.org\/{rel}","templated":true}]}}