{"id":66446,"date":"2017-08-13T15:53:54","date_gmt":"2017-08-13T12:53:54","guid":{"rendered":"https:\/\/www.enerjigazetesi.ist\/?p=66446"},"modified":"2017-08-13T15:53:54","modified_gmt":"2017-08-13T12:53:54","slug":"turkiye-afrika-ulkeleri-ile-enerjideki-tecrubelerini-paylasacak","status":"publish","type":"post","link":"https:\/\/www.enerjigazetesi.ist\/en\/turkiye-afrika-ulkeleri-ile-enerjideki-tecrubelerini-paylasacak\/","title":{"rendered":"(Turkish) T\u00fcrkiye Afrika \u00dclkeleri \u0130le Enerjideki Tecr\u00fcbelerini Payla\u015facak"},"content":{"rendered":"<p class=\"qtranxs-available-languages-message qtranxs-available-languages-message-en\">Sorry, this entry is only available in <a href=\"https:\/\/www.enerjigazetesi.ist\/tr\/wp-json\/wp\/v2\/posts\/66446\" class=\"qtranxs-available-language-link qtranxs-available-language-link-tr\" title=\"Turkish\">Turkish<\/a>. For the sake of viewer convenience, the content is shown below in the alternative language. You may click the link to switch the active language.<\/p><p><\/p>\n<p style=\"color: #222222;\"><strong>6-7 Eyl\u00fcl 2017&#8217;de Etiyopya\u2019n\u0131n ba\u015fkenti Addis Ababa\u2019da \u2018\u2019Afrika\u2019da Enerji G\u00fcvenli\u011fi ve Enerjiye <a href=\"https:\/\/www.enerjigazetesi.ist\/wp-content\/uploads\/2017\/08\/turkiye-afrika-ulkeleri-ile-enerjideki-tecrubelerini-paylasacak.jpg\"><img loading=\"lazy\" class=\"alignright size-medium wp-image-66447\" src=\"https:\/\/www.enerjigazetesi.ist\/wp-content\/uploads\/2017\/08\/turkiye-afrika-ulkeleri-ile-enerjideki-tecrubelerini-paylasacak-300x175.jpg\" alt=\"turkiye-afrika-ulkeleri-ile-enerjideki-tecrubelerini-paylasacak\" width=\"300\" height=\"175\" srcset=\"https:\/\/www.enerjigazetesi.ist\/wp-content\/uploads\/2017\/08\/turkiye-afrika-ulkeleri-ile-enerjideki-tecrubelerini-paylasacak-300x175.jpg 300w, https:\/\/www.enerjigazetesi.ist\/wp-content\/uploads\/2017\/08\/turkiye-afrika-ulkeleri-ile-enerjideki-tecrubelerini-paylasacak-80x46.jpg 80w, https:\/\/www.enerjigazetesi.ist\/wp-content\/uploads\/2017\/08\/turkiye-afrika-ulkeleri-ile-enerjideki-tecrubelerini-paylasacak.jpg 480w\" sizes=\"(max-width: 300px) 100vw, 300px\" \/><\/a>Eri\u015fimi Art\u0131rmada T\u00fcrkiye-Afrika Tecr\u00fcbe Payla\u015f\u0131m\u0131\u2019\u2019 ba\u015fl\u0131kl\u0131 bir etkinlik\u00a0ger\u00e7ekle\u015ftiriliyor.<\/strong><\/p>\n<p>Etkinlik, Afrika Birli\u011fi, T.C. Ba\u015fbakanl\u0131k Yurtd\u0131\u015f\u0131 T\u00fcrkler ve Akraba Topluluklar Ba\u015fkanl\u0131\u011f\u0131, T.C. Enerji ve Tabii Kaynaklar Bakanl\u0131\u011f\u0131 ve Afrika Vakf\u0131 ortakl\u0131\u011f\u0131yla olu\u015fturm\u0131\u015f olan T\u00fcrkiye-Afrika \u0130\u015f Birli\u011fi Forumunca d\u00fczenlenecek.<\/p>\n<p>T\u00fcrkiye ise g\u00fcne\u015f enerjisi sekt\u00f6r\u00fc G\u00dcNDER taraf\u0131ndan temsil edilecek. Etkinlik ile ilgili ayr\u0131nt\u0131l\u0131 bilgi ve programa\u00a0<strong><a href=\"http:\/\/docs.gunder.org.tr\/v\/KjhXFZllw4htH9FeqpFg\" target=\"_blank\">buradan<\/a><\/strong>\u00a0ula\u015fabilirsiniz.<\/p>","protected":false},"excerpt":{"rendered":"<p>Sorry, this entry is only available in Turkish. For the sake of viewer convenience, the content is shown below in the alternative language. You may click the link to switch the active language. 6-7 Eyl\u00fcl 2017&#8217;de Etiyopya\u2019n\u0131n ba\u015fkenti Addis Ababa\u2019da \u2018\u2019Afrika\u2019da Enerji G\u00fcvenli\u011fi ve Enerjiye Eri\u015fimi Art\u0131rmada T\u00fcrkiye-Afrika Tecr\u00fcbe Payla\u015f\u0131m\u0131\u2019\u2019 ba\u015fl\u0131kl\u0131 bir etkinlik\u00a0ger\u00e7ekle\u015ftiriliyor. Etkinlik, Afrika [&hellip;]<\/p>\n","protected":false},"author":1,"featured_media":66447,"comment_status":"open","ping_status":"open","sticky":false,"template":"","format":"standard","meta":[],"categories":[53,49],"tags":[1976,67,1009,2698,165,1382,227,13,23416,4269,34922,846],"views":1228,"_links":{"self":[{"href":"https:\/\/www.enerjigazetesi.ist\/en\/wp-json\/wp\/v2\/posts\/66446"}],"collection":[{"href":"https:\/\/www.enerjigazetesi.ist\/en\/wp-json\/wp\/v2\/posts"}],"about":[{"href":"https:\/\/www.enerjigazetesi.ist\/en\/wp-json\/wp\/v2\/types\/post"}],"author":[{"embeddable":true,"href":"https:\/\/www.enerjigazetesi.ist\/en\/wp-json\/wp\/v2\/users\/1"}],"replies":[{"embeddable":true,"href":"https:\/\/www.enerjigazetesi.ist\/en\/wp-json\/wp\/v2\/comments?post=66446"}],"version-history":[{"count":1,"href":"https:\/\/www.enerjigazetesi.ist\/en\/wp-json\/wp\/v2\/posts\/66446\/revisions"}],"predecessor-version":[{"id":66448,"href":"https:\/\/www.enerjigazetesi.ist\/en\/wp-json\/wp\/v2\/posts\/66446\/revisions\/66448"}],"wp:featuredmedia":[{"embeddable":true,"href":"https:\/\/www.enerjigazetesi.ist\/en\/wp-json\/wp\/v2\/media\/66447"}],"wp:attachment":[{"href":"https:\/\/www.enerjigazetesi.ist\/en\/wp-json\/wp\/v2\/media?parent=66446"}],"wp:term":[{"taxonomy":"category","embeddable":true,"href":"https:\/\/www.enerjigazetesi.ist\/en\/wp-json\/wp\/v2\/categories?post=66446"},{"taxonomy":"post_tag","embeddable":true,"href":"https:\/\/www.enerjigazetesi.ist\/en\/wp-json\/wp\/v2\/tags?post=66446"}],"curies":[{"name":"wp","href":"https:\/\/api.w.org\/{rel}","templated":true}]}}