{"id":66433,"date":"2017-08-12T16:02:43","date_gmt":"2017-08-12T13:02:43","guid":{"rendered":"https:\/\/www.enerjigazetesi.ist\/?p=66433"},"modified":"2017-08-12T16:05:18","modified_gmt":"2017-08-12T13:05:18","slug":"eif-2017-kongre-ve-fuari-yaklasiyor","status":"publish","type":"post","link":"https:\/\/www.enerjigazetesi.ist\/en\/eif-2017-kongre-ve-fuari-yaklasiyor\/","title":{"rendered":"(Turkish) EIF 2017 Kongre ve Fuar\u0131 Yakla\u015f\u0131yor!"},"content":{"rendered":"<p class=\"qtranxs-available-languages-message qtranxs-available-languages-message-en\">Sorry, this entry is only available in <a href=\"https:\/\/www.enerjigazetesi.ist\/tr\/wp-json\/wp\/v2\/posts\/66433\" class=\"qtranxs-available-language-link qtranxs-available-language-link-tr\" title=\"Turkish\">Turkish<\/a>. For the sake of viewer convenience, the content is shown below in the alternative language. You may click the link to switch the active language.<\/p><p><\/p>\n<p style=\"color: #222222;\"><strong>T\u00fcrkiye\u2019nin en \u00f6nemli enerji organizasyonlar\u0131ndan biri olan EIF bu y\u0131l 8-10 Kas\u0131m 2017 tarihlerinde ger\u00e7ekle\u015ftirilecek.<\/strong><\/p>\n<p style=\"color: #222222;\">Etkinli\u011fin d\u00fczenleyicisi Global Enerji Derne\u011fi taraf\u0131ndan yap\u0131lan yaz\u0131l\u0131 a\u00e7\u0131klamada etkinli\u011fin kongre oturumlar\u0131n\u0131n ana eksenini, <a href=\"https:\/\/www.enerjigazetesi.ist\/wp-content\/uploads\/2017\/08\/eif-2017-kongre-ve-fuari-yaklasiyor.jpg\"><img loading=\"lazy\" class=\"alignright  wp-image-66434\" src=\"https:\/\/www.enerjigazetesi.ist\/wp-content\/uploads\/2017\/08\/eif-2017-kongre-ve-fuari-yaklasiyor-300x116.jpg\" alt=\"eif-2017-kongre-ve-fuari-yaklasiyor\" width=\"300\" height=\"150\" \/><\/a>Enerji Bakan\u0131 Berat Albayrak\u2019\u0131n tan\u0131t\u0131m\u0131n\u0131 yapt\u0131\u011f\u0131\u00a0<span style=\"font-weight: bold;\">\u201cMilli Enerji ve Maden Politikas\u0131\u201d<\/span>\u00a0\u00e7er\u00e7evesinde \u201cArz G\u00fcvenli\u011fi, Yerlile\u015fme, \u00d6ng\u00f6r\u00fclebilir Piyasa ve Teknoloji Transferi\u201d\u00a0 olu\u015fturaca\u011f\u0131 bildirildi.<\/p>\n<p style=\"color: #222222;\">Bununla birlikte etkinli\u011fe bu y\u0131l \u201cUluslararas\u0131 Ticaret Delegasyonu\u201d program\u0131 \u00e7er\u00e7evesinde Ortado\u011fu ve Afrika \u00fclkelerinden i\u015f ve kamu kesimi temsilcileri de kat\u0131l\u0131m g\u00f6sterecek ve kat\u0131l\u0131mc\u0131 firmalar\u0131n t\u00fcm\u00fc bu temsilcilerle \u00a0B2B g\u00f6r\u00fc\u015fmeleri yapma imkan\u0131 bulacaklar.<\/p>\n<p style=\"color: #222222;\">Etkinlik ile ilgili ayr\u0131nt\u0131l\u0131 bilgiler i\u00e7in\u00a0<a href=\"http:\/\/www.enerjikongresi.com\" target=\"_blank\">enerjikongresi.com<\/a> web<span style=\"font-weight: bold;\">\u00a0<\/span>adresini ziyaret edebilirsiniz.<\/p>\n<p><\/p>","protected":false},"excerpt":{"rendered":"<p>Sorry, this entry is only available in Turkish. For the sake of viewer convenience, the content is shown below in the alternative language. You may click the link to switch the active language. T\u00fcrkiye\u2019nin en \u00f6nemli enerji organizasyonlar\u0131ndan biri olan EIF bu y\u0131l 8-10 Kas\u0131m 2017 tarihlerinde ger\u00e7ekle\u015ftirilecek. Etkinli\u011fin d\u00fczenleyicisi Global Enerji Derne\u011fi taraf\u0131ndan yap\u0131lan [&hellip;]<\/p>\n","protected":false},"author":1,"featured_media":66436,"comment_status":"open","ping_status":"open","sticky":false,"template":"","format":"standard","meta":[],"categories":[53],"tags":[27051,34125,63,67,1009,2698,165,728,34423,5521],"views":1071,"_links":{"self":[{"href":"https:\/\/www.enerjigazetesi.ist\/en\/wp-json\/wp\/v2\/posts\/66433"}],"collection":[{"href":"https:\/\/www.enerjigazetesi.ist\/en\/wp-json\/wp\/v2\/posts"}],"about":[{"href":"https:\/\/www.enerjigazetesi.ist\/en\/wp-json\/wp\/v2\/types\/post"}],"author":[{"embeddable":true,"href":"https:\/\/www.enerjigazetesi.ist\/en\/wp-json\/wp\/v2\/users\/1"}],"replies":[{"embeddable":true,"href":"https:\/\/www.enerjigazetesi.ist\/en\/wp-json\/wp\/v2\/comments?post=66433"}],"version-history":[{"count":3,"href":"https:\/\/www.enerjigazetesi.ist\/en\/wp-json\/wp\/v2\/posts\/66433\/revisions"}],"predecessor-version":[{"id":66438,"href":"https:\/\/www.enerjigazetesi.ist\/en\/wp-json\/wp\/v2\/posts\/66433\/revisions\/66438"}],"wp:featuredmedia":[{"embeddable":true,"href":"https:\/\/www.enerjigazetesi.ist\/en\/wp-json\/wp\/v2\/media\/66436"}],"wp:attachment":[{"href":"https:\/\/www.enerjigazetesi.ist\/en\/wp-json\/wp\/v2\/media?parent=66433"}],"wp:term":[{"taxonomy":"category","embeddable":true,"href":"https:\/\/www.enerjigazetesi.ist\/en\/wp-json\/wp\/v2\/categories?post=66433"},{"taxonomy":"post_tag","embeddable":true,"href":"https:\/\/www.enerjigazetesi.ist\/en\/wp-json\/wp\/v2\/tags?post=66433"}],"curies":[{"name":"wp","href":"https:\/\/api.w.org\/{rel}","templated":true}]}}