{"id":66425,"date":"2017-08-12T15:32:02","date_gmt":"2017-08-12T12:32:02","guid":{"rendered":"https:\/\/www.enerjigazetesi.ist\/?p=66425"},"modified":"2017-08-12T15:33:17","modified_gmt":"2017-08-12T12:33:17","slug":"cevreci-enerji-derneginden-izmirin-enerji-atilimlarina-destek","status":"publish","type":"post","link":"https:\/\/www.enerjigazetesi.ist\/en\/cevreci-enerji-derneginden-izmirin-enerji-atilimlarina-destek\/","title":{"rendered":"(Turkish) \u00c7evreci Enerji Derne\u011fi&#8217;nden \u0130zmir\u2019in Enerji At\u0131l\u0131mlar\u0131na Destek"},"content":{"rendered":"<p class=\"qtranxs-available-languages-message qtranxs-available-languages-message-en\">Sorry, this entry is only available in <a href=\"https:\/\/www.enerjigazetesi.ist\/tr\/wp-json\/wp\/v2\/posts\/66425\" class=\"qtranxs-available-language-link qtranxs-available-language-link-tr\" title=\"Turkish\">Turkish<\/a>. For the sake of viewer convenience, the content is shown below in the alternative language. You may click the link to switch the active language.<\/p><p><strong><span style=\"color: #0a0a0a;\">Elektrikli toplu ta\u015f\u0131ma ara\u00e7lar\u0131na b\u00fcy\u00fck yat\u0131r\u0131m ger\u00e7ekle\u015ftiren\u00a0\u0130zmir B\u00fcy\u00fck\u015fehir Belediyesi, kendi elektri\u011fini \u00fcretme karar\u0131na\u00a0\u00c7evreci Enerji Derne\u011finden bu at\u0131l\u0131ma destek geldi.<\/span><\/strong><\/p>\n<p>\u0130zmir\u2019in artan ihtiya\u00e7lar\u0131yl<a href=\"https:\/\/www.enerjigazetesi.ist\/wp-content\/uploads\/2015\/01\/turkiyenin-elektrik-uretim-kapasitesi-69-516-mw-oldu.jpg\"><img loading=\"lazy\" class=\"alignleft size-medium wp-image-35737\" src=\"https:\/\/www.enerjigazetesi.ist\/wp-content\/uploads\/2015\/01\/turkiyenin-elektrik-uretim-kapasitesi-69-516-mw-oldu-300x163.jpg\" alt=\"elektrik-uretimi\" width=\"300\" height=\"163\" srcset=\"https:\/\/www.enerjigazetesi.ist\/wp-content\/uploads\/2015\/01\/turkiyenin-elektrik-uretim-kapasitesi-69-516-mw-oldu-300x163.jpg 300w, https:\/\/www.enerjigazetesi.ist\/wp-content\/uploads\/2015\/01\/turkiyenin-elektrik-uretim-kapasitesi-69-516-mw-oldu-80x43.jpg 80w, https:\/\/www.enerjigazetesi.ist\/wp-content\/uploads\/2015\/01\/turkiyenin-elektrik-uretim-kapasitesi-69-516-mw-oldu.jpg 460w\" sizes=\"(max-width: 300px) 100vw, 300px\" \/><\/a>a do\u011fru orant\u0131l\u0131 olarak artan\u00a0elektrik ihtiyac\u0131 maliyeti y\u0131ll\u0131k 180 milyon TL\u2019ye \u00e7\u0131karken,\u00a0konuya \u00e7\u00f6z\u00fcm bularak maliyetleri minimuma indirmek i\u00e7in \u00e7al\u0131\u015fmalara ba\u015flayan\u00a0\u0130zmir B\u00fcy\u00fck\u015fehir Belediyesi, kendi elektri\u011fini \u00fcretmeye y\u00f6nelik bir karar ald\u0131. R\u00fczgar enerji santrali kurmak i\u00e7in \u00e7al\u0131\u015fan\u00a0\u0130zmir B\u00fcy\u00fck\u015fehir Belediyesi Ba\u015fkan\u0131 Aziz Kocao\u011flu, \u00f6n\u00fcm\u00fczdeki g\u00fcnlerde Enerji ve Tabii Kaynaklar Bakan\u0131 Berat Albayrak ile g\u00f6r\u00fc\u015fecek.<\/p>\n<p>T\u00fcrkiye\u2019nin r\u00fczgar enerjisi potansiyeli a\u00e7\u0131s\u0131ndan\u00a0olduk\u00e7a g\u00fc\u00e7l\u00fc bir konumda yer ald\u0131\u011f\u0131na\u00a0dikkat \u00e7eken \u00c7evreci Enerji Derne\u011fi Ba\u015fkan\u0131 Tolga \u015eall\u0131 taraf\u0131ndan r\u00fczgar enerjisinden en verimli \u015fekilde yararlanman\u0131n yolunun \u00fcretim tesislerinin r\u00fczgar \u0131rmaklar\u0131 \u00fczerinde kurulmas\u0131ndan ge\u00e7ti\u011fi ifade edildi.<\/p>","protected":false},"excerpt":{"rendered":"<p>Sorry, this entry is only available in Turkish. For the sake of viewer convenience, the content is shown below in the alternative language. You may click the link to switch the active language.Elektrikli toplu ta\u015f\u0131ma ara\u00e7lar\u0131na b\u00fcy\u00fck yat\u0131r\u0131m ger\u00e7ekle\u015ftiren\u00a0\u0130zmir B\u00fcy\u00fck\u015fehir Belediyesi, kendi elektri\u011fini \u00fcretme karar\u0131na\u00a0\u00c7evreci Enerji Derne\u011finden bu at\u0131l\u0131ma destek geldi. \u0130zmir\u2019in artan ihtiya\u00e7lar\u0131yla do\u011fru [&hellip;]<\/p>\n","protected":false},"author":1,"featured_media":35737,"comment_status":"open","ping_status":"open","sticky":false,"template":"","format":"standard","meta":[],"categories":[51,53],"tags":[29150,68,61,19638,1478,2873,19,63,67,1009,2698,165,2689,474,233,231],"views":926,"_links":{"self":[{"href":"https:\/\/www.enerjigazetesi.ist\/en\/wp-json\/wp\/v2\/posts\/66425"}],"collection":[{"href":"https:\/\/www.enerjigazetesi.ist\/en\/wp-json\/wp\/v2\/posts"}],"about":[{"href":"https:\/\/www.enerjigazetesi.ist\/en\/wp-json\/wp\/v2\/types\/post"}],"author":[{"embeddable":true,"href":"https:\/\/www.enerjigazetesi.ist\/en\/wp-json\/wp\/v2\/users\/1"}],"replies":[{"embeddable":true,"href":"https:\/\/www.enerjigazetesi.ist\/en\/wp-json\/wp\/v2\/comments?post=66425"}],"version-history":[{"count":2,"href":"https:\/\/www.enerjigazetesi.ist\/en\/wp-json\/wp\/v2\/posts\/66425\/revisions"}],"predecessor-version":[{"id":66427,"href":"https:\/\/www.enerjigazetesi.ist\/en\/wp-json\/wp\/v2\/posts\/66425\/revisions\/66427"}],"wp:featuredmedia":[{"embeddable":true,"href":"https:\/\/www.enerjigazetesi.ist\/en\/wp-json\/wp\/v2\/media\/35737"}],"wp:attachment":[{"href":"https:\/\/www.enerjigazetesi.ist\/en\/wp-json\/wp\/v2\/media?parent=66425"}],"wp:term":[{"taxonomy":"category","embeddable":true,"href":"https:\/\/www.enerjigazetesi.ist\/en\/wp-json\/wp\/v2\/categories?post=66425"},{"taxonomy":"post_tag","embeddable":true,"href":"https:\/\/www.enerjigazetesi.ist\/en\/wp-json\/wp\/v2\/tags?post=66425"}],"curies":[{"name":"wp","href":"https:\/\/api.w.org\/{rel}","templated":true}]}}