{"id":66403,"date":"2017-08-10T15:56:04","date_gmt":"2017-08-10T12:56:04","guid":{"rendered":"https:\/\/www.enerjigazetesi.ist\/?p=66403"},"modified":"2017-08-10T15:56:04","modified_gmt":"2017-08-10T12:56:04","slug":"simdi-de-gunes-enerji-santralleride-hackerlarin-hedefi-oldu","status":"publish","type":"post","link":"https:\/\/www.enerjigazetesi.ist\/en\/simdi-de-gunes-enerji-santralleride-hackerlarin-hedefi-oldu\/","title":{"rendered":"(Turkish) \u015eimdi de G\u00fcne\u015f Enerji Santralleri Hackerlar\u0131n Hedefi Oldu"},"content":{"rendered":"<p class=\"qtranxs-available-languages-message qtranxs-available-languages-message-en\">Sorry, this entry is only available in <a href=\"https:\/\/www.enerjigazetesi.ist\/tr\/wp-json\/wp\/v2\/posts\/66403\" class=\"qtranxs-available-language-link qtranxs-available-language-link-tr\" title=\"Turkish\">Turkish<\/a>. For the sake of viewer convenience, the content is shown below in the alternative language. You may click the link to switch the active language.<\/p><p><strong><span style=\"color: #0a0a0a;\">K\u00f6t\u00fc niyetli ki\u015filerin yeni hedefi olan\u00a0<img loading=\"lazy\" class=\"alignright wp-image-40037\" src=\"https:\/\/www.enerjigazetesi.ist\/wp-content\/uploads\/2015\/06\/karamana-4-mwlik-gunes-enerjisi-santrali-ges-kurulumu-yapilacak-300x190.jpg\" alt=\"karamana-4-mwlik-gunes-enerjisi-santrali-ges-kurulumu-yapilacak\" width=\"300\" height=\"214\" \/>g\u00fcne\u015f enerji santrallerinde kullan\u0131lan cihazlarda yer alan\u00a0k\u00fc\u00e7\u00fck bir g\u00fcvenlik a\u00e7\u0131\u011f\u0131n\u0131n bile olduk\u00e7a b\u00fcy\u00fck bir tehlikeye neden olabilece\u011fi belirtildi.<\/span><\/strong><\/p>\n<p>Siber g\u00fcvenlik ara\u015ft\u0131rmac\u0131s\u0131 Willem Westerhof &#8216;un\u00a0yay\u0131mlad\u0131\u011f\u0131\u00a0raporda, Hollandal\u0131 SMA firmas\u0131 taraf\u0131ndan \u00fcretilen \u00fcr\u00fcnlerde yer alan a\u00e7\u0131klar\u0131n, Avrupan\u0131n b\u00fcy\u00fck bir k\u0131sm\u0131n\u0131 tehlikeye atabilece\u011fi ifade edildi.<\/p>\n<p>Firman\u0131n bu sistemlerde kullan\u0131lan invert\u00f6r gibi cihazlar\u0131nda ana parolay\u0131 de\u011fi\u015ftirmeye izin vermedi\u011fini ve ortak bir s\u00fcper \u015fifresinin oldu\u011funu\u00a0dile getiren Westerhof, k\u00f6t\u00fc niyetli ki\u015filerin bu a\u00e7\u0131klardan yararlanarak sistemleri rahatl\u0131kla devre d\u0131\u015f\u0131 b\u0131rakarak elektri\u011fi kesebilece\u011fini\u00a0ifade etti.<\/p>","protected":false},"excerpt":{"rendered":"<p>Sorry, this entry is only available in Turkish. For the sake of viewer convenience, the content is shown below in the alternative language. You may click the link to switch the active language.K\u00f6t\u00fc niyetli ki\u015filerin yeni hedefi olan\u00a0g\u00fcne\u015f enerji santrallerinde kullan\u0131lan cihazlarda yer alan\u00a0k\u00fc\u00e7\u00fck bir g\u00fcvenlik a\u00e7\u0131\u011f\u0131n\u0131n bile olduk\u00e7a b\u00fcy\u00fck bir tehlikeye neden olabilece\u011fi belirtildi. [&hellip;]<\/p>\n","protected":false},"author":1,"featured_media":40037,"comment_status":"open","ping_status":"open","sticky":false,"template":"","format":"standard","meta":[],"categories":[53,49],"tags":[68,63,67,1009,2698,165,2326,227,13,2569,23133,22975,4269,23196,105],"views":1071,"_links":{"self":[{"href":"https:\/\/www.enerjigazetesi.ist\/en\/wp-json\/wp\/v2\/posts\/66403"}],"collection":[{"href":"https:\/\/www.enerjigazetesi.ist\/en\/wp-json\/wp\/v2\/posts"}],"about":[{"href":"https:\/\/www.enerjigazetesi.ist\/en\/wp-json\/wp\/v2\/types\/post"}],"author":[{"embeddable":true,"href":"https:\/\/www.enerjigazetesi.ist\/en\/wp-json\/wp\/v2\/users\/1"}],"replies":[{"embeddable":true,"href":"https:\/\/www.enerjigazetesi.ist\/en\/wp-json\/wp\/v2\/comments?post=66403"}],"version-history":[{"count":1,"href":"https:\/\/www.enerjigazetesi.ist\/en\/wp-json\/wp\/v2\/posts\/66403\/revisions"}],"predecessor-version":[{"id":66404,"href":"https:\/\/www.enerjigazetesi.ist\/en\/wp-json\/wp\/v2\/posts\/66403\/revisions\/66404"}],"wp:featuredmedia":[{"embeddable":true,"href":"https:\/\/www.enerjigazetesi.ist\/en\/wp-json\/wp\/v2\/media\/40037"}],"wp:attachment":[{"href":"https:\/\/www.enerjigazetesi.ist\/en\/wp-json\/wp\/v2\/media?parent=66403"}],"wp:term":[{"taxonomy":"category","embeddable":true,"href":"https:\/\/www.enerjigazetesi.ist\/en\/wp-json\/wp\/v2\/categories?post=66403"},{"taxonomy":"post_tag","embeddable":true,"href":"https:\/\/www.enerjigazetesi.ist\/en\/wp-json\/wp\/v2\/tags?post=66403"}],"curies":[{"name":"wp","href":"https:\/\/api.w.org\/{rel}","templated":true}]}}