{"id":66358,"date":"2017-08-09T13:16:46","date_gmt":"2017-08-09T10:16:46","guid":{"rendered":"https:\/\/www.enerjigazetesi.ist\/?p=66358"},"modified":"2017-08-09T13:18:19","modified_gmt":"2017-08-09T10:18:19","slug":"ataturk-barajinin-elektrigi-dicle-elektrigin-1-aylik-tuketimini-karsilamadi","status":"publish","type":"post","link":"https:\/\/www.enerjigazetesi.ist\/en\/ataturk-barajinin-elektrigi-dicle-elektrigin-1-aylik-tuketimini-karsilamadi\/","title":{"rendered":"(Turkish) Atat\u00fcrk Baraj\u0131\u2019n\u0131n Elektri\u011fi Dicle Elektri\u011fin 1 Ayl\u0131k T\u00fcketimini Kar\u015f\u0131layamad\u0131"},"content":{"rendered":"<p class=\"qtranxs-available-languages-message qtranxs-available-languages-message-en\">Sorry, this entry is only available in <a href=\"https:\/\/www.enerjigazetesi.ist\/tr\/wp-json\/wp\/v2\/posts\/66358\" class=\"qtranxs-available-language-link qtranxs-available-language-link-tr\" title=\"Turkish\">Turkish<\/a>. For the sake of viewer convenience, the content is shown below in the alternative language. You may click the link to switch the active language.<\/p><p><strong><span style=\"color: #0a0a0a;\">Havalar\u0131n olduk\u00e7a \u0131s\u0131nmas\u0131y<a href=\"https:\/\/www.enerjigazetesi.ist\/wp-content\/uploads\/2015\/02\/ataturk-barajindaki-doluluk-orani-son-4-yilin-en-iyi-seviyesine-geldi.jpg\"><img loading=\"lazy\" class=\"alignleft  wp-image-36117\" src=\"https:\/\/www.enerjigazetesi.ist\/wp-content\/uploads\/2015\/02\/ataturk-barajindaki-doluluk-orani-son-4-yilin-en-iyi-seviyesine-geldi-300x210.jpg\" alt=\"ataturk-barajindaki-doluluk-orani-son-4-yilin-en-iyi-seviyesine-geldi\" width=\"300\" height=\"246\" \/><\/a>la tar\u0131msal sulaman\u0131n yan\u0131nda vatanda\u015flar\u0131n serinleme ihtiyac\u0131n\u0131 elektrik enerjisi ile kar\u015f\u0131lamas\u0131 nedeni ile\u00a0Dicle\u00a0Elektrik b\u00f6lgesinin elektrik t\u00fcketimi Temmuz&#8217;da t\u00fcm zamanlar\u0131n en \u00fcst seviyesine \u00e7\u0131kt\u0131.<\/span><\/strong><\/p>\n<p>T\u00fcrkiye ve Avrupa\u2019n\u0131n en b\u00fcy\u00fc\u011f\u00fc konumundaki\u00a0Atat\u00fcrk Baraj\u0131\u2019ndan 2017 y\u0131l\u0131n\u0131n ilk 6 ayda \u00fcretilen elektrik, Dicle Elektrik Da\u011f\u0131t\u0131m b\u00f6lgesindeki 6 ilin bir ayl\u0131k t\u00fcketimini kar\u015f\u0131layamad\u0131.<\/p>\n<p>Dicle Elektrik Sistem \u0130\u015fletme M\u00fcd\u00fcrl\u00fc\u011f\u00fc&#8217;n\u00fcn a\u00e7\u0131klamas\u0131nda; Dicle b\u00f6lgesinde en fazla elektrik t\u00fcketimi 1 milyar 064 milyon KWh ile \u015eanl\u0131urfa\u2019da olurken, bu ili s\u0131ras\u0131yla Mardin, Diyarbak\u0131r, Batman, \u015e\u0131rnak ve Siirt takip etti. En \u00e7ok elektrik ise tar\u0131msal sulamadan sonra ortam so\u011futmas\u0131na y\u00f6nelik\u00a0klimalar taraf\u0131ndan kullan\u0131ld\u0131.<\/p>","protected":false},"excerpt":{"rendered":"<p>Sorry, this entry is only available in Turkish. For the sake of viewer convenience, the content is shown below in the alternative language. You may click the link to switch the active language.Havalar\u0131n olduk\u00e7a \u0131s\u0131nmas\u0131yla tar\u0131msal sulaman\u0131n yan\u0131nda vatanda\u015flar\u0131n serinleme ihtiyac\u0131n\u0131 elektrik enerjisi ile kar\u015f\u0131lamas\u0131 nedeni ile\u00a0Dicle\u00a0Elektrik b\u00f6lgesinin elektrik t\u00fcketimi Temmuz&#8217;da t\u00fcm zamanlar\u0131n en \u00fcst [&hellip;]<\/p>\n","protected":false},"author":1,"featured_media":36117,"comment_status":"open","ping_status":"open","sticky":false,"template":"","format":"standard","meta":[],"categories":[51,53,47],"tags":[1922,12240,68,61,3149,2873,19,63,67,1009,2698,165,750,35370,1090],"views":1827,"_links":{"self":[{"href":"https:\/\/www.enerjigazetesi.ist\/en\/wp-json\/wp\/v2\/posts\/66358"}],"collection":[{"href":"https:\/\/www.enerjigazetesi.ist\/en\/wp-json\/wp\/v2\/posts"}],"about":[{"href":"https:\/\/www.enerjigazetesi.ist\/en\/wp-json\/wp\/v2\/types\/post"}],"author":[{"embeddable":true,"href":"https:\/\/www.enerjigazetesi.ist\/en\/wp-json\/wp\/v2\/users\/1"}],"replies":[{"embeddable":true,"href":"https:\/\/www.enerjigazetesi.ist\/en\/wp-json\/wp\/v2\/comments?post=66358"}],"version-history":[{"count":3,"href":"https:\/\/www.enerjigazetesi.ist\/en\/wp-json\/wp\/v2\/posts\/66358\/revisions"}],"predecessor-version":[{"id":66361,"href":"https:\/\/www.enerjigazetesi.ist\/en\/wp-json\/wp\/v2\/posts\/66358\/revisions\/66361"}],"wp:featuredmedia":[{"embeddable":true,"href":"https:\/\/www.enerjigazetesi.ist\/en\/wp-json\/wp\/v2\/media\/36117"}],"wp:attachment":[{"href":"https:\/\/www.enerjigazetesi.ist\/en\/wp-json\/wp\/v2\/media?parent=66358"}],"wp:term":[{"taxonomy":"category","embeddable":true,"href":"https:\/\/www.enerjigazetesi.ist\/en\/wp-json\/wp\/v2\/categories?post=66358"},{"taxonomy":"post_tag","embeddable":true,"href":"https:\/\/www.enerjigazetesi.ist\/en\/wp-json\/wp\/v2\/tags?post=66358"}],"curies":[{"name":"wp","href":"https:\/\/api.w.org\/{rel}","templated":true}]}}