{"id":66342,"date":"2017-08-08T20:27:15","date_gmt":"2017-08-08T17:27:15","guid":{"rendered":"https:\/\/www.enerjigazetesi.ist\/?p=66342"},"modified":"2017-08-08T20:27:15","modified_gmt":"2017-08-08T17:27:15","slug":"trade-yatirim-balikesire-15-mw-gucunde-biyokutle-tesisi-kuracak","status":"publish","type":"post","link":"https:\/\/www.enerjigazetesi.ist\/en\/trade-yatirim-balikesire-15-mw-gucunde-biyokutle-tesisi-kuracak\/","title":{"rendered":"(Turkish) Trade Yat\u0131r\u0131m Bal\u0131kesir&#8217;e 15 MW G\u00fcc\u00fcnde Biyok\u00fctle Tesisi Kuracak"},"content":{"rendered":"<p class=\"qtranxs-available-languages-message qtranxs-available-languages-message-en\">Sorry, this entry is only available in <a href=\"https:\/\/www.enerjigazetesi.ist\/tr\/wp-json\/wp\/v2\/posts\/66342\" class=\"qtranxs-available-language-link qtranxs-available-language-link-tr\" title=\"Turkish\">Turkish<\/a>. For the sake of viewer convenience, the content is shown below in the alternative language. You may click the link to switch the active language.<\/p><p><strong>Trade T\u00fcrk G\u0131da Ya<a href=\"https:\/\/www.enerjigazetesi.ist\/wp-content\/uploads\/2012\/12\/modern-enerji-eren-atik-biyokutle-santrali-tskb-finansman.jpg\"><img loading=\"lazy\" class=\"alignleft  wp-image-4575\" src=\"https:\/\/www.enerjigazetesi.ist\/wp-content\/uploads\/2012\/12\/modern-enerji-eren-atik-biyokutle-santrali-tskb-finansman-300x199.jpg\" alt=\"modern-enerji-eren-atik-biyokutle-santrali-tskb-finansman\" width=\"300\" height=\"178\" \/><\/a>t\u0131r\u0131m A.\u015e. taraf\u0131ndan Bal\u0131kesir&#8217;in orman at\u0131klar\u0131ndan elektrik \u00fcretimi i\u00e7in 15 MW&#8217;l\u0131k biyok\u00fctle tesisi kurulumu yap\u0131lacak.<\/strong><\/p>\n<p>Trade Yat\u0131r\u0131m&#8217;\u0131n Bal\u0131kesir \u0130li, Karesi \u0130l\u00e7esi, Aktarma Mah., \u0130ncirlik Mevkiinin ilgili paftalar\u0131nda yapaca\u011f\u0131 tesisin maliyeti; ise48,720,000.00 TL olarak hesaplanm\u0131\u015ft\u0131r.\u00a0Tesisin ekonomik \u00f6mr\u00fc\u00a0ise\u00a030 y\u0131ld\u0131r.<\/p>\n<p>Kurulacak olan tesise 360 ton\/g\u00fcn orman \u00fcr\u00fcnleri giri\u015fi yap\u0131larak,\u00a0y\u0131lda 126000 MWe elektrik \u00fcretiminin yap\u0131lmas\u0131 \u00f6ng\u00f6r\u00fclmektedir.<\/p>","protected":false},"excerpt":{"rendered":"<p>Sorry, this entry is only available in Turkish. For the sake of viewer convenience, the content is shown below in the alternative language. You may click the link to switch the active language.Trade T\u00fcrk G\u0131da Yat\u0131r\u0131m A.\u015e. taraf\u0131ndan Bal\u0131kesir&#8217;in orman at\u0131klar\u0131ndan elektrik \u00fcretimi i\u00e7in 15 MW&#8217;l\u0131k biyok\u00fctle tesisi kurulumu yap\u0131lacak. Trade Yat\u0131r\u0131m&#8217;\u0131n Bal\u0131kesir \u0130li, Karesi [&hellip;]<\/p>\n","protected":false},"author":1,"featured_media":4575,"comment_status":"open","ping_status":"open","sticky":false,"template":"","format":"standard","meta":[],"categories":[22893,53],"tags":[3613,1678,68,63,67,1009,2698,165,4147,34897,34896,105],"views":2712,"_links":{"self":[{"href":"https:\/\/www.enerjigazetesi.ist\/en\/wp-json\/wp\/v2\/posts\/66342"}],"collection":[{"href":"https:\/\/www.enerjigazetesi.ist\/en\/wp-json\/wp\/v2\/posts"}],"about":[{"href":"https:\/\/www.enerjigazetesi.ist\/en\/wp-json\/wp\/v2\/types\/post"}],"author":[{"embeddable":true,"href":"https:\/\/www.enerjigazetesi.ist\/en\/wp-json\/wp\/v2\/users\/1"}],"replies":[{"embeddable":true,"href":"https:\/\/www.enerjigazetesi.ist\/en\/wp-json\/wp\/v2\/comments?post=66342"}],"version-history":[{"count":1,"href":"https:\/\/www.enerjigazetesi.ist\/en\/wp-json\/wp\/v2\/posts\/66342\/revisions"}],"predecessor-version":[{"id":66343,"href":"https:\/\/www.enerjigazetesi.ist\/en\/wp-json\/wp\/v2\/posts\/66342\/revisions\/66343"}],"wp:featuredmedia":[{"embeddable":true,"href":"https:\/\/www.enerjigazetesi.ist\/en\/wp-json\/wp\/v2\/media\/4575"}],"wp:attachment":[{"href":"https:\/\/www.enerjigazetesi.ist\/en\/wp-json\/wp\/v2\/media?parent=66342"}],"wp:term":[{"taxonomy":"category","embeddable":true,"href":"https:\/\/www.enerjigazetesi.ist\/en\/wp-json\/wp\/v2\/categories?post=66342"},{"taxonomy":"post_tag","embeddable":true,"href":"https:\/\/www.enerjigazetesi.ist\/en\/wp-json\/wp\/v2\/tags?post=66342"}],"curies":[{"name":"wp","href":"https:\/\/api.w.org\/{rel}","templated":true}]}}