{"id":66322,"date":"2017-08-08T11:46:54","date_gmt":"2017-08-08T08:46:54","guid":{"rendered":"https:\/\/www.enerjigazetesi.ist\/?p=66322"},"modified":"2017-08-08T11:47:55","modified_gmt":"2017-08-08T08:47:55","slug":"cw-enerji-uluslararasi-akredite-kurulusu-gibi-calismalarini-surduruyor","status":"publish","type":"post","link":"https:\/\/www.enerjigazetesi.ist\/en\/cw-enerji-uluslararasi-akredite-kurulusu-gibi-calismalarini-surduruyor\/","title":{"rendered":"(Turkish) CW Enerji, Uluslararas\u0131 Akredite Kurulu\u015fu Gibi \u00c7al\u0131\u015fmalar\u0131n\u0131 S\u00fcrd\u00fcr\u00fcyor!"},"content":{"rendered":"<p class=\"qtranxs-available-languages-message qtranxs-available-languages-message-en\">Sorry, this entry is only available in <a href=\"https:\/\/www.enerjigazetesi.ist\/tr\/wp-json\/wp\/v2\/posts\/66322\" class=\"qtranxs-available-language-link qtranxs-available-language-link-tr\" title=\"Turkish\">Turkish<\/a>. For the sake of viewer convenience, the content is shown below in the alternative language. You may click the link to switch the active language.<\/p><p><strong>1999 y\u0131l\u0131ndan beri aktif olarak g\u00fcne\u015f enerjisi santrali (GES) kurulumlar\u0131na y\u00f6nelik \u00e7al\u0131\u015fmalar y\u00fcr\u00fcten sekt\u00f6r\u00fcn\u00a0y\u0131ld\u0131z\u0131 CW Enerji\u2019nin CEO\u2019su Tar\u0131k Sarvan, CW Enerji montaj ekibinin sahalarda olmazsa olmaz ilk kural\u0131n\u0131n; i\u015f g\u00fcvenli\u011fi, insan sa\u011fl\u0131\u011f\u0131 ve ekip ruhu oldu\u011funu belirterek, \u201dCW Enerji, uzman montaj ekibiyle s\u00fcrd\u00fcr\u00fclebilir, s\u0131f\u0131r hatal\u0131, 25 y\u0131l para kazand\u0131racak santraller kuruyor. \u0130\u015f bitiminde b\u00fct\u00fcn santrallerimize termal kamerayla girip g\u00f6zle g\u00f6r\u00fclmeyen hatalar\u0131 da tespit edip uluslararas\u0131 akredite kurulu\u015fu gibi \u00e7al\u0131\u015f\u0131yoruz. \u201cdiye konu\u015ftu.<\/strong><\/p>\n<p>GES\u2019lerin proje ve montaj s\u00fcreci hakk\u0131nda bilgi veren CW Enerji CEO\u2019su Tar\u0131k Sarvan, \u015funlar\u0131 s\u00f6yledi:<a href=\"https:\/\/www.enerjigazetesi.ist\/wp-content\/uploads\/2017\/08\/cw-enerji-uluslararasi-akredite-kurulusu-gibi-calismalarini-surduruyor.jpg\"><img loading=\"lazy\" class=\"alignright size-medium wp-image-66323\" src=\"https:\/\/www.enerjigazetesi.ist\/wp-content\/uploads\/2017\/08\/cw-enerji-uluslararasi-akredite-kurulusu-gibi-calismalarini-surduruyor-300x196.jpg\" alt=\"cw-enerji-uluslararasi-akredite-kurulusu-gibi-calismalarini-surduruyor\" width=\"300\" height=\"196\" srcset=\"https:\/\/www.enerjigazetesi.ist\/wp-content\/uploads\/2017\/08\/cw-enerji-uluslararasi-akredite-kurulusu-gibi-calismalarini-surduruyor-300x196.jpg 300w, https:\/\/www.enerjigazetesi.ist\/wp-content\/uploads\/2017\/08\/cw-enerji-uluslararasi-akredite-kurulusu-gibi-calismalarini-surduruyor-500x327.jpg 500w, https:\/\/www.enerjigazetesi.ist\/wp-content\/uploads\/2017\/08\/cw-enerji-uluslararasi-akredite-kurulusu-gibi-calismalarini-surduruyor-76x50.jpg 76w, https:\/\/www.enerjigazetesi.ist\/wp-content\/uploads\/2017\/08\/cw-enerji-uluslararasi-akredite-kurulusu-gibi-calismalarini-surduruyor.jpg 850w\" sizes=\"(max-width: 300px) 100vw, 300px\" \/><\/a><\/p>\n<p>\u201cT\u00fcrkiye\u2019deki en b\u00fcy\u00fck problemimiz yapt\u0131m oldu mant\u0131\u011f\u0131d\u0131r. Montajda dikkat etti\u011fimiz konu; santralde kullan\u0131lan \u00fcr\u00fcnlerle ilgili haz\u0131rlanan kullan\u0131m k\u0131lavuzudur. Proje ve montaj k\u0131lavuzu olmas\u0131na ra\u011fmen sekt\u00f6rde kurulumla ilgili pek \u00e7ok s\u0131k\u0131nt\u0131 ya\u015fanabiliyor. CW Enerji, uzman montaj ekibiyle s\u00fcrd\u00fcr\u00fclebilir, s\u0131f\u0131r hatal\u0131, 25 y\u0131l para kazanacak santraller kuruyor. \u0130\u015f bitiminde b\u00fct\u00fcn santrallerimize termal kamerayla girip g\u00f6zle g\u00f6r\u00fclmeyen hatalar\u0131 da tespit edip uluslararas\u0131 akredite kurulu\u015fu gibi \u00e7al\u0131\u015f\u0131yoruz.\u201d<\/p>\n<p><strong>CW Enerji, s\u0131f\u0131r hatal\u0131 santraller kurar<\/strong><\/p>\n<p>Santralin kurulum a\u015famas\u0131ndan bitimine kadar ge\u00e7en s\u00fcreyle ilgili t\u00fcm \u00e7al\u0131\u015fmay\u0131 k\u0131lavuz haline getirdiklerini anlatan Sarvan, \u015f\u00f6yle devam etti: \u201cUstalar\u0131m\u0131zla birlikte projenin ba\u015f\u0131ndan sonuna yapt\u0131\u011f\u0131m\u0131z t\u00fcm \u00e7al\u0131\u015fmay\u0131 ar\u015fivleyerek bir kullan\u0131m k\u0131lavuzu olu\u015fturuyoruz. Daha sonra geriye d\u00f6n\u00fck bir problem ya\u015fand\u0131\u011f\u0131nda hangi ustam\u0131z i\u015f ba\u015f\u0131ndaysa ustaya siz burada bu hatay\u0131 yapm\u0131\u015fs\u0131n\u0131z deyip o konuyla ustam\u0131z\u0131 e\u011fiten, her ge\u00e7en g\u00fcn daha e\u011fitimli usta kadrosu olu\u015fturma hedefiyle ilerleyen bir firmay\u0131z.\u201d<\/p>\n<p>CW Enerji\u2019nin kendi montaj\u0131ndan kaynakl\u0131 ortalamas\u0131n\u0131n s\u0131f\u0131r hata oldu\u011funu vurgulayan Tar\u0131k Sarvan, \u201cHi\u00e7 teknik servis ve ar\u0131za sorunuyla kar\u015f\u0131la\u015fmad\u0131k. 2013 y\u0131l\u0131nda devreye al\u0131nm\u0131\u015f, bir tane bile vidas\u0131n\u0131 de\u011fi\u015ftirmedi\u011fimiz santrallerimiz var.\u201d \u015feklinde s\u00f6zlerini noktalad\u0131.<\/p>","protected":false},"excerpt":{"rendered":"<p>Sorry, this entry is only available in Turkish. For the sake of viewer convenience, the content is shown below in the alternative language. You may click the link to switch the active language.1999 y\u0131l\u0131ndan beri aktif olarak g\u00fcne\u015f enerjisi santrali (GES) kurulumlar\u0131na y\u00f6nelik \u00e7al\u0131\u015fmalar y\u00fcr\u00fcten sekt\u00f6r\u00fcn\u00a0y\u0131ld\u0131z\u0131 CW Enerji\u2019nin CEO\u2019su Tar\u0131k Sarvan, CW Enerji montaj ekibinin [&hellip;]<\/p>\n","protected":false},"author":1,"featured_media":66323,"comment_status":"open","ping_status":"open","sticky":false,"template":"","format":"standard","meta":[],"categories":[53,49],"tags":[34868,63,67,1009,2698,165,2326,227,13,2569,23133,8255,22975,4269,10988,17299,34869],"views":1397,"_links":{"self":[{"href":"https:\/\/www.enerjigazetesi.ist\/en\/wp-json\/wp\/v2\/posts\/66322"}],"collection":[{"href":"https:\/\/www.enerjigazetesi.ist\/en\/wp-json\/wp\/v2\/posts"}],"about":[{"href":"https:\/\/www.enerjigazetesi.ist\/en\/wp-json\/wp\/v2\/types\/post"}],"author":[{"embeddable":true,"href":"https:\/\/www.enerjigazetesi.ist\/en\/wp-json\/wp\/v2\/users\/1"}],"replies":[{"embeddable":true,"href":"https:\/\/www.enerjigazetesi.ist\/en\/wp-json\/wp\/v2\/comments?post=66322"}],"version-history":[{"count":2,"href":"https:\/\/www.enerjigazetesi.ist\/en\/wp-json\/wp\/v2\/posts\/66322\/revisions"}],"predecessor-version":[{"id":66325,"href":"https:\/\/www.enerjigazetesi.ist\/en\/wp-json\/wp\/v2\/posts\/66322\/revisions\/66325"}],"wp:featuredmedia":[{"embeddable":true,"href":"https:\/\/www.enerjigazetesi.ist\/en\/wp-json\/wp\/v2\/media\/66323"}],"wp:attachment":[{"href":"https:\/\/www.enerjigazetesi.ist\/en\/wp-json\/wp\/v2\/media?parent=66322"}],"wp:term":[{"taxonomy":"category","embeddable":true,"href":"https:\/\/www.enerjigazetesi.ist\/en\/wp-json\/wp\/v2\/categories?post=66322"},{"taxonomy":"post_tag","embeddable":true,"href":"https:\/\/www.enerjigazetesi.ist\/en\/wp-json\/wp\/v2\/tags?post=66322"}],"curies":[{"name":"wp","href":"https:\/\/api.w.org\/{rel}","templated":true}]}}