{"id":66290,"date":"2017-08-07T15:34:26","date_gmt":"2017-08-07T12:34:26","guid":{"rendered":"https:\/\/www.enerjigazetesi.ist\/?p=66290"},"modified":"2017-08-07T15:35:55","modified_gmt":"2017-08-07T12:35:55","slug":"tesla-ilk-solar-cati-kurulumlarini-devreye-aldi","status":"publish","type":"post","link":"https:\/\/www.enerjigazetesi.ist\/en\/tesla-ilk-solar-cati-kurulumlarini-devreye-aldi\/","title":{"rendered":"(Turkish) TESLA \u0130lk &#8216;Solar \u00c7at\u0131&#8217; Kurulumlar\u0131n\u0131 Devreye Ald\u0131"},"content":{"rendered":"<p class=\"qtranxs-available-languages-message qtranxs-available-languages-message-en\">Sorry, this entry is only available in <a href=\"https:\/\/www.enerjigazetesi.ist\/tr\/wp-json\/wp\/v2\/posts\/66290\" class=\"qtranxs-available-language-link qtranxs-available-language-link-tr\" title=\"Turkish\">Turkish<\/a>. For the sake of viewer convenience, the content is shown below in the alternative language. You may click the link to switch the active language.<\/p><p><strong>TESLA\u00a0CEO\u2019su Elon Musk&#8217;\u0131n ge\u00e7en\u00a0hafta TESLA\u2019n\u0131n ikinci \u00e7eyrek d\u00f6nem finansal sonu\u00e7lar\u0131n\u0131 duyurdu\u011fu toplant\u0131da yap\u0131lan a\u00e7\u0131klamada\u00a0Solar Roof\u00a0\u00fcr\u00fcnlerinin ilk olarak TESLA \u00e7al\u0131\u015fanlar\u0131n\u0131n evlerini<a href=\"https:\/\/www.enerjigazetesi.ist\/wp-content\/uploads\/2017\/08\/tesla-ilk-solar-cati-kurulumlarini-devreye-aldi1.jpg\"><img loading=\"lazy\" class=\"alignright size-medium wp-image-66293\" src=\"https:\/\/www.enerjigazetesi.ist\/wp-content\/uploads\/2017\/08\/tesla-ilk-solar-cati-kurulumlarini-devreye-aldi1-300x150.jpg\" alt=\"tesla-ilk-solar-cati-kurulumlarini-devreye-aldi\" width=\"300\" height=\"150\" srcset=\"https:\/\/www.enerjigazetesi.ist\/wp-content\/uploads\/2017\/08\/tesla-ilk-solar-cati-kurulumlarini-devreye-aldi1-300x150.jpg 300w, https:\/\/www.enerjigazetesi.ist\/wp-content\/uploads\/2017\/08\/tesla-ilk-solar-cati-kurulumlarini-devreye-aldi1-80x40.jpg 80w, https:\/\/www.enerjigazetesi.ist\/wp-content\/uploads\/2017\/08\/tesla-ilk-solar-cati-kurulumlarini-devreye-aldi1.jpg 450w\" sizes=\"(max-width: 300px) 100vw, 300px\" \/><\/a>n \u00e7at\u0131lar\u0131nda kuruldu\u011fu belirtildi.<\/strong><\/p>\n<p>Musk, bununla sat\u0131\u015f ve \u00a0kurulum s\u00fcrecinde olu\u015fabilecek sorunlar\u0131n \u00f6n\u00fcne ge\u00e7ilmesinin ama\u00e7land\u0131\u011f\u0131n\u0131 s\u00f6yledi.<\/p>\n<p>TESLA &#8220;Solar Roof&#8221; ad\u0131 verilen \u00fcr\u00fcn\u00fcn\u00fc ge\u00e7en y\u0131l\u0131n May\u0131s&#8217;\u0131nda tan\u0131tm\u0131\u015f ve 1.000 dolar depozito kar\u015f\u0131l\u0131\u011f\u0131 ilk sipari\u015fleri almaya ba\u015flam\u0131\u015ft\u0131. \u0130lk kurulumlar\u0131n\u0131n ise Haziran&#8217;da ger\u00e7ekle\u015fece\u011fi\u00a0ifade edilmi\u015fti.<\/p>\n<p>TESLA geli\u015ftirdi\u011fi i\u015f modeli ile Solar Roof m\u00fc\u015fterilerine mevcut \u00e7at\u0131n\u0131n kald\u0131r\u0131lmas\u0131, sistem kurulum izinleri sa\u011flama ile kurulum ve bak\u0131m hizmetlerini sunmaktad\u0131r.<\/p>","protected":false},"excerpt":{"rendered":"<p>Sorry, this entry is only available in Turkish. For the sake of viewer convenience, the content is shown below in the alternative language. You may click the link to switch the active language.TESLA\u00a0CEO\u2019su Elon Musk&#8217;\u0131n ge\u00e7en\u00a0hafta TESLA\u2019n\u0131n ikinci \u00e7eyrek d\u00f6nem finansal sonu\u00e7lar\u0131n\u0131 duyurdu\u011fu toplant\u0131da yap\u0131lan a\u00e7\u0131klamada\u00a0Solar Roof\u00a0\u00fcr\u00fcnlerinin ilk olarak TESLA \u00e7al\u0131\u015fanlar\u0131n\u0131n evlerinin \u00e7at\u0131lar\u0131nda kuruldu\u011fu belirtildi. [&hellip;]<\/p>\n","protected":false},"author":1,"featured_media":66293,"comment_status":"open","ping_status":"open","sticky":false,"template":"","format":"standard","meta":[],"categories":[53,49],"tags":[19436,63,67,1009,2698,165,227,23133,22975,4269,34879,34880,19437],"views":925,"_links":{"self":[{"href":"https:\/\/www.enerjigazetesi.ist\/en\/wp-json\/wp\/v2\/posts\/66290"}],"collection":[{"href":"https:\/\/www.enerjigazetesi.ist\/en\/wp-json\/wp\/v2\/posts"}],"about":[{"href":"https:\/\/www.enerjigazetesi.ist\/en\/wp-json\/wp\/v2\/types\/post"}],"author":[{"embeddable":true,"href":"https:\/\/www.enerjigazetesi.ist\/en\/wp-json\/wp\/v2\/users\/1"}],"replies":[{"embeddable":true,"href":"https:\/\/www.enerjigazetesi.ist\/en\/wp-json\/wp\/v2\/comments?post=66290"}],"version-history":[{"count":4,"href":"https:\/\/www.enerjigazetesi.ist\/en\/wp-json\/wp\/v2\/posts\/66290\/revisions"}],"predecessor-version":[{"id":66296,"href":"https:\/\/www.enerjigazetesi.ist\/en\/wp-json\/wp\/v2\/posts\/66290\/revisions\/66296"}],"wp:featuredmedia":[{"embeddable":true,"href":"https:\/\/www.enerjigazetesi.ist\/en\/wp-json\/wp\/v2\/media\/66293"}],"wp:attachment":[{"href":"https:\/\/www.enerjigazetesi.ist\/en\/wp-json\/wp\/v2\/media?parent=66290"}],"wp:term":[{"taxonomy":"category","embeddable":true,"href":"https:\/\/www.enerjigazetesi.ist\/en\/wp-json\/wp\/v2\/categories?post=66290"},{"taxonomy":"post_tag","embeddable":true,"href":"https:\/\/www.enerjigazetesi.ist\/en\/wp-json\/wp\/v2\/tags?post=66290"}],"curies":[{"name":"wp","href":"https:\/\/api.w.org\/{rel}","templated":true}]}}