{"id":66271,"date":"2017-08-06T17:06:41","date_gmt":"2017-08-06T14:06:41","guid":{"rendered":"https:\/\/www.enerjigazetesi.ist\/?p=66271"},"modified":"2017-08-06T17:07:23","modified_gmt":"2017-08-06T14:07:23","slug":"cw-enerji-ar-ge-merkezi-kuracak","status":"publish","type":"post","link":"https:\/\/www.enerjigazetesi.ist\/en\/cw-enerji-ar-ge-merkezi-kuracak\/","title":{"rendered":"(Turkish) CW Enerji, Ar-ge Merkezi Kuracak"},"content":{"rendered":"<p class=\"qtranxs-available-languages-message qtranxs-available-languages-message-en\">Sorry, this entry is only available in <a href=\"https:\/\/www.enerjigazetesi.ist\/tr\/wp-json\/wp\/v2\/posts\/66271\" class=\"qtranxs-available-language-link qtranxs-available-language-link-tr\" title=\"Turkish\">Turkish<\/a>. For the sake of viewer convenience, the content is shown below in the alternative language. You may click the link to switch the active language.<\/p><p><strong>G\u00fcne\u015f enerji sekt\u00f6r\u00fcn\u00fcn lider panel \u00fcreticisi CW Enerji, mevcut arge departman\u0131n\u0131 arge merkezine d\u00f6n\u00fc\u015ft\u00fcrmek i\u00e7in kollar\u0131 s\u0131vad\u0131.\u00a0<\/strong><strong>Konuyla ilgili bilgi veren CW Enerji CEO\u2019su Tar\u0131k Sarvan, \u201cMevcutta bir AR-GE departman\u0131m\u0131z ve yakla\u015f\u0131k 40 m\u00fchendisten olu\u015fan alanlar\u0131nda son derece profesyonel bir AR-GE ekibimiz var. Sekt\u00f6r\u00fcm\u00fczle ilgili en y\u00fcksek verimlili\u011fe y\u00f6nelik h\u00fccre \u00e7al\u0131\u015fmalar\u0131, enerji depolama sistemleri, \u00f6zel enerji verimlili\u011fi art\u0131rma projeleri baz\u0131nda \u00e7al\u0131\u015fmalar\u0131m\u0131z\u0131 h\u0131zla s\u00fcrd\u00fcr\u00fcyoruz. \u015eirketimizin AR-GE Merkezi\u2019ni kurmay\u0131 planl\u0131yoruz.\u201d dedi.<\/strong><\/p>\n<p>CW Enerji\u2019nin daha \u00f6nceden T\u00dcB\u0130TAK projesini ba\u015far\u0131yla ger\u00e7ekle\u015ftirdi\u011fini anlatan Sarvan, standart \u00fcretilen h\u00fccreler yerine daha az maliyetle daha y\u00fcksek verimli h\u00fccre \u00fcretimi \u00e7al\u0131\u015fmalar\u0131n\u0131n da devam etti\u011fini s\u00f6zlerine ekledi.<\/p>\n<p><strong>\u00dcniversitelerle g\u00fc\u00e7lerimizi birle\u015ftirip verece\u011fimiz e\u011fitimlerle \u00fclkemizin teknoloji \u00e7\u00f6pl\u00fc\u011f\u00fcne d\u00f6nmesini \u00f6nleyece\u011fiz<\/strong><\/p>\n<p>CW Enerji olarak sekt\u00f6r\u00fcn \u00f6n\u00fcnde y\u00fcr\u00fcyece\u011fimiz uzun bir yol oldu\u011funa inan\u0131yoruz. Elektri\u011fin kull<a href=\"https:\/\/www.enerjigazetesi.ist\/wp-content\/uploads\/2017\/08\/cw-enerji-ar-ge-merkezi-kuracak.jpg\"><img loading=\"lazy\" class=\"alignright size-medium wp-image-66272\" src=\"https:\/\/www.enerjigazetesi.ist\/wp-content\/uploads\/2017\/08\/cw-enerji-ar-ge-merkezi-kuracak-300x197.jpg\" alt=\"cw-enerji-ar-ge-merkezi-kuracak\" width=\"300\" height=\"197\" srcset=\"https:\/\/www.enerjigazetesi.ist\/wp-content\/uploads\/2017\/08\/cw-enerji-ar-ge-merkezi-kuracak-300x197.jpg 300w, https:\/\/www.enerjigazetesi.ist\/wp-content\/uploads\/2017\/08\/cw-enerji-ar-ge-merkezi-kuracak-500x328.jpg 500w, https:\/\/www.enerjigazetesi.ist\/wp-content\/uploads\/2017\/08\/cw-enerji-ar-ge-merkezi-kuracak-76x50.jpg 76w, https:\/\/www.enerjigazetesi.ist\/wp-content\/uploads\/2017\/08\/cw-enerji-ar-ge-merkezi-kuracak.jpg 650w\" sizes=\"(max-width: 300px) 100vw, 300px\" \/><\/a>an\u0131ld\u0131\u011f\u0131 bir\u00e7ok noktada g\u00fcne\u015f enerjisinin ikame edilebilece\u011fini g\u00f6steren e\u011fitimlerle sekt\u00f6rde ve \u00fclkemizde bu fark\u0131ndal\u0131\u011f\u0131 olu\u015fturmak istiyoruz. Bu e\u011fitimlerde as\u0131l hedefimiz gen\u00e7 ku\u015faklar.<\/p>\n<p>\u0130nsan beynini m\u00fchendis mant\u0131\u011f\u0131yla yorumlayacak olursak insan beyni birer \u201cAvc\u0131\u201d. Avlar\u0131n\u0131, yani sekt\u00f6rlerini se\u00e7iyorlar. Sekt\u00f6rlerini se\u00e7mi\u015f olan g\u00fcne\u015f enerji avc\u0131lar\u0131, -iyi bir avc\u0131n\u0131n yapt\u0131\u011f\u0131 gibi- do\u011fru \u00e7izilmi\u015f bir projenin montaj\u0131n\u0131 do\u011fru \u015fekilde yapmal\u0131. E\u011fer iyi bir m\u00fchendis, montajc\u0131 firma t\u00fcm kontrolleri yapmadan santral kurarsa bu bir faciaya neden olur. Biz e\u011fitimlerde bu konulara yer verece\u011fiz. \u0130yi bir avc\u0131 avlanman\u0131n kurallar\u0131na nas\u0131l hakimse ayn\u0131 \u015fekilde sekt\u00f6r\u00fcm\u00fczdeki m\u00fchendisler, teknikerler de konuya b\u00f6yle bakmal\u0131.<\/p>\n<p>Know-how sekt\u00f6r\u00fcm\u00fczde b\u00fcy\u00fck \u00f6nem arz ediyor. Eksikli\u011fi felakete neden olabilir. \u00d6zellikle \u00f6n\u00fcm\u00fczdeki g\u00fcnlerde yap\u0131lacak \u00e7at\u0131 projeleri, bireysel ev uygulamalar\u0131 konusunda ekstra \u00f6zen gerekiyor. Evlerde konuyu hi\u00e7 bilmeyen \u00e7ocuklar, kad\u0131nlar ya\u015f\u0131yor. Ev sahiplerine yap\u0131lan i\u015fle ilgili kullan\u0131m k\u0131lavuzu haz\u0131rlay\u0131p, konuyla ilgili e\u011fitim verip santrali \u00f6yle teslim etsinler. Buna benzer b\u00fct\u00fcn fark\u0131ndal\u0131\u011f\u0131 olu\u015fturabilecek bir e\u011fitimden bahsediyorum. Bir antika d\u00fckkan\u0131 d\u00fc\u015f\u00fcn\u00fcn. De\u011ferli \u00fcr\u00fcnler ya sergilenir, ya da yeni sahiplerini bekler. Sanatkarlar da olaya bu \u015fekilde bakmal\u0131. Bilgilerini ya ar\u015fivlemeli, ya da pazarlamas\u0131n\u0131 bilmeli. B\u00f6ylece \u00fclkemizin teknoloji \u00e7\u00f6pl\u00fc\u011f\u00fcne d\u00f6nmesini \u00f6nleyece\u011fiz. Uzman hocalar\u0131m\u0131zla, \u00fcniversiteyle g\u00fc\u00e7lerimizi birle\u015ftirece\u011fiz.<\/p>","protected":false},"excerpt":{"rendered":"<p>Sorry, this entry is only available in Turkish. For the sake of viewer convenience, the content is shown below in the alternative language. You may click the link to switch the active language.G\u00fcne\u015f enerji sekt\u00f6r\u00fcn\u00fcn lider panel \u00fcreticisi CW Enerji, mevcut arge departman\u0131n\u0131 arge merkezine d\u00f6n\u00fc\u015ft\u00fcrmek i\u00e7in kollar\u0131 s\u0131vad\u0131.\u00a0Konuyla ilgili bilgi veren CW Enerji CEO\u2019su [&hellip;]<\/p>\n","protected":false},"author":1,"featured_media":66272,"comment_status":"open","ping_status":"open","sticky":false,"template":"","format":"standard","meta":[],"categories":[53,49],"tags":[14412,34868,63,67,1009,2698,165,227,13,23133,142,22975,4269,34869,34870],"views":2528,"_links":{"self":[{"href":"https:\/\/www.enerjigazetesi.ist\/en\/wp-json\/wp\/v2\/posts\/66271"}],"collection":[{"href":"https:\/\/www.enerjigazetesi.ist\/en\/wp-json\/wp\/v2\/posts"}],"about":[{"href":"https:\/\/www.enerjigazetesi.ist\/en\/wp-json\/wp\/v2\/types\/post"}],"author":[{"embeddable":true,"href":"https:\/\/www.enerjigazetesi.ist\/en\/wp-json\/wp\/v2\/users\/1"}],"replies":[{"embeddable":true,"href":"https:\/\/www.enerjigazetesi.ist\/en\/wp-json\/wp\/v2\/comments?post=66271"}],"version-history":[{"count":2,"href":"https:\/\/www.enerjigazetesi.ist\/en\/wp-json\/wp\/v2\/posts\/66271\/revisions"}],"predecessor-version":[{"id":66274,"href":"https:\/\/www.enerjigazetesi.ist\/en\/wp-json\/wp\/v2\/posts\/66271\/revisions\/66274"}],"wp:featuredmedia":[{"embeddable":true,"href":"https:\/\/www.enerjigazetesi.ist\/en\/wp-json\/wp\/v2\/media\/66272"}],"wp:attachment":[{"href":"https:\/\/www.enerjigazetesi.ist\/en\/wp-json\/wp\/v2\/media?parent=66271"}],"wp:term":[{"taxonomy":"category","embeddable":true,"href":"https:\/\/www.enerjigazetesi.ist\/en\/wp-json\/wp\/v2\/categories?post=66271"},{"taxonomy":"post_tag","embeddable":true,"href":"https:\/\/www.enerjigazetesi.ist\/en\/wp-json\/wp\/v2\/tags?post=66271"}],"curies":[{"name":"wp","href":"https:\/\/api.w.org\/{rel}","templated":true}]}}