{"id":66222,"date":"2017-08-04T07:53:24","date_gmt":"2017-08-04T04:53:24","guid":{"rendered":"https:\/\/www.enerjigazetesi.ist\/?p=66222"},"modified":"2017-08-04T07:53:44","modified_gmt":"2017-08-04T04:53:44","slug":"ingiliz-firmasi-british-gas-elektrik-fyatlarini-yuzde-12-5-artiriyor","status":"publish","type":"post","link":"https:\/\/www.enerjigazetesi.ist\/en\/ingiliz-firmasi-british-gas-elektrik-fyatlarini-yuzde-12-5-artiriyor\/","title":{"rendered":"(Turkish) \u0130ngiliz Firmas\u0131 British Gas, Elektrik Fyatlar\u0131n\u0131 %12,5 Art\u0131r\u0131yor"},"content":{"rendered":"<p class=\"qtranxs-available-languages-message qtranxs-available-languages-message-en\">Sorry, this entry is only available in <a href=\"https:\/\/www.enerjigazetesi.ist\/tr\/wp-json\/wp\/v2\/posts\/66222\" class=\"qtranxs-available-language-link qtranxs-available-language-link-tr\" title=\"Turkish\">Turkish<\/a>. For the sake of viewer convenience, the content is shown below in the alternative language. You may click the link to switch the active language.<\/p><p><\/p>\n<p style=\"color: #0a0a0a;\"><strong>\u0130ngiliz enerji \u015firketi British Gas taraf\u0131ndan \u0130ngiltere\u2018de hizmet verilen abonelerin elektrik <a href=\"https:\/\/www.enerjigazetesi.ist\/wp-content\/uploads\/2015\/12\/2016da-elektrik-fiyatlarinda-artis-bekleniyor.jpg\"><img loading=\"lazy\" class=\"alignright size-medium wp-image-47951\" src=\"https:\/\/www.enerjigazetesi.ist\/wp-content\/uploads\/2015\/12\/2016da-elektrik-fiyatlarinda-artis-bekleniyor-300x165.jpg\" alt=\"2016da-elektrik-fiyatlarinda-artis-bekleniyor\" width=\"300\" height=\"165\" srcset=\"https:\/\/www.enerjigazetesi.ist\/wp-content\/uploads\/2015\/12\/2016da-elektrik-fiyatlarinda-artis-bekleniyor-300x165.jpg 300w, https:\/\/www.enerjigazetesi.ist\/wp-content\/uploads\/2015\/12\/2016da-elektrik-fiyatlarinda-artis-bekleniyor-500x276.jpg 500w, https:\/\/www.enerjigazetesi.ist\/wp-content\/uploads\/2015\/12\/2016da-elektrik-fiyatlarinda-artis-bekleniyor-80x44.jpg 80w, https:\/\/www.enerjigazetesi.ist\/wp-content\/uploads\/2015\/12\/2016da-elektrik-fiyatlarinda-artis-bekleniyor.jpg 696w\" sizes=\"(max-width: 300px) 100vw, 300px\" \/><\/a>kullan\u0131m \u00fccretlerinin 15 eyl\u00fcl tarihinden itibaren y\u00fczde 12,5 art\u0131raca\u011f\u0131 belirtildi.<\/strong><span id=\"more-92866\"><\/span><\/p>\n<p>A\u00e7\u0131klamada, \u0130ngiliz h\u00fck\u00fcmetinin da\u011f\u0131t\u0131m maliyetlerine ili\u015fkin d\u00fczenlemeleri \u00e7er\u00e7evesinde\u00a0elektrik t\u00fcketim fiyatlar\u0131n\u0131n art\u0131r\u0131lmas\u0131na\u00a0y\u00f6nelik karar al\u0131nd\u0131\u011f\u0131 a\u00e7\u0131kland\u0131. Yakla\u015f\u0131k 3,1 milyon m\u00fc\u015fteriyi etkileyecek olan bu art\u0131\u015f\u0131n\u00a02013\u00a0kas\u0131m ay\u0131ndan bu yana yap\u0131lan ilk art\u0131\u015f oldu\u011funun da vurgusu yap\u0131ld\u0131.<\/p>\n<p>British Gas\u2019\u0131n Centrica Grubu \u00dcst D\u00fczey Y\u00f6neticisi Iain Conn ise \u201cElektri\u011fi zarar\u0131na satmaktay\u0131z ve bu s\u00fcrd\u00fcr\u00fclebilir de\u011fildir.\u201d ifadelerine yer verdi.<\/p>","protected":false},"excerpt":{"rendered":"<p>Sorry, this entry is only available in Turkish. For the sake of viewer convenience, the content is shown below in the alternative language. You may click the link to switch the active language. \u0130ngiliz enerji \u015firketi British Gas taraf\u0131ndan \u0130ngiltere\u2018de hizmet verilen abonelerin elektrik kullan\u0131m \u00fccretlerinin 15 eyl\u00fcl tarihinden itibaren y\u00fczde 12,5 art\u0131raca\u011f\u0131 belirtildi. A\u00e7\u0131klamada, [&hellip;]<\/p>\n","protected":false},"author":1,"featured_media":47951,"comment_status":"open","ping_status":"open","sticky":false,"template":"","format":"standard","meta":[],"categories":[51,53],"tags":[10110,68,61,2961,19638,34834,1451,2873,34835,63,67,1009,2698,165,22343],"views":858,"_links":{"self":[{"href":"https:\/\/www.enerjigazetesi.ist\/en\/wp-json\/wp\/v2\/posts\/66222"}],"collection":[{"href":"https:\/\/www.enerjigazetesi.ist\/en\/wp-json\/wp\/v2\/posts"}],"about":[{"href":"https:\/\/www.enerjigazetesi.ist\/en\/wp-json\/wp\/v2\/types\/post"}],"author":[{"embeddable":true,"href":"https:\/\/www.enerjigazetesi.ist\/en\/wp-json\/wp\/v2\/users\/1"}],"replies":[{"embeddable":true,"href":"https:\/\/www.enerjigazetesi.ist\/en\/wp-json\/wp\/v2\/comments?post=66222"}],"version-history":[{"count":1,"href":"https:\/\/www.enerjigazetesi.ist\/en\/wp-json\/wp\/v2\/posts\/66222\/revisions"}],"predecessor-version":[{"id":66223,"href":"https:\/\/www.enerjigazetesi.ist\/en\/wp-json\/wp\/v2\/posts\/66222\/revisions\/66223"}],"wp:featuredmedia":[{"embeddable":true,"href":"https:\/\/www.enerjigazetesi.ist\/en\/wp-json\/wp\/v2\/media\/47951"}],"wp:attachment":[{"href":"https:\/\/www.enerjigazetesi.ist\/en\/wp-json\/wp\/v2\/media?parent=66222"}],"wp:term":[{"taxonomy":"category","embeddable":true,"href":"https:\/\/www.enerjigazetesi.ist\/en\/wp-json\/wp\/v2\/categories?post=66222"},{"taxonomy":"post_tag","embeddable":true,"href":"https:\/\/www.enerjigazetesi.ist\/en\/wp-json\/wp\/v2\/tags?post=66222"}],"curies":[{"name":"wp","href":"https:\/\/api.w.org\/{rel}","templated":true}]}}