{"id":66182,"date":"2017-08-02T12:52:22","date_gmt":"2017-08-02T09:52:22","guid":{"rendered":"https:\/\/www.enerjigazetesi.ist\/?p=66182"},"modified":"2017-08-02T12:52:22","modified_gmt":"2017-08-02T09:52:22","slug":"klima-satislari-bu-yaz-1-milyon-rekorunu-kirabilir","status":"publish","type":"post","link":"https:\/\/www.enerjigazetesi.ist\/en\/klima-satislari-bu-yaz-1-milyon-rekorunu-kirabilir\/","title":{"rendered":"(Turkish) Klima Sat\u0131\u015flar\u0131 Bu Yaz 1 Milyon Rekorunu K\u0131rabilir&#8230;"},"content":{"rendered":"<p class=\"qtranxs-available-languages-message qtranxs-available-languages-message-en\">Sorry, this entry is only available in <a href=\"https:\/\/www.enerjigazetesi.ist\/tr\/wp-json\/wp\/v2\/posts\/66182\" class=\"qtranxs-available-language-link qtranxs-available-language-link-tr\" title=\"Turkish\">Turkish<\/a>. For the sake of viewer convenience, the content is shown below in the alternative language. You may click the link to switch the active language.<\/p><p><strong>Daikin T\u00fcrkiye CEO\u2019su Hasan \u00d6nder, yaz aylar\u0131nda mevsim normallerinin \u00fczerine \u00e7\u0131kan s\u0131cakl\u0131k ve y\u00fcksek nem oran\u0131n\u0131n etkisiyle artan sat\u0131\u015flar\u0131n sekt\u00f6re bu y\u0131l yeni bir rekor getirilebilece\u011fini a\u00e7\u0131klad\u0131. 2011 y\u0131l\u0131nda ya\u015fanan 1 milyon adetlik rekor sat\u0131\u015f\u0131n bu y\u0131l yakalanabilece\u011fini belirten \u00d6nder, \u201cM\u00fc\u015fterilerimizin \u00e7o\u011fu son dakikac\u0131 davransa da, klima art\u0131k bir ihtiya\u00e7 olarak kabul ediliyor. S\u0131cak havalar\u0131n yan\u0131 s\u0131ra yeni nesil cihazlar ve uygun \u00f6deme ko\u015fullar\u0131 da talebi harekete ge\u00e7iriyor\u201d dedi.<\/strong><\/p>\n<p>\u0130klimlendirme sekt\u00f6r\u00fcn\u00fcn \u00f6nde gelen markalar\u0131ndan Daikin T\u00fcrkiye\u2019nin CEO\u2019su Hasan \u00d6nder, klima sekt\u00f6r\u00fcnde bu y\u0131l ya\u015fanan geli\u015fmeleri de\u011ferlendirdi. Temm<a href=\"https:\/\/www.enerjigazetesi.ist\/wp-content\/uploads\/2017\/08\/klima-satislari-bu-yaz-1-milyon-rekorunu-kirabilir.jpg\"><img loading=\"lazy\" class=\"alignleft size-medium wp-image-66183\" src=\"https:\/\/www.enerjigazetesi.ist\/wp-content\/uploads\/2017\/08\/klima-satislari-bu-yaz-1-milyon-rekorunu-kirabilir-300x240.jpg\" alt=\"klima-satislari-bu-yaz-1-milyon-rekorunu-kirabilir\" width=\"300\" height=\"240\" srcset=\"https:\/\/www.enerjigazetesi.ist\/wp-content\/uploads\/2017\/08\/klima-satislari-bu-yaz-1-milyon-rekorunu-kirabilir-300x240.jpg 300w, https:\/\/www.enerjigazetesi.ist\/wp-content\/uploads\/2017\/08\/klima-satislari-bu-yaz-1-milyon-rekorunu-kirabilir-498x400.jpg 498w, https:\/\/www.enerjigazetesi.ist\/wp-content\/uploads\/2017\/08\/klima-satislari-bu-yaz-1-milyon-rekorunu-kirabilir-62x50.jpg 62w, https:\/\/www.enerjigazetesi.ist\/wp-content\/uploads\/2017\/08\/klima-satislari-bu-yaz-1-milyon-rekorunu-kirabilir.jpg 650w\" sizes=\"(max-width: 300px) 100vw, 300px\" \/><\/a>uz ay\u0131 itibariyle artan hava s\u0131cakl\u0131\u011f\u0131 ve y\u00fcksek nem oranlar\u0131n\u0131n klima talebini harekete ge\u00e7irdi\u011fini belirten \u00d6nder, sat\u0131\u015flarda 2011 y\u0131l\u0131ndaki 1 milyon adetlik rekorun bu y\u0131l egale edilebilece\u011fine dikkat \u00e7ekti.<\/p>\n<p>Temmuz ay\u0131 itibariyle klima sat\u0131\u015flar\u0131nda ge\u00e7en y\u0131l\u0131n temmuz ay\u0131na g\u00f6re y\u00fczde 20\u2019lik art\u0131\u015f g\u00f6zlemlediklerini s\u00f6yleyen \u00d6nder, \u00f6zellikle G\u00fcneydo\u011fu Anadolu, Ege ve \u00c7ukurova B\u00f6lgeleri ile Antalya, \u0130stanbul, \u0130zmir gibi b\u00fcy\u00fck kentlerde klima talebinde b\u00fcy\u00fck bir art\u0131\u015f ya\u015fand\u0131\u011f\u0131n\u0131 kaydetti. A\u011fustos ay\u0131nda da bu temponun devam etmesi halinde 1 milyon adetlik sat\u0131\u015f adedinin a\u015f\u0131labilece\u011fini belirten \u00d6nder, \u201cAsl\u0131nda T\u00fcrkiye gibi bir \u00fclkede klima pazar\u0131n\u0131n olmas\u0131 gereken yer de buras\u0131. 1 milyonluk sat\u0131\u015f adedini en son 2011 yaz\u0131nda yakalam\u0131\u015ft\u0131k. Ge\u00e7en y\u0131l klima sat\u0131\u015flar\u0131 800 binlerde kalm\u0131\u015ft\u0131. Bu y\u0131l bir yandan artan s\u0131cakl\u0131k ve nem oranlar\u0131 di\u011fer yandan artan t\u00fcketici bilinci ile 1 milyon adetlik rekorun egale edilebilece\u011fini d\u00fc\u015f\u00fcn\u00fcyoruz\u201d diye konu\u015ftu.<\/p>\n<p><strong>SON DAK\u0130KA BEKLENSE DE \u0130HT\u0130YA\u00c7 B\u0130L\u0130N\u0130YOR<\/strong><\/p>\n<p>T\u00fcrkiye\u2019de bilin\u00e7li bir m\u00fc\u015fteri kitlesi olu\u015ftu\u011funu, kliman\u0131n art\u0131k bir l\u00fcks de\u011fil ihtiya\u00e7 olarak g\u00f6r\u00fcld\u00fc\u011f\u00fcn\u00fc ifade eden \u00d6nder, \u015fu de\u011ferlendirmeyi yapt\u0131: \u201cYaz aylar\u0131nda artan talebin y\u00fczde 80\u2019inin son dakikac\u0131lar oldu\u011funu s\u00f6yleyebiliriz. Ancak biz bunun da ertelenmi\u015f talep oldu\u011funu biliyoruz. \u00c7\u00fcnk\u00fc m\u00fc\u015fterimiz klimalar\u0131n\u0131 al\u0131rken sadece fiyat\u0131na bakarak karar vermiyor. \u00c7o\u011fu m\u00fc\u015fterimiz alaca\u011f\u0131 cihaz\u0131n enerji s\u0131n\u0131f\u0131, sahip oldu\u011fu \u00f6zellikler, montaj avantaj\u0131, yetkili servis a\u011f\u0131 gibi pek \u00e7ok kriteri de\u011ferlendiriyor. Daikin olarak bu bilin\u00e7li t\u00fcketicinin kar\u015f\u0131s\u0131na farkl\u0131 ihtiya\u00e7 ve beklentilere yan\u0131t veren geni\u015f bir \u00fcr\u00fcn gam\u0131 ile \u00e7\u0131kmay\u0131 tercih ediyoruz. Dikkat ederseniz biz dahil hemen hemen t\u00fcm markalar bu d\u00f6nemde t\u00fcketiciye h\u0131zl\u0131 teslimat, kampanya, uygun \u00f6deme se\u00e7enekleri sunuyor. \u00c7\u00fcnk\u00fc g\u00fcn\u00fcm\u00fczde t\u00fcketicilerin klimas\u0131n\u0131 almadan \u00f6nce ara\u015ft\u0131rma yapt\u0131\u011f\u0131n\u0131 biliyoruz. Kentsel d\u00f6n\u00fc\u015f\u00fcm sonucu yenilenen evler, yeni ev alanlar, yeni evlenenler gibi farkl\u0131 gruplardan da talep gelse de genelde t\u00fcketici, art\u0131k klimay\u0131 bir gereksinim olarak g\u00f6r\u00fcyor ve almay\u0131 d\u00fc\u015f\u00fcn\u00fcyor. Yaz aylar\u0131nda artan s\u0131cakl\u0131k ve nem oranlar\u0131 ise t\u00fcketiciye bu gereksinimini hat\u0131rlat\u0131yor. Tabii bizim tavsiyemiz; uygun cihaz se\u00e7imi yapabilmek, kaliteli teslimat ve montaj hizmeti alabilmek i\u00e7in talebi ertelememek gerekti\u011fi y\u00f6n\u00fcnde.\u201d<\/p>\n<p><strong>YEN\u0130 NES\u0130L \u00dcR\u00dcNLERE \u0130LG\u0130 G\u00d6STER\u0130L\u0130YOR<\/strong><\/p>\n<p>T\u00fcketicinin, fiyat duyarl\u0131l\u0131\u011f\u0131 ta\u015f\u0131sa da yeni nesil cihazlara ilgi g\u00f6sterdi\u011fine dikkat \u00e7eken \u00d6nder, pazardaki de\u011fi\u015fimi \u015f\u00f6yle aktard\u0131: \u201cKlima uzun \u00f6m\u00fcrl\u00fc bir cihaz, gerekli bak\u0131mlar\u0131n yap\u0131lmas\u0131 halinde kullan\u0131m \u00f6mr\u00fc 10 y\u0131l\u0131n \u00fczerine \u00e7\u0131k\u0131yor. Klima ayn\u0131 zamanda gayrimenkule de\u011fer katan bir \u00fcr\u00fcn. Biliyorsunuz art\u0131k pek \u00e7ok yeni projede iklimlendirmeye mutlaka yer veriliyor. Bunun yan\u0131 s\u0131ra oturaca\u011f\u0131 eve klima takt\u0131rmak isteyen bireysel t\u00fcketici de, g\u00f6r\u00fcyoruz ki \u00fcst\u00fcn teknolojik \u00f6zellikler ta\u015f\u0131yan cihazlara y\u00f6neliyor. Inverter klimalar\u0131n sa\u011flad\u0131\u011f\u0131 y\u00fcksek verim ve tasarruf avantaj\u0131n\u0131n yan\u0131 s\u0131ra ak\u0131ll\u0131 kanat, ak\u0131ll\u0131 g\u00f6z teknolojisi, programlanabilme \u00f6zelli\u011fi, d\u00fc\u015f\u00fck ses seviyesi, online kontrol edilebilmesi gibi pek \u00e7ok unsur kullan\u0131c\u0131lar\u0131n tercihini etkiliyor. Asl\u0131nda bu m\u00fc\u015fteri davran\u0131\u015f\u0131 sekt\u00f6r\u00fcn de sa\u011fl\u0131kl\u0131 geli\u015fimine olanak tan\u0131yor. \u00dcretici firmalar fiyat rekabetine odaklanmak yerine model ve h\u0131zl\u0131 teslimat gibi hizmet rekabetine y\u00f6neliyor. Daikin olarak biz de \u00e7evre ve t\u00fcketici dostu cihazlar\u0131m\u0131zla t\u00fcm beklenti ve ihtiya\u00e7lar\u0131 kar\u015f\u0131larken, hizmet kalitemizi de art\u0131rmaya devam ediyoruz. Bu y\u0131l montaj s\u00fcrelerini y\u00fczde 50 azaltmay\u0131 ba\u015fard\u0131k. Kullan\u0131c\u0131lar\u0131m\u0131z\u0131n \u00fcr\u00fcnlerimize g\u00f6sterdi\u011fi tevecc\u00fch ile de yapt\u0131\u011f\u0131m\u0131z t\u00fcm bu \u00e7al\u0131\u015fmalar\u0131n kar\u015f\u0131l\u0131k g\u00f6rd\u00fc\u011f\u00fcn\u00fc g\u00f6zlemliyoruz.\u201d<\/p>","protected":false},"excerpt":{"rendered":"<p>Sorry, this entry is only available in Turkish. For the sake of viewer convenience, the content is shown below in the alternative language. You may click the link to switch the active language.Daikin T\u00fcrkiye CEO\u2019su Hasan \u00d6nder, yaz aylar\u0131nda mevsim normallerinin \u00fczerine \u00e7\u0131kan s\u0131cakl\u0131k ve y\u00fcksek nem oran\u0131n\u0131n etkisiyle artan sat\u0131\u015flar\u0131n sekt\u00f6re bu y\u0131l yeni [&hellip;]<\/p>\n","protected":false},"author":1,"featured_media":66183,"comment_status":"open","ping_status":"open","sticky":false,"template":"","format":"standard","meta":[],"categories":[53,52],"tags":[3170,63,67,1009,2698,165,14919],"views":1460,"_links":{"self":[{"href":"https:\/\/www.enerjigazetesi.ist\/en\/wp-json\/wp\/v2\/posts\/66182"}],"collection":[{"href":"https:\/\/www.enerjigazetesi.ist\/en\/wp-json\/wp\/v2\/posts"}],"about":[{"href":"https:\/\/www.enerjigazetesi.ist\/en\/wp-json\/wp\/v2\/types\/post"}],"author":[{"embeddable":true,"href":"https:\/\/www.enerjigazetesi.ist\/en\/wp-json\/wp\/v2\/users\/1"}],"replies":[{"embeddable":true,"href":"https:\/\/www.enerjigazetesi.ist\/en\/wp-json\/wp\/v2\/comments?post=66182"}],"version-history":[{"count":1,"href":"https:\/\/www.enerjigazetesi.ist\/en\/wp-json\/wp\/v2\/posts\/66182\/revisions"}],"predecessor-version":[{"id":66184,"href":"https:\/\/www.enerjigazetesi.ist\/en\/wp-json\/wp\/v2\/posts\/66182\/revisions\/66184"}],"wp:featuredmedia":[{"embeddable":true,"href":"https:\/\/www.enerjigazetesi.ist\/en\/wp-json\/wp\/v2\/media\/66183"}],"wp:attachment":[{"href":"https:\/\/www.enerjigazetesi.ist\/en\/wp-json\/wp\/v2\/media?parent=66182"}],"wp:term":[{"taxonomy":"category","embeddable":true,"href":"https:\/\/www.enerjigazetesi.ist\/en\/wp-json\/wp\/v2\/categories?post=66182"},{"taxonomy":"post_tag","embeddable":true,"href":"https:\/\/www.enerjigazetesi.ist\/en\/wp-json\/wp\/v2\/tags?post=66182"}],"curies":[{"name":"wp","href":"https:\/\/api.w.org\/{rel}","templated":true}]}}