{"id":6603,"date":"2013-02-13T19:17:33","date_gmt":"2013-02-13T16:17:33","guid":{"rendered":"https:\/\/www.enerjigazetesi.ist\/?p=6603"},"modified":"2013-02-13T19:17:33","modified_gmt":"2013-02-13T16:17:33","slug":"cezaevinde-enerji-verimliligi-semineri","status":"publish","type":"post","link":"https:\/\/www.enerjigazetesi.ist\/en\/cezaevinde-enerji-verimliligi-semineri\/","title":{"rendered":"(Turkish) Cezaevinde Enerji Verimlili\u011fi Semineri"},"content":{"rendered":"<p class=\"qtranxs-available-languages-message qtranxs-available-languages-message-en\">Sorry, this entry is only available in <a href=\"https:\/\/www.enerjigazetesi.ist\/tr\/wp-json\/wp\/v2\/posts\/6603\" class=\"qtranxs-available-language-link qtranxs-available-language-link-tr\" title=\"Turkish\">Turkish<\/a>. For the sake of viewer convenience, the content is shown below in the alternative language. You may click the link to switch the active language.<\/p><p><strong>Seda\u015f sosyal sorumluluk projesi kapsam\u0131nda her y\u0131l ger\u00e7ekle\u015ftirdi\u011fi \u201cEnerjinin verimli kullan\u0131lmas\u0131\u201d konulu e\u011fitim seminerleri kapsam\u0131nda Kand\u0131ra Cezaevi\u2019nde de bir toplant\u0131 d\u00fczenledi. Kocaeli A\u00e7\u0131k Ceza ve \u0130nfaz Kurumu M\u00fcd\u00fcrl\u00fc\u011f\u00fc i\u015fbirli\u011fi ile d\u00fczenlenen toplant\u0131da, Seda\u015f y\u00f6neticileri cezaevindeki h\u00fck\u00fcml\u00fc ve tutuklular\u0131, enerji verimlili\u011fi konusunda bilgilendirdiler, bu konuda yapabileceklerini ilettiler.<\/strong><\/p>\n<p><img loading=\"lazy\" class=\"alignleft size-medium wp-image-6604\" title=\"47988-detay\" src=\"https:\/\/www.enerjigazetesi.ist\/wp-content\/uploads\/2013\/02\/47988-detay-300x225.jpg\" alt=\"\" width=\"300\" height=\"225\" srcset=\"https:\/\/www.enerjigazetesi.ist\/wp-content\/uploads\/2013\/02\/47988-detay-300x225.jpg 300w, https:\/\/www.enerjigazetesi.ist\/wp-content\/uploads\/2013\/02\/47988-detay-66x50.jpg 66w, https:\/\/www.enerjigazetesi.ist\/wp-content\/uploads\/2013\/02\/47988-detay.jpg 468w\" sizes=\"(max-width: 300px) 100vw, 300px\" \/>Seda\u015f Kurumsal \u0130leti\u015fim M\u00fcd\u00fcr\u00fc Ayhan Erkovan ile Seda\u015f Da\u011f\u0131t\u0131m Merkezleri M\u00fcd\u00fcr\u00fc Burhan Ak\u2019\u0131n konu\u015fmac\u0131 olarak kat\u0131ld\u0131\u011f\u0131 seminere 250 h\u00fck\u00fcml\u00fc kat\u0131ld\u0131. \u0130lgiyle dinlenen seminerde h\u00fck\u00fcml\u00fcler, elektrikle ilgili \u00e7ok say\u0131da soru sorarak bilgilenme f\u0131rsat\u0131 buldular. \u00d6zellikle ka\u00e7ak elektrik kullan\u0131m\u0131 ve cezai yapt\u0131r\u0131mlar\u0131 ile saya\u00e7larda 3 zamanl\u0131 kullan\u0131m konular\u0131nda Seda\u015f y\u00f6neticilerine sorular y\u00f6nelttiler.<\/p>\n<p>Seminerde a\u00e7\u0131l\u0131\u015f konu\u015fmas\u0131 yapan A\u00e7\u0131k Ceza ve \u0130nfaz Kurumu E\u011fitim M\u00fcd\u00fcr\u00fc Halil Mutlu, sosyal ve k\u00fclt\u00fcrel etkinlik g\u00fcnlerinde cezaevinde h\u00fck\u00fcml\u00fclerle farkl\u0131 aktiviteler d\u00fczenlendi\u011fini, Seda\u015f\u2019\u0131n da ger\u00e7ekle\u015ftirdi\u011fi bu organizasyonla kendilerine verdikleri destekten \u00f6t\u00fcr\u00fc \u00e7ok mutlu olduklar\u0131n\u0131 belirtti. Seminerde, enerji verimlili\u011finin \u00fclkemiz i\u00e7in \u00e7ok b\u00fcy\u00fck \u00f6nem ta\u015f\u0131d\u0131\u011f\u0131na dikkat \u00e7ekilirken, T\u00fcrkiye de toplam enerji arz\u0131n\u0131n % 65\u2019inin ithalat yoluyla kar\u015f\u0131land\u0131\u011f\u0131 ve h\u0131zl\u0131 talep art\u0131\u015f\u0131 nedeniyle, 2020 y\u0131l\u0131nda toplam enerji arz\u0131n\u0131n ancak &#8220;\u2019sinin yerli \u00fcretimle kar\u015f\u0131lanabilece\u011finin beklendi\u011fi ifade edildi.<\/p>\n<p>Kaynak: <a href=\"http:\/\/www.ozgurkocaeli.com.tr\/haber\/cezaevinde-enerji-verimliligi-semineri-120666.html\" target=\"_blank\">\u00d6zg\u00fcr Kocaeli<\/a><\/p>","protected":false},"excerpt":{"rendered":"<p>Sorry, this entry is only available in Turkish. For the sake of viewer convenience, the content is shown below in the alternative language. You may click the link to switch the active language.Seda\u015f sosyal sorumluluk projesi kapsam\u0131nda her y\u0131l ger\u00e7ekle\u015ftirdi\u011fi \u201cEnerjinin verimli kullan\u0131lmas\u0131\u201d konulu e\u011fitim seminerleri kapsam\u0131nda Kand\u0131ra Cezaevi\u2019nde de bir toplant\u0131 d\u00fczenledi. Kocaeli A\u00e7\u0131k [&hellip;]<\/p>\n","protected":false},"author":1,"featured_media":6604,"comment_status":"open","ping_status":"open","sticky":false,"template":"","format":"standard","meta":[],"categories":[53,52],"tags":[1949,67,103,12,2445,2444,133],"views":721,"_links":{"self":[{"href":"https:\/\/www.enerjigazetesi.ist\/en\/wp-json\/wp\/v2\/posts\/6603"}],"collection":[{"href":"https:\/\/www.enerjigazetesi.ist\/en\/wp-json\/wp\/v2\/posts"}],"about":[{"href":"https:\/\/www.enerjigazetesi.ist\/en\/wp-json\/wp\/v2\/types\/post"}],"author":[{"embeddable":true,"href":"https:\/\/www.enerjigazetesi.ist\/en\/wp-json\/wp\/v2\/users\/1"}],"replies":[{"embeddable":true,"href":"https:\/\/www.enerjigazetesi.ist\/en\/wp-json\/wp\/v2\/comments?post=6603"}],"version-history":[{"count":1,"href":"https:\/\/www.enerjigazetesi.ist\/en\/wp-json\/wp\/v2\/posts\/6603\/revisions"}],"predecessor-version":[{"id":6605,"href":"https:\/\/www.enerjigazetesi.ist\/en\/wp-json\/wp\/v2\/posts\/6603\/revisions\/6605"}],"wp:featuredmedia":[{"embeddable":true,"href":"https:\/\/www.enerjigazetesi.ist\/en\/wp-json\/wp\/v2\/media\/6604"}],"wp:attachment":[{"href":"https:\/\/www.enerjigazetesi.ist\/en\/wp-json\/wp\/v2\/media?parent=6603"}],"wp:term":[{"taxonomy":"category","embeddable":true,"href":"https:\/\/www.enerjigazetesi.ist\/en\/wp-json\/wp\/v2\/categories?post=6603"},{"taxonomy":"post_tag","embeddable":true,"href":"https:\/\/www.enerjigazetesi.ist\/en\/wp-json\/wp\/v2\/tags?post=6603"}],"curies":[{"name":"wp","href":"https:\/\/api.w.org\/{rel}","templated":true}]}}