{"id":65925,"date":"2017-07-26T11:30:49","date_gmt":"2017-07-26T08:30:49","guid":{"rendered":"https:\/\/www.enerjigazetesi.ist\/?p=65925"},"modified":"2017-07-26T11:30:49","modified_gmt":"2017-07-26T08:30:49","slug":"elektrik-dagitiminda-ilk-mesleki-yeterlilik-belgeleri-verildi","status":"publish","type":"post","link":"https:\/\/www.enerjigazetesi.ist\/en\/elektrik-dagitiminda-ilk-mesleki-yeterlilik-belgeleri-verildi\/","title":{"rendered":"(Turkish) Elektrik Da\u011f\u0131tim\u0131nda \u0130lk Mesleki Yeterlilik Belgeleri Verildi"},"content":{"rendered":"<p class=\"qtranxs-available-languages-message qtranxs-available-languages-message-en\">Sorry, this entry is only available in <a href=\"https:\/\/www.enerjigazetesi.ist\/tr\/wp-json\/wp\/v2\/posts\/65925\" class=\"qtranxs-available-language-link qtranxs-available-language-link-tr\" title=\"Turkish\">Turkish<\/a>. For the sake of viewer convenience, the content is shown below in the alternative language. You may click the link to switch the active language.<\/p><p><strong>Elektrik Da\u011f\u0131t\u0131m Hizmetleri Derne\u011fi &#8211; ELDER&#8217;in \u00c7al\u0131\u015fma ve Sosyal G\u00fcvenlik Bakanl\u0131\u011f\u0131 Avrupa Birli\u011fi ve Mali Yard\u0131mlar Dairesi \u0130nsan Kaynaklar\u0131n\u0131n Geli\u015ftirilmesi Program Otoritesinin, Avrupa Birli\u011fi \u201cVOC-TEST Merkezleri II. H\u0130BE Program\u0131\u201d kapsam\u0131nda onaylanan &#8220;Elektri\u011fi Da\u011f\u0131tan Mesleklerin Belgelendirilmesi Projesi\u201dnin kapan\u0131\u015f toplant\u0131s\u0131nda sekt\u00f6rdeki ilk mesleki yeterlilik belgeleri verildi.<\/strong><\/p>\n<p>Toplant\u0131n\u0131n a\u00e7\u0131l\u0131\u015f\u0131nda konu\u015fan Enerji ve Tabii Kaynaklar Bakanl\u0131\u011f\u0131 M\u00fcste\u015far\u0131 Fatih\u00a0D\u00f6nmez, elektrik \u015firketlerinin mesleki yeterlilik konusunda son iki y\u0131ld\u0131r \u00e7al\u0131\u015fmalar\u0131n\u0131n h\u0131zland\u0131\u011f\u0131n\u0131 belirterek, &#8220;Elektrik \u015firketlerinin, muhtemelen 5 y\u0131l i\u00e7inde de gaz \u015firketlerinin \u00f6n\u00fcne ge\u00e7ecek \u00f6l\u00e7\u00fcde<a href=\"https:\/\/www.enerjigazetesi.ist\/wp-content\/uploads\/2017\/07\/elektrik-dagitiminda-ilk-mesleki-yeterlilik-belgeleri-verildi.jpg\"><img loading=\"lazy\" class=\"alignleft size-medium wp-image-65926\" src=\"https:\/\/www.enerjigazetesi.ist\/wp-content\/uploads\/2017\/07\/elektrik-dagitiminda-ilk-mesleki-yeterlilik-belgeleri-verildi-300x199.jpg\" alt=\"elektrik-dagitiminda-ilk-mesleki-yeterlilik-belgeleri-verildi\" width=\"300\" height=\"199\" srcset=\"https:\/\/www.enerjigazetesi.ist\/wp-content\/uploads\/2017\/07\/elektrik-dagitiminda-ilk-mesleki-yeterlilik-belgeleri-verildi-300x199.jpg 300w, https:\/\/www.enerjigazetesi.ist\/wp-content\/uploads\/2017\/07\/elektrik-dagitiminda-ilk-mesleki-yeterlilik-belgeleri-verildi-500x333.jpg 500w, https:\/\/www.enerjigazetesi.ist\/wp-content\/uploads\/2017\/07\/elektrik-dagitiminda-ilk-mesleki-yeterlilik-belgeleri-verildi-75x50.jpg 75w, https:\/\/www.enerjigazetesi.ist\/wp-content\/uploads\/2017\/07\/elektrik-dagitiminda-ilk-mesleki-yeterlilik-belgeleri-verildi.jpg 800w\" sizes=\"(max-width: 300px) 100vw, 300px\" \/><\/a>, kalite, standartla\u015fma ve mesleki yeterliliklerini tamamlayacaklar\u0131n\u0131 d\u00fc\u015f\u00fcn\u00fcyorum.\u00a0T\u00fcrkiye\u2019nin orta gelir tuza\u011f\u0131ndan kurtulmas\u0131 i\u00e7in, OECD \u00f6rnek uygulamalar\u0131 \u00e7er\u00e7evesinde bir e\u011fitimi \u015fart ko\u015fuyoruz.\u00a0Elektrik da\u011f\u0131t\u0131m \u015firketlerine burada b\u00fcy\u00fck i\u015f d\u00fc\u015f\u00fcyor&#8221; dedi.<\/p>\n<p>Fatih D\u00f6nmez, T\u00fcrkiye\u2019de mesleki standartla\u015fman\u0131n \u00e7o\u011fu sekt\u00f6rde yeni ba\u015flad\u0131\u011f\u0131n\u0131 s\u00f6yledi. D\u00f6nmez, bir sekt\u00f6r\u00fc, bir mesle\u011fi de\u011ferli yapan\u0131n, o i\u015f kolunda verilen hizmetlerin standartla\u015fmas\u0131 oldu\u011funu ve ELDER&#8217;in bu ilk ad\u0131m\u0131n\u0131n s\u00f6z konusu standartla\u015fmay\u0131 sa\u011flayaca\u011f\u0131n\u0131 dile getirdi.\u00a0D\u00f6nmez, \u015funlar\u0131 kaydetti:<\/p>\n<p>&#8220;Bakanl\u0131k olarak belgelendirmelere 3 noktadan \u00f6nem veriyoruz; Sistem belgelendirmesi, personel belgelendirmesi ve hizmet belgelendirmesi. Bug\u00fcn personel belgelendirmesi kapsam\u0131nda, 4 meslekte 160 aday belge alacak ama 6 meslek standard\u0131 i\u00e7in de ELDER akredite edildi ve yetkilendirilmesi bekleniyor. Toplamda 10 meslek standard\u0131 da size yetmez. Elektrik, teknolojik bir kaynak. Bu teknolojinin girdi\u011fi her noktada standartlar\u0131 kuvvetlendirmeli, e\u011fitime \u00f6nem vermeliyiz.\u00a0\u00d6zellikle elektrik sekt\u00f6r\u00fc elektrikli arabalar, yenilenebilir kaynaklar, ak\u0131ll\u0131 \u015febekeler gibi kavramlarla de\u011fi\u015firken, T\u00fcrkiye\u2019nin orta gelir tuza\u011f\u0131ndan kurtulmas\u0131 i\u00e7in, OECD \u00f6rnek uygulamalar\u0131 \u00e7er\u00e7evesinde bir e\u011fitimi \u015fart ko\u015fuyoruz. Bu teknolojik de\u011fi\u015fimlere \u00f6rg\u00fcn e\u011fitim ayn\u0131 h\u0131zla yeti\u015femiyor, i\u015f ba\u015f\u0131 ve mesleki e\u011fitimlerle bu a\u00e7\u0131\u011f\u0131 kapatmam\u0131z gerekiyor. Elektrik da\u011f\u0131t\u0131m \u015firketlerine burada b\u00fcy\u00fck i\u015f d\u00fc\u015f\u00fcyor.&#8221;<\/p>\n<p><strong>ELDER BA\u015eKANI \u00c7E\u00c7EN: \u201c\u0130\u015eG\u00dcC\u00dc N\u0130TEL\u0130\u011e\u0130 Y\u00dcKSELECEK\u201d<\/strong><\/p>\n<p>Elektrik Da\u011f\u0131t\u0131m Hizmetleri Derne\u011fi Y\u00f6netim Kurulu Ba\u015fkan\u0131 Serhat \u00c7e\u00e7en, elektrik da\u011f\u0131t\u0131m sekt\u00f6r\u00fcn\u00fcn ilk mesleki yeterlilik belgelerini vermeye ba\u015flad\u0131\u011f\u0131n\u0131 belirterek, &#8220;Elektrik da\u011f\u0131t\u0131m sekt\u00f6r\u00fcnde uluslararas\u0131 kriterlere uygun belgelendirme, i\u015fg\u00fcc\u00fcm\u00fcz\u00fcn ni\u0307teli\u0307\u011fi\u0307ni\u0307 y\u00fckseltecektir&#8221; dedi.<\/p>\n<p>Sekt\u00f6r\u00fcn ilk mesleki yeterlilik belgelerinin verdi\u011fi toplant\u0131y\u0131 ger\u00e7ekle\u015ftirmekten dolay\u0131 memnuniyet duyduklar\u0131n\u0131 s\u00f6yleyen \u00c7e\u00e7en, ELDER\u00a0olarak Mesleki Yeterlilik\u00a0Kurumu (MYK) i\u0307le i\u0307\u015fbi\u0307rli\u0307\u011fi\u0307 i\u0307\u00e7i\u0307nde elektrik da\u011f\u0131t\u0131m sekt\u00f6r\u00fc meslek standartlar\u0131 ve yetkinliklerinin belirlenmesi faali\u0307yetleri\u0307ni\u0307 y\u00fcr\u00fctt\u00fcklerini an\u0131msatt\u0131.<\/p>\n<p>ELDER&#8217;in elektri\u0307k da\u011f\u0131t\u0131m sekt\u00f6r\u00fcndeki\u0307 t\u00fcm \u015fi\u0307rketleri\u0307 temsi\u0307l etmesi\u0307nin bu s\u00fcrece olumlu katk\u0131 sa\u011flad\u0131\u011f\u0131n\u0131 dile getiren \u00c7e\u00e7en, elektri\u0307k da\u011f\u0131t\u0131m sekt\u00f6r\u00fcn\u00fcn i\u0307\u015fg\u00fcc\u00fc yeterli\u0307li\u0307\u011fi\u0307ni\u0307n \u00f6l\u00e7\u00fclmesi\u0307 ve belgelenmesi\u0307 konusunda zengi\u0307n bi\u0307r deneyi\u0307me sahip oldu\u011funu aktard\u0131.<\/p>\n<p>\u00c7e\u00e7en,\u00a0MYK ve T\u00dcRKAK kurallar\u0131 \u00e7er\u00e7evesi\u0307nde sekt\u00f6rdeki yeterli\u0307li\u0307k \u00f6l\u00e7\u00fcmleri\u0307ni\u0307 ve belgelendi\u0307rme s\u00fcre\u00e7leri\u0307ni\u0307 uluslararas\u0131 kali\u0307te k\u0131staslar\u0131na uygun ve s\u00fcrekli\u0307 i\u0307yi\u0307le\u015fti\u0307rmeye a\u00e7\u0131k hale getirdiklerine dikkati \u00e7ekerek, \u015f\u00f6yle devam etti:<\/p>\n<p>&#8220;Kamu denetimleri t\u00fcm belgelendirme\u00a0faali\u0307yetleri\u0307mi\u0307zi\u0307 s\u00fcrekli\u00a0i\u0307zleyecek ve asgari kalite temi\u0307ni\u0307ni\u0307 sa\u011flayacak. Elektrik da\u011f\u0131t\u0131m sekt\u00f6r\u00fc \u00e7al\u0131\u015fanlar\u0131 MYK ve T\u00dcRKAK onayl\u0131 bu belgeler i\u0307le uluslararas\u0131 kabul g\u00f6rm\u00fc\u015f mesleki\u0307 yetkinli\u011fe ve bu yetkinli\u011fin belgesine sahi\u0307p olacaklar. UGETAM ve GAZB\u0130R taraf\u0131ndan y\u00fcr\u00fct\u00fclen mesleki\u0307 yeterlilik belgelendirme deneyi\u0307mi\u0307 bi\u0307zi\u0307m i\u0307\u00e7i\u0307n\u00a0i\u0307yi\u0307 bi\u0307r referans oldu. Enerji Piyasas\u0131 D\u00fczenleme Kurumu (EPDK)\u00a0taraf\u0131ndan do\u011falgaz da\u011f\u0131t\u0131m sekt\u00f6r\u00fcnde belgeli i\u015fg\u00fcc\u00fcn\u00fc te\u015fvik eden d\u00fczenlemeni\u0307n elektrik sekt\u00f6r\u00fc i\u0307\u00e7i\u0307n de getirilmesi sekt\u00f6r\u00fcm\u00fczdeki nitelikli i\u015fg\u00fcc\u00fc s\u00fcrecine olumlu katk\u0131 sa\u011flayacakt\u0131r. ELDER,\u00a0Mesleki\u0307 Yeterlilik ve Belgelendirme Merkezi\u0307\u00a0olarak\u00a0hazi\u0307ran\u00a0ay\u0131nda ger\u00e7ekle\u015ftirdi\u011fi s\u0131navlarda\u00a04 meslekte\u00a0160 aday belge almaya hak kazand\u0131. Bu adaylar\u0131m\u0131z i\u0307\u00e7i\u0307nden\u00a0bi\u0307r b\u00f6l\u00fcm\u00fcne bug\u00fcn belgeleri\u0307ni\u0307 teslim edece\u011fiz. Kalan 6 mesle\u011fimiz i\u0307\u00e7i\u0307n de akredite edildik ve\u00a0k\u0131sa s\u00fcrede\u00a0yetkilendirilmeyi\u00a0bekliyoruz.\u00a0T\u00fcm bu mesleklerde\u00a0belge zorunlulu\u011funun bi\u0307r an \u00f6nce hayata ge\u00e7mesi i\u0307\u00e7i\u0307n, ba\u015fta her i\u0307ki\u0307 bakanl\u0131\u011f\u0131m\u0131z olmak \u00fczere, ilgili t\u00fcm kurumlar\u0131m\u0131zdan destek\u00a0ri\u0307ca edi\u0307yoruz.&#8221;<\/p>\n<p><strong>DO\u011eAN: \u201c511 M\u0130LYON AVROLUK FON KULLANILDI\u201d<\/strong><\/p>\n<p>\u00c7al\u0131\u015fma ve Sosyal G\u00fcvenlik Bakanl\u0131\u011f\u0131 Avrupa Birli\u011fi ve Mali Yard\u0131mlar Dairesi Ba\u015fkan\u0131 Burak \u00c7a\u011fatay Do\u011fan da, insan kaynaklar\u0131n\u0131n geli\u015ftirilmesi y\u00f6n\u00fcnde \u00e7ok farkl\u0131 projeler y\u00fcr\u00fctt\u00fcklerini ve ELDER ile yap\u0131lan program\u0131n bu projelerden biri oldu\u011funu ifade etti.<\/p>\n<p>Bu projeler kapsam\u0131nda bir\u00e7ok meslekte yeterliliklerin kazand\u0131r\u0131ld\u0131\u011f\u0131n\u0131 aktaran Do\u011fan, bunun i\u00e7in 511 milyon avroluk bir fon kulland\u0131klar\u0131n\u0131 ve bu fonlar\u0131n devam etmesi i\u00e7in \u00e7al\u0131\u015fmalar\u0131n\u0131 s\u00fcrd\u00fcreceklerini dile getirdi.<\/p>\n<p><strong>KARAMAN: \u201c883 ADET ULUSAL MESLEK\u0130 YETERL\u0130L\u0130K STANDARDI OLU\u015eTURULDU\u201d<\/strong><\/p>\n<p>Mesleki Yeterlilik Kurumu Ba\u015fkan Yard\u0131mc\u0131s\u0131 Metin Karaman ise, i\u00e7 piyasan\u0131n ihtiyac\u0131 olan \u00f6rg\u00fcn ve hayat boyu e\u011fitime katk\u0131da bulunduklar\u0131na\u00a0dikkat \u00e7ekerek, \u015fu anda 883 ulusal mesleki yeterlilik standard\u0131 i\u00e7in \u00e7al\u0131\u015fmalar\u0131n devam etti\u011fini ve 81 kurulu\u015fun bu kapsamda yetkili oldu\u011funu s\u00f6yledi.<\/p>\n<p>Sekt\u00f6rdeki ilk mesleki yeterlilik belgeleri, ADM-GDZ Elektrik Da\u011f\u0131t\u0131m A\u015e&#8217;den (ADM-GDZ EDA\u015e) 76, \u00c7aml\u0131bel EDA\u015e&#8217;tan 38, KCETA\u015e&#8217;tan 25 ve Meram EDA\u015e&#8217;tan 21 \u00e7al\u0131\u015fana verildi. S\u00f6z konusu belgeler, toplam 10 meslekte verilmeye devam edecek.<\/p>","protected":false},"excerpt":{"rendered":"<p>Sorry, this entry is only available in Turkish. For the sake of viewer convenience, the content is shown below in the alternative language. You may click the link to switch the active language.Elektrik Da\u011f\u0131t\u0131m Hizmetleri Derne\u011fi &#8211; ELDER&#8217;in \u00c7al\u0131\u015fma ve Sosyal G\u00fcvenlik Bakanl\u0131\u011f\u0131 Avrupa Birli\u011fi ve Mali Yard\u0131mlar Dairesi \u0130nsan Kaynaklar\u0131n\u0131n Geli\u015ftirilmesi Program Otoritesinin, Avrupa [&hellip;]<\/p>\n","protected":false},"author":1,"featured_media":65926,"comment_status":"open","ping_status":"open","sticky":false,"template":"","format":"standard","meta":[],"categories":[51,53],"tags":[34728,1824,34725,7315,63,67,1009,2698,165,34727,34726,34724],"views":1002,"_links":{"self":[{"href":"https:\/\/www.enerjigazetesi.ist\/en\/wp-json\/wp\/v2\/posts\/65925"}],"collection":[{"href":"https:\/\/www.enerjigazetesi.ist\/en\/wp-json\/wp\/v2\/posts"}],"about":[{"href":"https:\/\/www.enerjigazetesi.ist\/en\/wp-json\/wp\/v2\/types\/post"}],"author":[{"embeddable":true,"href":"https:\/\/www.enerjigazetesi.ist\/en\/wp-json\/wp\/v2\/users\/1"}],"replies":[{"embeddable":true,"href":"https:\/\/www.enerjigazetesi.ist\/en\/wp-json\/wp\/v2\/comments?post=65925"}],"version-history":[{"count":1,"href":"https:\/\/www.enerjigazetesi.ist\/en\/wp-json\/wp\/v2\/posts\/65925\/revisions"}],"predecessor-version":[{"id":65927,"href":"https:\/\/www.enerjigazetesi.ist\/en\/wp-json\/wp\/v2\/posts\/65925\/revisions\/65927"}],"wp:featuredmedia":[{"embeddable":true,"href":"https:\/\/www.enerjigazetesi.ist\/en\/wp-json\/wp\/v2\/media\/65926"}],"wp:attachment":[{"href":"https:\/\/www.enerjigazetesi.ist\/en\/wp-json\/wp\/v2\/media?parent=65925"}],"wp:term":[{"taxonomy":"category","embeddable":true,"href":"https:\/\/www.enerjigazetesi.ist\/en\/wp-json\/wp\/v2\/categories?post=65925"},{"taxonomy":"post_tag","embeddable":true,"href":"https:\/\/www.enerjigazetesi.ist\/en\/wp-json\/wp\/v2\/tags?post=65925"}],"curies":[{"name":"wp","href":"https:\/\/api.w.org\/{rel}","templated":true}]}}