{"id":65798,"date":"2017-07-22T14:03:02","date_gmt":"2017-07-22T11:03:02","guid":{"rendered":"https:\/\/www.enerjigazetesi.ist\/?p=65798"},"modified":"2017-07-22T14:03:02","modified_gmt":"2017-07-22T11:03:02","slug":"cinde-hava-kirliligi-sorununun-cozulmesi-13-yili-bulacak","status":"publish","type":"post","link":"https:\/\/www.enerjigazetesi.ist\/en\/cinde-hava-kirliligi-sorununun-cozulmesi-13-yili-bulacak\/","title":{"rendered":"(Turkish) \u00c7in\u2019de Hava Kirlili\u011fi Sorununun \u00c7\u00f6z\u00fclmesi 13 Y\u0131l\u0131 Bulacak"},"content":{"rendered":"<p class=\"qtranxs-available-languages-message qtranxs-available-languages-message-en\">Sorry, this entry is only available in <a href=\"https:\/\/www.enerjigazetesi.ist\/tr\/wp-json\/wp\/v2\/posts\/65798\" class=\"qtranxs-available-language-link qtranxs-available-language-link-tr\" title=\"Turkish\">Turkish<\/a>. For the sake of viewer convenience, the content is shown below in the alternative language. You may click the link to switch the active language.<\/p><p><strong><span style=\"color: #0a0a0a;\">ABD, \u00c7in ve Fransa\u2019dan bilim insanlar\u0131n\u0131n, \u201cScience Advances\u201d dergisinde yay\u0131mlanan ortak ara\u015ft\u0131rma sonu\u00e7lar\u0131na g\u00f6re, \u00c7in\u2019de havada yer alan zararl\u0131 partik\u00fcl oran\u0131n\u0131 \u00f6l\u00e7en PM 2,5 de\u011feri ge\u00e7<a href=\"https:\/\/www.enerjigazetesi.ist\/wp-content\/uploads\/2013\/03\/cin-hava-kirliligi-enerji-verimliligi-yenilenebilir-enerji-hedefleri.jpg\"><img loading=\"lazy\" class=\"alignright size-medium wp-image-8346\" src=\"https:\/\/www.enerjigazetesi.ist\/wp-content\/uploads\/2013\/03\/cin-hava-kirliligi-enerji-verimliligi-yenilenebilir-enerji-hedefleri-300x193.jpg\" alt=\"cin-hava-kirliligi\" width=\"300\" height=\"193\" srcset=\"https:\/\/www.enerjigazetesi.ist\/wp-content\/uploads\/2013\/03\/cin-hava-kirliligi-enerji-verimliligi-yenilenebilir-enerji-hedefleri-300x193.jpg 300w, https:\/\/www.enerjigazetesi.ist\/wp-content\/uploads\/2013\/03\/cin-hava-kirliligi-enerji-verimliligi-yenilenebilir-enerji-hedefleri-77x50.jpg 77w, https:\/\/www.enerjigazetesi.ist\/wp-content\/uploads\/2013\/03\/cin-hava-kirliligi-enerji-verimliligi-yenilenebilir-enerji-hedefleri.jpg 388w\" sizes=\"(max-width: 300px) 100vw, 300px\" \/><\/a>ti\u011fimiz y\u0131llarda zirveyi g\u00f6rerek metrek\u00fcp ba\u015f\u0131na 60 mikrogram de\u011ferine ula\u015ft\u0131 ve tekrar d\u00fc\u015f\u00fc\u015f ivmesine\u00a0ge\u00e7ti.<\/span><\/strong><\/p>\n<p>Ara\u015ft\u0131rma sonu\u00e7lar\u0131na g\u00f6re, \u00c7in\u2019de mevcut temiz enerji politikalar\u0131n\u0131n s\u00fcrd\u00fcr\u00fclmesiyle 13 y\u0131l sonra \u00fclke halk\u0131n\u0131n, 1970\u2019li y\u0131llardaki gibi tekrar temiz havaya kavu\u015faca\u011f\u0131n\u0131\u00a0belirten bilim insanlar\u0131, bunun i\u00e7in de planlama a\u015famas\u0131nda yer alan projelerin kararl\u0131l\u0131kla hayata ge\u00e7irilmesi gerekti\u011fini\u00a0ifade ettiler.<\/p>\n<p>\u00c7in&#8217;de\u00a0son y\u0131llarda artan\u00a0hava kirlili\u011fi nedeni ile bir\u00e7ok \u00f6nlem hayata ge\u00e7irilmi\u015f ve\u00a0Pekin h\u00fck\u00fcmeti, hava kirlili\u011fiyle m\u00fccadele kapsam\u0131nda, 2020 y\u0131l\u0131na kadar hidroelektrik, n\u00fckleer enerji, g\u00fcne\u015f ve r\u00fczgar enerjisi gibi yenilenebilir enerji alan\u0131ndaki projeleri i\u00e7in 360 milyar dolarl\u0131k yat\u0131r\u0131m yapacaklar\u0131n\u0131\u00a0a\u00e7\u0131klam\u0131\u015flard\u0131.<\/p>","protected":false},"excerpt":{"rendered":"<p>Sorry, this entry is only available in Turkish. For the sake of viewer convenience, the content is shown below in the alternative language. You may click the link to switch the active language.ABD, \u00c7in ve Fransa\u2019dan bilim insanlar\u0131n\u0131n, \u201cScience Advances\u201d dergisinde yay\u0131mlanan ortak ara\u015ft\u0131rma sonu\u00e7lar\u0131na g\u00f6re, \u00c7in\u2019de havada yer alan zararl\u0131 partik\u00fcl oran\u0131n\u0131 \u00f6l\u00e7en PM [&hellip;]<\/p>\n","protected":false},"author":1,"featured_media":8346,"comment_status":"open","ping_status":"open","sticky":false,"template":"","format":"standard","meta":[],"categories":[53],"tags":[886,92,68,63,67,1009,2698,165,982,842,105],"views":1727,"_links":{"self":[{"href":"https:\/\/www.enerjigazetesi.ist\/en\/wp-json\/wp\/v2\/posts\/65798"}],"collection":[{"href":"https:\/\/www.enerjigazetesi.ist\/en\/wp-json\/wp\/v2\/posts"}],"about":[{"href":"https:\/\/www.enerjigazetesi.ist\/en\/wp-json\/wp\/v2\/types\/post"}],"author":[{"embeddable":true,"href":"https:\/\/www.enerjigazetesi.ist\/en\/wp-json\/wp\/v2\/users\/1"}],"replies":[{"embeddable":true,"href":"https:\/\/www.enerjigazetesi.ist\/en\/wp-json\/wp\/v2\/comments?post=65798"}],"version-history":[{"count":1,"href":"https:\/\/www.enerjigazetesi.ist\/en\/wp-json\/wp\/v2\/posts\/65798\/revisions"}],"predecessor-version":[{"id":65799,"href":"https:\/\/www.enerjigazetesi.ist\/en\/wp-json\/wp\/v2\/posts\/65798\/revisions\/65799"}],"wp:featuredmedia":[{"embeddable":true,"href":"https:\/\/www.enerjigazetesi.ist\/en\/wp-json\/wp\/v2\/media\/8346"}],"wp:attachment":[{"href":"https:\/\/www.enerjigazetesi.ist\/en\/wp-json\/wp\/v2\/media?parent=65798"}],"wp:term":[{"taxonomy":"category","embeddable":true,"href":"https:\/\/www.enerjigazetesi.ist\/en\/wp-json\/wp\/v2\/categories?post=65798"},{"taxonomy":"post_tag","embeddable":true,"href":"https:\/\/www.enerjigazetesi.ist\/en\/wp-json\/wp\/v2\/tags?post=65798"}],"curies":[{"name":"wp","href":"https:\/\/api.w.org\/{rel}","templated":true}]}}