{"id":6578,"date":"2013-02-13T14:53:40","date_gmt":"2013-02-13T11:53:40","guid":{"rendered":"https:\/\/www.enerjigazetesi.ist\/?p=6578"},"modified":"2013-02-13T14:53:40","modified_gmt":"2013-02-13T11:53:40","slug":"dunyadaki-gunes-elektrigi-sistemlerinin-kurulu-gucu-100-gwi-asti","status":"publish","type":"post","link":"https:\/\/www.enerjigazetesi.ist\/en\/dunyadaki-gunes-elektrigi-sistemlerinin-kurulu-gucu-100-gwi-asti\/","title":{"rendered":"(Turkish) D\u00fcnyadaki G\u00fcne\u015f Elektri\u011fi Sistemlerinin Kurulu G\u00fcc\u00fc 100 GW\u2019\u0131 A\u015ft\u0131"},"content":{"rendered":"<p class=\"qtranxs-available-languages-message qtranxs-available-languages-message-en\">Sorry, this entry is only available in <a href=\"https:\/\/www.enerjigazetesi.ist\/tr\/wp-json\/wp\/v2\/posts\/6578\" class=\"qtranxs-available-language-link qtranxs-available-language-link-tr\" title=\"Turkish\">Turkish<\/a>. For the sake of viewer convenience, the content is shown below in the alternative language. You may click the link to switch the active language.<\/p><p><strong>Avrupa Fotovoltaik Sanayisi Birli\u011fi (EPIA) fotovoltaik sekt\u00f6r\u00fcn\u00fcn 2012 y\u0131l\u0131ndaki durumunu g\u00f6sterecek \u00e7al\u0131\u015fmas\u0131n\u0131n ilk sonu\u00e7lar\u0131n\u0131 a\u00e7\u0131klad\u0131.<\/strong><\/p>\n<p>Birlik taraf\u0131ndan yap\u0131lan a\u00e7\u0131klamada 2012\u2032de t\u00fcm d\u00fcnyada 30 GW kurulu g\u00fcc\u00fcnde fotovoltaik sistem kurulumunun devreye al\u0131nd\u0131\u011f\u0131 bilgisi verilirken, 2012\u2032nin son d\u00f6nemlerinde hayata ge\u00e7en yat\u0131r\u0131mlar\u0131n bilgilerinin netle\u015fmesi ile May\u0131s ay\u0131nda a\u00e7\u0131klanacak EPIA\u2019n\u0131n y\u0131ll\u0131k raporunda bu rakam\u0131n 1-2 GW d\u00fczeyinde artabilece\u011fi bildirildi.<\/p>\n<p>EPIA\u2019n\u0131n a\u00e7\u0131klamas\u0131nda 2012\u2032de ger\u00e7ekle\u015fen kurulumlar\u0131n k\u00fcresel \u00f6l\u00e7ekte kurulu g\u00fcne\u015f elektri\u011fi g\u00fcc\u00fcn\u00fc 101 GW\u2019a ta\u015f\u0131d\u0131\u011f\u0131na da vurgu yap\u0131ld\u0131.<\/p>\n<p><img loading=\"lazy\" class=\"alignright size-medium wp-image-6579\" title=\"dunyada-ki-gunes-elektrigi-sistemlerinin-kurulu-gucu-100-GW-asti\" src=\"https:\/\/www.enerjigazetesi.ist\/wp-content\/uploads\/2013\/02\/dunyada-ki-gunes-elektrigi-sistemlerinin-kurulu-gucu-100-GW-asti-300x201.png\" alt=\"\" width=\"300\" height=\"201\" srcset=\"https:\/\/www.enerjigazetesi.ist\/wp-content\/uploads\/2013\/02\/dunyada-ki-gunes-elektrigi-sistemlerinin-kurulu-gucu-100-GW-asti-300x201.png 300w, https:\/\/www.enerjigazetesi.ist\/wp-content\/uploads\/2013\/02\/dunyada-ki-gunes-elektrigi-sistemlerinin-kurulu-gucu-100-GW-asti-74x50.png 74w, https:\/\/www.enerjigazetesi.ist\/wp-content\/uploads\/2013\/02\/dunyada-ki-gunes-elektrigi-sistemlerinin-kurulu-gucu-100-GW-asti.png 500w\" sizes=\"(max-width: 300px) 100vw, 300px\" \/>Birlik taraf\u0131ndan a\u00e7\u0131klanan bilgilere g\u00f6re toplam kurulu fotovoltaik g\u00fcc\u00fc 69 GW\u2019a ula\u015fan Avrupa\u2019da 2011 y\u0131l\u0131nda ger\u00e7ekle\u015fen 23 GW\u2019l\u0131k kuruluma ra\u011fmen 2012 y\u0131l\u0131ndaki kurulumlar 17 GW seviyesinde kald\u0131.<\/p>\n<p>Ayn\u0131 d\u00f6nemde Avrupa d\u0131\u015f\u0131ndaki kurulumlar ise 2011\u2032deki 8 GW\u2019l\u0131k seviyesinden 2012\u2032de 11 GW\u2019l\u0131k seviyeye y\u00fckseldi. 2012 y\u0131l\u0131nda Almanya\u2019da 7.6 GW, \u00c7in\u2019de 3.5 GW, \u0130talya\u2019da 3.3 GW, ABD\u2019de 3.2 GW, Japonya\u2019da 2.5 GW ve \u0130ngiltere\u2019de 1.1 GW kurulu g\u00fcc\u00fcnde g\u00fcne\u015f elektri\u011fi sistemi devreye al\u0131nd\u0131.<\/p>\n<p>EPIA Ba\u015fkan\u0131 Winfried Hoffmann konu ile ilgili a\u00e7\u0131klamas\u0131nda, g\u00fcne\u015f enerjisi sekt\u00f6r\u00fcn\u00fcn kar\u015f\u0131 kar\u015f\u0131ya oldu\u011fu g\u00fc\u00e7l\u00fckler, zorlu ekonomik ko\u015fullar ve g\u00fcne\u015f enerjisi yat\u0131r\u0131mlar\u0131 ile ilgili d\u00fczenlemelerdeki belirsizliklere ra\u011fmen sekt\u00f6r\u00fcn 2011 y\u0131l\u0131 rekorunu tekrarlad\u0131\u011f\u0131n\u0131 ifade ederken, bundan 10 y\u0131l \u00f6nce hi\u00e7 kimsenin 2012 i\u00e7in g\u00fcne\u015f enerjisinde 100 GW s\u0131n\u0131r\u0131n\u0131n a\u015f\u0131laca\u011f\u0131n\u0131 \u00f6ng\u00f6remedi\u011fine vurgu yapt\u0131.<\/p>\n<p>Kaynak: <a href=\"http:\/\/enerjienstitusu.com\/2013\/02\/13\/dunyadaki-gunes-elektrigi-sistemlerinin-kurulu-gucu-100-gwi-asti\/\" target=\"_blank\">Enerji Enstit\u00fcs\u00fc<\/a><\/p>","protected":false},"excerpt":{"rendered":"<p>Sorry, this entry is only available in Turkish. For the sake of viewer convenience, the content is shown below in the alternative language. You may click the link to switch the active language.Avrupa Fotovoltaik Sanayisi Birli\u011fi (EPIA) fotovoltaik sekt\u00f6r\u00fcn\u00fcn 2012 y\u0131l\u0131ndaki durumunu g\u00f6sterecek \u00e7al\u0131\u015fmas\u0131n\u0131n ilk sonu\u00e7lar\u0131n\u0131 a\u00e7\u0131klad\u0131. Birlik taraf\u0131ndan yap\u0131lan a\u00e7\u0131klamada 2012\u2032de t\u00fcm d\u00fcnyada 30 [&hellip;]<\/p>\n","protected":false},"author":1,"featured_media":6579,"comment_status":"open","ping_status":"open","sticky":false,"template":"","format":"standard","meta":[],"categories":[51,53,49],"tags":[2424,68,19,67,2425,227,13],"views":4408,"_links":{"self":[{"href":"https:\/\/www.enerjigazetesi.ist\/en\/wp-json\/wp\/v2\/posts\/6578"}],"collection":[{"href":"https:\/\/www.enerjigazetesi.ist\/en\/wp-json\/wp\/v2\/posts"}],"about":[{"href":"https:\/\/www.enerjigazetesi.ist\/en\/wp-json\/wp\/v2\/types\/post"}],"author":[{"embeddable":true,"href":"https:\/\/www.enerjigazetesi.ist\/en\/wp-json\/wp\/v2\/users\/1"}],"replies":[{"embeddable":true,"href":"https:\/\/www.enerjigazetesi.ist\/en\/wp-json\/wp\/v2\/comments?post=6578"}],"version-history":[{"count":1,"href":"https:\/\/www.enerjigazetesi.ist\/en\/wp-json\/wp\/v2\/posts\/6578\/revisions"}],"predecessor-version":[{"id":6580,"href":"https:\/\/www.enerjigazetesi.ist\/en\/wp-json\/wp\/v2\/posts\/6578\/revisions\/6580"}],"wp:featuredmedia":[{"embeddable":true,"href":"https:\/\/www.enerjigazetesi.ist\/en\/wp-json\/wp\/v2\/media\/6579"}],"wp:attachment":[{"href":"https:\/\/www.enerjigazetesi.ist\/en\/wp-json\/wp\/v2\/media?parent=6578"}],"wp:term":[{"taxonomy":"category","embeddable":true,"href":"https:\/\/www.enerjigazetesi.ist\/en\/wp-json\/wp\/v2\/categories?post=6578"},{"taxonomy":"post_tag","embeddable":true,"href":"https:\/\/www.enerjigazetesi.ist\/en\/wp-json\/wp\/v2\/tags?post=6578"}],"curies":[{"name":"wp","href":"https:\/\/api.w.org\/{rel}","templated":true}]}}