{"id":6575,"date":"2013-02-13T14:47:36","date_gmt":"2013-02-13T11:47:36","guid":{"rendered":"https:\/\/www.enerjigazetesi.ist\/?p=6575"},"modified":"2013-02-13T14:47:36","modified_gmt":"2013-02-13T11:47:36","slug":"6-kuyunun-betonlari-kirildi-yine-petrol-uretiliyor","status":"publish","type":"post","link":"https:\/\/www.enerjigazetesi.ist\/en\/6-kuyunun-betonlari-kirildi-yine-petrol-uretiliyor\/","title":{"rendered":"(Turkish) 6 Kuyunun Betonlar\u0131 K\u0131r\u0131ld\u0131, Yine Petrol \u00dcretiliyor&#8230;"},"content":{"rendered":"<p class=\"qtranxs-available-languages-message qtranxs-available-languages-message-en\">Sorry, this entry is only available in <a href=\"https:\/\/www.enerjigazetesi.ist\/tr\/wp-json\/wp\/v2\/posts\/6575\" class=\"qtranxs-available-language-link qtranxs-available-language-link-tr\" title=\"Turkish\">Turkish<\/a>. For the sake of viewer convenience, the content is shown below in the alternative language. You may click the link to switch the active language.<\/p><p><strong>Enerji Bakan\u0131 Taner Y\u0131ld\u0131z, \u201cDiyarbak\u0131r, Ad\u0131yaman ve \u015eanl\u0131urfa gibi yerlerde, 6 tane betonlanan sahadan tekrar petrol \u00fcretiyoruz\u201d dedi. Bakan Y\u0131ld\u0131z, D\u00fcnya Enerji Konseyi T\u00fcrk Milli Komitesi\u2019nin Bakanl\u0131k Konferans Salonu\u2019ndaki \u201dT\u00fcrkiye 2012 Raporu\u201dnun sunum toplant\u0131s\u0131na kat\u0131ld\u0131.<\/strong><\/p>\n<p>B\u00fcy\u00fcmesinin s\u00fcrd\u00fcren T\u00fcrkiye\u2019nin daha \u00e7ok enerjiye ihtiya\u00e7 duydu\u011funu belirten Y\u0131ld\u0131z, bu ihtiyac\u0131 yerli ve yenilenebilir enerji kaynaklar\u0131ndan kar\u015f\u0131lamak istediklerini s\u00f6yledi.<\/p>\n<p><img loading=\"lazy\" class=\"alignleft size-medium wp-image-6576\" title=\"petrol-uretimi-505x286\" src=\"https:\/\/www.enerjigazetesi.ist\/wp-content\/uploads\/2013\/02\/petrol-uretimi-505x286-300x169.jpg\" alt=\"\" width=\"300\" height=\"169\" srcset=\"https:\/\/www.enerjigazetesi.ist\/wp-content\/uploads\/2013\/02\/petrol-uretimi-505x286-300x169.jpg 300w, https:\/\/www.enerjigazetesi.ist\/wp-content\/uploads\/2013\/02\/petrol-uretimi-505x286-500x283.jpg 500w, https:\/\/www.enerjigazetesi.ist\/wp-content\/uploads\/2013\/02\/petrol-uretimi-505x286-80x45.jpg 80w, https:\/\/www.enerjigazetesi.ist\/wp-content\/uploads\/2013\/02\/petrol-uretimi-505x286.jpg 505w\" sizes=\"(max-width: 300px) 100vw, 300px\" \/>T\u00fcrkiye\u2019de ya\u011f\u0131\u015f rejimlerinin d\u00fczenli olmamas\u0131 nedeniyle do\u011falgaz kaynaklar\u0131n\u0131n da olmas\u0131 gerekti\u011fini ifade eden Y\u0131ld\u0131z, \u201dDo\u011falgaz kullan\u0131m\u0131 bug\u00fcnk\u00fc kadar y\u00fcksek mi olmas\u0131 laz\u0131m ? Hay\u0131r. Bu da yetmez. N\u00fckleer g\u00fc\u00e7 santralleri de olmal\u0131. Geli\u015fen, b\u00fcy\u00fcyen ve ilerleyen T\u00fcrkiye\u2019nin muhakkak enerji \u00e7e\u015fitlili\u011fini sa\u011flamas\u0131 laz\u0131m.\u201d<\/p>\n<h2>Elektrik kurulu g\u00fcc\u00fc 58 bin MW ula\u015ft\u0131<\/h2>\n<p>T\u00fcrkiye\u2019nin ge\u00e7en y\u0131l Slovakya kadar b\u00fcy\u00fcd\u00fc\u011f\u00fcn\u00fc ve elektrik kurulu g\u00fcc\u00fcn\u00fcn 2012\u2032de 4 bin 100 MW artt\u0131\u011f\u0131n\u0131 dile getiren Bakan Y\u0131ld\u0131z, \u015funlar\u0131 kaydetti:<\/p>\n<p>\u201d\u00dclkemizin elektrik kurulu g\u00fcc\u00fc 58 bin MW\u2019lara ula\u015ft\u0131. Bunlar \u00f6zel sekt\u00f6r marifetiyle yap\u0131ld\u0131. T\u00fcrkiye sadece siyasi, idari ve sosyal a\u00e7\u0131dan de\u011fil teknik a\u00e7\u0131dan da bir de\u011fi\u015fim i\u00e7erisinde. Enerji sekt\u00f6r\u00fcnde kamunun pay\u0131n\u0131 azaltarak \u00f6zel sekt\u00f6r\u00fcn pay\u0131n\u0131 artt\u0131rmak istiyoruz. Hem genel b\u00fct\u00e7edeki kamu y\u00fcn\u00fcn\u00fc enerji sekt\u00f6r\u00fc a\u00e7\u0131s\u0131ndan hafifletmek hem de daha rekabet\u00e7i bir hizmeti i\u00e7in bu gerekli.\u201d<\/p>\n<h2>Petrol varsa bulacak<\/h2>\n<p>Bakan Y\u0131ld\u0131z, ithal edilen ham petrol ve do\u011falgaz\u0131n yerli kaynaklar olmas\u0131 i\u00e7in \u00e7al\u0131\u015ft\u0131klar\u0131n\u0131 belirterek, 10 y\u0131lda arama faaliyetlerine ayr\u0131lan kayna\u011f\u0131n 13 kat\u0131na \u00e7\u0131kart\u0131ld\u0131\u011f\u0131n\u0131 s\u00f6yledi.<\/p>\n<p>\u201dVarsa petrol\u00fc bulaca\u011f\u0131z yoksa bulamayaca\u011f\u0131z\u201d diyen Y\u0131ld\u0131z, 10 y\u0131l \u00f6nce 22 dolar olan petrol\u00fcn varil fiyat\u0131n\u0131n bug\u00fcn 122 dolara yakla\u015ft\u0131\u011f\u0131n\u0131 an\u0131msatt\u0131.<\/p>\n<p>Baz\u0131 petrol kuyular\u0131n\u0131n maliyeti kar\u015f\u0131lamamas\u0131 nedeniyle betonla kapat\u0131ld\u0131\u011f\u0131n\u0131 ifade eden Y\u0131ld\u0131z, \u015f\u00f6yle devam etti:<\/p>\n<p>\u201d1980\u2032li y\u0131llarda ham petrol\u00fcn varil fiyat\u0131 20 dolar seviyesindeyken, bizim baz\u0131 kuyular\u0131m\u0131z betonland\u0131. Bunlar, kuyunun belirli rakamlar\u0131 tutturamad\u0131\u011f\u0131 i\u00e7in oldu. Variline 20 dolar masraf yap\u0131p 20 dolar ciro yaparsan\u0131z tabi ki o kuyu a\u00e7mamak, \u00e7al\u0131\u015ft\u0131rmamak daha uygun olur.<\/p>\n<p>Biz \u015fu anda \u00f6zellikle Diyarbak\u0131r, Ad\u0131yaman ve \u015eanl\u0131urfa gibi yerlerde, 6 tane betonlanan sahadan tekrar petrol \u00fcretiyoruz. Kapasiteleri \u00e7ok s\u0131n\u0131rl\u0131 olsa da, kiminde 100 varil kiminde 500 varil olsa da \u015fuan ki fiyatlar masraflar\u0131m\u0131z\u0131 kar\u015f\u0131l\u0131yor. Karl\u0131 olmad\u0131\u011f\u0131 i\u00e7in kapat\u0131lan petrol kuyular\u0131nda \u00e7al\u0131\u015f\u0131yoruz. Bir k\u0131sm\u0131n\u0131 da a\u00e7maya devam edece\u011fiz.\u201d<\/p>\n<h2>N\u00fckleer i\u00e7in yeni teklifler geldi<\/h2>\n<p>Sinop\u2019ta yap\u0131lmas\u0131 planlanan ikinci n\u00fckleer santral konusunda rekabetin daha da artt\u0131\u011f\u0131na dikkati \u00e7eken Y\u0131ld\u0131z, \u00fclkeler ve \u015firketlerin daha istekli davranarak yeni tekliflerle kendilerine geldi\u011fini s\u00f6yledi.<\/p>\n<p>Bunun T\u00fcrkiye\u2019nin istikrar\u0131na, enerji sekt\u00f6r\u00fcn\u00fcn serbestle\u015fmesine duyulan g\u00fcven a\u00e7\u0131s\u0131ndan son derece \u00f6nemli oldu\u011funu ifade eden Bakan Y\u0131ld\u0131z, \u201dBirden \u00e7ok \u00fclke \u00fclkemizde 4\u2032er \u00fcnitelik n\u00fckleer santral yapmak istiyor\u2026 \u0130kinci n\u00fckleer santral i\u00e7in de hazine garantisi vermeyi d\u00fc\u015f\u00fcnm\u00fcyoruz. 22 ya da 25 milyar dolar yat\u0131r\u0131m gerektiren bu proje, hazine garantisi olmaks\u0131z\u0131n ger\u00e7ekle\u015ftirilecek\u201d dedi.<\/p>\n<p>Bakan Y\u0131ld\u0131z, Atat\u00fcrk ve Keban gibi b\u00fcy\u00fck barajlar\u0131 \u00f6zelle\u015ftirmeyi d\u00fc\u015f\u00fcnmediklerini s\u00f6zlerine ekledi.<\/p>","protected":false},"excerpt":{"rendered":"<p>Sorry, this entry is only available in Turkish. For the sake of viewer convenience, the content is shown below in the alternative language. You may click the link to switch the active language.Enerji Bakan\u0131 Taner Y\u0131ld\u0131z, \u201cDiyarbak\u0131r, Ad\u0131yaman ve \u015eanl\u0131urfa gibi yerlerde, 6 tane betonlanan sahadan tekrar petrol \u00fcretiyoruz\u201d dedi. Bakan Y\u0131ld\u0131z, D\u00fcnya Enerji Konseyi [&hellip;]<\/p>\n","protected":false},"author":1,"featured_media":6576,"comment_status":"open","ping_status":"open","sticky":false,"template":"","format":"standard","meta":[],"categories":[53,44],"tags":[114,67,59,1369,667,2423],"views":739,"_links":{"self":[{"href":"https:\/\/www.enerjigazetesi.ist\/en\/wp-json\/wp\/v2\/posts\/6575"}],"collection":[{"href":"https:\/\/www.enerjigazetesi.ist\/en\/wp-json\/wp\/v2\/posts"}],"about":[{"href":"https:\/\/www.enerjigazetesi.ist\/en\/wp-json\/wp\/v2\/types\/post"}],"author":[{"embeddable":true,"href":"https:\/\/www.enerjigazetesi.ist\/en\/wp-json\/wp\/v2\/users\/1"}],"replies":[{"embeddable":true,"href":"https:\/\/www.enerjigazetesi.ist\/en\/wp-json\/wp\/v2\/comments?post=6575"}],"version-history":[{"count":1,"href":"https:\/\/www.enerjigazetesi.ist\/en\/wp-json\/wp\/v2\/posts\/6575\/revisions"}],"predecessor-version":[{"id":6577,"href":"https:\/\/www.enerjigazetesi.ist\/en\/wp-json\/wp\/v2\/posts\/6575\/revisions\/6577"}],"wp:featuredmedia":[{"embeddable":true,"href":"https:\/\/www.enerjigazetesi.ist\/en\/wp-json\/wp\/v2\/media\/6576"}],"wp:attachment":[{"href":"https:\/\/www.enerjigazetesi.ist\/en\/wp-json\/wp\/v2\/media?parent=6575"}],"wp:term":[{"taxonomy":"category","embeddable":true,"href":"https:\/\/www.enerjigazetesi.ist\/en\/wp-json\/wp\/v2\/categories?post=6575"},{"taxonomy":"post_tag","embeddable":true,"href":"https:\/\/www.enerjigazetesi.ist\/en\/wp-json\/wp\/v2\/tags?post=6575"}],"curies":[{"name":"wp","href":"https:\/\/api.w.org\/{rel}","templated":true}]}}