{"id":6562,"date":"2013-02-13T11:48:33","date_gmt":"2013-02-13T08:48:33","guid":{"rendered":"https:\/\/www.enerjigazetesi.ist\/?p=6562"},"modified":"2013-02-13T11:50:40","modified_gmt":"2013-02-13T08:50:40","slug":"itu-vakfi-dergisi-yeni-sayisinda-turkiyede-enerji-konusunu-ele-aldi","status":"publish","type":"post","link":"https:\/\/www.enerjigazetesi.ist\/en\/itu-vakfi-dergisi-yeni-sayisinda-turkiyede-enerji-konusunu-ele-aldi\/","title":{"rendered":"(Turkish) \u0130T\u00dc Vakf\u0131 Dergisi Yeni Say\u0131s\u0131nda &#8220;T\u00fcrkiye&#8217;de Enerji&#8221; Konusunu Ele Ald\u0131"},"content":{"rendered":"<p class=\"qtranxs-available-languages-message qtranxs-available-languages-message-en\">Sorry, this entry is only available in <a href=\"https:\/\/www.enerjigazetesi.ist\/tr\/wp-json\/wp\/v2\/posts\/6562\" class=\"qtranxs-available-language-link qtranxs-available-language-link-tr\" title=\"Turkish\">Turkish<\/a>. For the sake of viewer convenience, the content is shown below in the alternative language. You may click the link to switch the active language.<\/p><p><strong>Enerji ve Tabii Kaynaklar Bakan\u0131 Tamer Y\u0131ld\u0131z, T\u00fcrkiye\u2019nin enerjinin \u015fah damar\u0131 oldu\u011funu dile getirerek, 10 y\u0131lda elektrik \u00fcretiminden, da\u011f\u0131t\u0131m\u0131na, iletimine kadar t\u00fcm enerji sekt\u00f6r\u00fcne 50 milyar dolarl\u0131k yat\u0131r\u0131m yap\u0131ld\u0131\u011f\u0131n\u0131 bunun da y\u00fczde 61\u2019nin \u00f6zel sekt\u00f6r taraf\u0131ndan ger\u00e7ekle\u015fti\u011fini s\u00f6yledi. <\/strong><\/p>\n<p>Bakan Y\u0131ld\u0131z, bug\u00fcne kadar enerji konusunda hi\u00e7bir yerde yay\u0131nlanmam\u0131\u015f bir\u00e7ok sorunun cevab\u0131n\u0131 vererek \u00f6zellikle petrol ve do\u011fal gaz boru hatlar\u0131 ile ilgili de \u00f6nemli a\u00e7\u0131klamalarda bulundu. T\u00fcrkiye\u2019nin 10 y\u0131l \u00f6nce s\u0131f\u0131r d\u00fczeyinde olan r\u00fczg\u00e2r enerjisinde, Avrupa\u2019da ilk 10\u2019a girdi\u011fi m\u00fcjdesini de veren Bakan Y\u0131ld\u0131z, Akkuyu N\u00fckleer santrali in\u015faat\u0131n\u0131n 2014 y\u0131l\u0131nda ba\u015flayaca\u011f\u0131n\u0131 da belirtti\u2026<br \/>\n<strong><img loading=\"lazy\" class=\"alignright size-medium wp-image-6563\" title=\"01 kapak2.qxp\" src=\"https:\/\/www.enerjigazetesi.ist\/wp-content\/uploads\/2013\/02\/kapak60-300x221.jpg\" alt=\"\" width=\"300\" height=\"221\" srcset=\"https:\/\/www.enerjigazetesi.ist\/wp-content\/uploads\/2013\/02\/kapak60-300x221.jpg 300w, https:\/\/www.enerjigazetesi.ist\/wp-content\/uploads\/2013\/02\/kapak60-67x50.jpg 67w, https:\/\/www.enerjigazetesi.ist\/wp-content\/uploads\/2013\/02\/kapak60.jpg 400w\" sizes=\"(max-width: 300px) 100vw, 300px\" \/>T\u00fcrkiye K\u00f6m\u00fcr i\u015fletmeleri Genel M\u00fcd\u00fcr\u00fc ve Y\u00f6netim Kurulu Ba\u015fkan\u0131 Mustafa Akta\u015f ise;<\/strong><\/p>\n<p>\u2022 T\u00fcrkiye\u2019nin sahip oldu\u011fu zengin linyit yataklar\u0131ndan bahsederek, mevcut k\u00f6m\u00fcr rezervlerinin T\u00fcrkiye\u2019ye ye 176 y\u0131l yetece\u011finin alt\u0131n\u0131n \u00e7izdi. Akta\u015f, TK\u0130\u2019nin b\u00fcnyesinde 30 bin ki\u015fiye istihdam sa\u011flad\u0131\u011f\u0131n\u0131 da dile getirdi.<\/p>\n<p>\u2022 Dergide yer alan r\u00f6portajda \u00f6zellikle Cumhuriyetimizin 100.y\u0131l\u0131 olan 2023 y\u0131l\u0131na kadar t\u00fcm yerli potansiyellerimizin ekonomiye kazand\u0131r\u0131laca\u011f\u0131n\u0131 da belirten Akta\u015f, elektrik enerjisi \u00fcretim kapasitemizin de 100 bin MW\u2019a \u00e7\u0131kar\u0131lmas\u0131n\u0131n hedeflendi\u011fini s\u00f6yledi. T.C Ba\u015fbakanl\u0131k \u00d6zelle\u015ftirme \u0130daresi Ba\u015fkan Yard\u0131mc\u0131s\u0131 \u0130brahim Halil K\u0131r\u015fan\u2019da Bug\u00fcne kadar 13 elektrik da\u011f\u0131t\u0131m b\u00f6lgesinin \u00f6zelle\u015ftirilmesinin tamamland\u0131\u011f\u0131n\u0131 hat\u0131rlatarak E\u00dcA\u015e\u2019a ait HES\u2019lerin b\u00fcy\u00fck k\u0131sm\u0131n\u0131n, termik santrallerinin de tamam\u0131n\u0131n \u00f6zelle\u015ftirilmesinin planland\u0131\u011f\u0131n\u0131 s\u00f6yledi.<\/p>\n<p>K\u0131r\u015fan, yapt\u0131\u011f\u0131 a\u00e7\u0131klamada \u00f6zelle\u015ftirme faaliyetlerinin tamamlanmas\u0131yla birlikte, kamunun finansman y\u00fck\u00fcn\u00fcn azalaca\u011f\u0131n\u0131, kay\u0131p ka\u00e7aktan dolay\u0131 \u00f6zellikle elektrik t\u00fcketicilerinin katland\u0131\u011f\u0131 maliyetlerin ciddi oranda d\u00fc\u015fece\u011fini, nakit ak\u0131\u015f\u0131 probleminin tamamen \u00e7\u00f6z\u00fclece\u011fini, kesinti say\u0131s\u0131 ve s\u00fcrelerin de azalaca\u011f\u0131n\u0131 belirtti.<\/p>\n<p><strong>\u0130T\u00dc Maden Fak\u00fcltesi \u00d6\u011fretim \u00dcyesi Prof. Dr G\u00fcven \u00dcnal,\u00a0<\/strong><br \/>\n\u201cT\u00fcrkiye Enerjide D\u0131\u015fa Ba\u011f\u0131ml\u0131l\u0131ktan Nas\u0131l Kurtulur?\u201d ba\u015fl\u0131kl\u0131 makalesinde, \u00fclkemizde olumsuz propagandalarla k\u00f6m\u00fcre kar\u015f\u0131 bir \u00f6nyarg\u0131 olu\u015ftu\u011funu dile getirdi. \u00dcnal, \u00f6zellikle k\u00f6m\u00fcrden s\u0131v\u0131 yak\u0131t \u00fcretimi konusunda da detayl\u0131 bilgi vererek \u015fehirlerin \u0131s\u0131t\u0131lmas\u0131nda k\u00f6m\u00fcr yakan buhar santrallerinin \u00f6zendirilmesine dikkat \u00e7ekti.<br \/>\nDergide yer alan di\u011fer yaz\u0131 ve r\u00f6portajlardan baz\u0131lar\u0131 ise \u015funlar:<\/p>\n<p>\u2022 Prof. Dr Ahmet Duran \u015eahin, \u0130T\u00dc U\u00e7ak ve Uzay Bilimleri Fak\u00fcltesi Meteoroloji M\u00fchendisli\u011fi B\u00f6l\u00fcm\u00fc: \u201cYenilenebilir Enerji Kaynaklar\u0131n\u0131n Potansiyeli, Kullan\u0131labilirli\u011fi ve Temel Sorunlar\u0131\u201c<\/p>\n<p>\u2022 Prof. Dr. A Beril Tu\u011frul, \u0130T\u00dc Enerji Enstit\u00fcs\u00fc N\u00fckleer Ara\u015ft\u0131rmalar Ana Bilim Dal\u0131 Ba\u015fkan\u0131: \u201cN\u00fckleer Enerji De\u011ferlendirilmesi\u201d \u2022 Fakir H\u00fcseyin Erdo\u011fan, Enerji Piyasas\u0131 D\u00fczenleme Kurumu: \u201cT\u00fcrkiye Enerji Sekt\u00f6r\u00fc \u00dczerine Bir Analiz\u201d<\/p>\n<p>\u2022 Prof. Dr. Abdurrrahman Satman, \u0130T\u00dc Petrol M\u00fchendisli\u011fi B\u00f6l\u00fcm\u00fc: \u201cT\u00fcrkiye\u2019de Petrol\u201d \u2022 Yetik Kadri Mert, CEO \u2013 EnerjiSA: \u201cD\u00fcnyada Enerji Sekt\u00f6r\u00fc ve G\u00fcndem Belirleyen Yeni Dinamikler\u201d<\/p>\n<p>\u2022 Do\u00e7. Dr Sami Demirbilek, Ciner Enerji: \u201cEnerjide Liberalizasyon, Enerji G\u00fcvenli\u011fi, Kurnazl\u0131k, Yapt\u0131m Oldu\u201d<\/p>\n<p>\u2022 S\u00fcreyya Y\u00fccel \u00d6zden, D\u00fcnya Enerji Konseyi T\u00fcrk Milli Komitesi Y\u00f6netim Kurulu Ba\u015fkan\u0131: \u201cEnerji ve Sivil Toplum\u201d<\/p>\n<p>\u2022 Prof. Dr. Sermin Onaygil -Y.M\u00fch Ebru Acuner, \u0130T\u00dc Enerji Enstit\u00fcs\u00fc, Enerji Planlamas\u0131 ve Y\u00f6netim Anabilim Dal\u0131 :\u201d T\u00fcrkiye\u2019de Enerji Verimlili\u011fi ile \u0130lgili Bir De\u011ferlendirme\u201d<\/p>\n<p>\u2022 Prof.Dr. Altu\u011f \u015ei\u015fman, \u0130T\u00dc Enerji Enstit\u00fcs\u00fc M\u00fcd\u00fcr\u00fc: \u201c\u0130T\u00dc Enerji Enstit\u00fcs\u00fc: Bilgiyi Teknolojiye D\u00f6n\u00fc\u015ft\u00fcrme Yolunda Bir Kurum\u201d<br \/>\nDergide ayr\u0131ca, \u0130T\u00dc\u2019de en son g\u00fcndemde olan ba\u015far\u0131l\u0131 projelere de geni\u015f yer veriliyor.<\/p>\n<p>Kaynak: <a href=\"https:\/\/www.enerjigazetesi.ist\" target=\"_blank\">Enerji Gazetesi<\/a><\/p>","protected":false},"excerpt":{"rendered":"<p>Sorry, this entry is only available in Turkish. For the sake of viewer convenience, the content is shown below in the alternative language. You may click the link to switch the active language.Enerji ve Tabii Kaynaklar Bakan\u0131 Tamer Y\u0131ld\u0131z, T\u00fcrkiye\u2019nin enerjinin \u015fah damar\u0131 oldu\u011funu dile getirerek, 10 y\u0131lda elektrik \u00fcretiminden, da\u011f\u0131t\u0131m\u0131na, iletimine kadar t\u00fcm enerji [&hellip;]<\/p>\n","protected":false},"author":1,"featured_media":6563,"comment_status":"open","ping_status":"open","sticky":false,"template":"","format":"standard","meta":[],"categories":[46,51,53,49,47,48,43,44,50],"tags":[1026,2420,92,61,12,35370,2417,1443,2419,59,438,2418,105],"views":1296,"_links":{"self":[{"href":"https:\/\/www.enerjigazetesi.ist\/en\/wp-json\/wp\/v2\/posts\/6562"}],"collection":[{"href":"https:\/\/www.enerjigazetesi.ist\/en\/wp-json\/wp\/v2\/posts"}],"about":[{"href":"https:\/\/www.enerjigazetesi.ist\/en\/wp-json\/wp\/v2\/types\/post"}],"author":[{"embeddable":true,"href":"https:\/\/www.enerjigazetesi.ist\/en\/wp-json\/wp\/v2\/users\/1"}],"replies":[{"embeddable":true,"href":"https:\/\/www.enerjigazetesi.ist\/en\/wp-json\/wp\/v2\/comments?post=6562"}],"version-history":[{"count":2,"href":"https:\/\/www.enerjigazetesi.ist\/en\/wp-json\/wp\/v2\/posts\/6562\/revisions"}],"predecessor-version":[{"id":6565,"href":"https:\/\/www.enerjigazetesi.ist\/en\/wp-json\/wp\/v2\/posts\/6562\/revisions\/6565"}],"wp:featuredmedia":[{"embeddable":true,"href":"https:\/\/www.enerjigazetesi.ist\/en\/wp-json\/wp\/v2\/media\/6563"}],"wp:attachment":[{"href":"https:\/\/www.enerjigazetesi.ist\/en\/wp-json\/wp\/v2\/media?parent=6562"}],"wp:term":[{"taxonomy":"category","embeddable":true,"href":"https:\/\/www.enerjigazetesi.ist\/en\/wp-json\/wp\/v2\/categories?post=6562"},{"taxonomy":"post_tag","embeddable":true,"href":"https:\/\/www.enerjigazetesi.ist\/en\/wp-json\/wp\/v2\/tags?post=6562"}],"curies":[{"name":"wp","href":"https:\/\/api.w.org\/{rel}","templated":true}]}}