{"id":65618,"date":"2017-07-13T15:06:17","date_gmt":"2017-07-13T12:06:17","guid":{"rendered":"https:\/\/www.enerjigazetesi.ist\/?p=65618"},"modified":"2017-07-13T15:06:17","modified_gmt":"2017-07-13T12:06:17","slug":"enerji-isverenleri-sendikasi-kuruldu","status":"publish","type":"post","link":"https:\/\/www.enerjigazetesi.ist\/en\/enerji-isverenleri-sendikasi-kuruldu\/","title":{"rendered":"(Turkish) Enerji \u0130\u015fverenleri Sendikas\u0131 Kuruldu"},"content":{"rendered":"<p class=\"qtranxs-available-languages-message qtranxs-available-languages-message-en\">Sorry, this entry is only available in <a href=\"https:\/\/www.enerjigazetesi.ist\/tr\/wp-json\/wp\/v2\/posts\/65618\" class=\"qtranxs-available-language-link qtranxs-available-language-link-tr\" title=\"Turkish\">Turkish<\/a>. For the sake of viewer convenience, the content is shown below in the alternative language. You may click the link to switch the active language.<\/p><p><strong>Enerji i\u015f kolunda ilk defa bir i\u015fveren sendikas\u0131 kuruldu. Enerji i\u015fverenlerinin uzun zamandan beri bekledikleri ENERJ\u0130 \u0130\u015eVERENLER\u0130 SEND\u0130KASI ( EN\u0130S ), 05 Temmuz 2017 itibari ile \u0130stanbul merkezli olarak kuruldu.<\/strong><\/p>\n<p>Kurucu ba\u015fkanl\u0131\u011f\u0131n\u0131 NK Enerji Yat\u0131r\u0131m ve Dan\u0131\u015fmanl\u0131k Ltd. \u015eti. ad\u0131na Av. Niyazi Kasap&#8217;\u0131n yapt\u0131\u011f\u0131 EN\u0130S&#8217;in kurucular\u0131 aras\u0131nda, Susol Enerji Ltd. \u015eti. ad\u0131na Yenilenebilir Enerjiler Y\u00fck. M\u00fch. Okan UYKAN, Renda Enerji \u00dcretim A.\u015e. ad\u0131na <a href=\"https:\/\/www.enerjigazetesi.ist\/wp-content\/uploads\/2017\/07\/enerji-isverenleri-sendikasi-kuruldu.jpg\"><img loading=\"lazy\" class=\"alignleft size-medium wp-image-65619\" src=\"https:\/\/www.enerjigazetesi.ist\/wp-content\/uploads\/2017\/07\/enerji-isverenleri-sendikasi-kuruldu-300x284.jpg\" alt=\"enerji-isverenleri-sendikasi-kuruldu\" width=\"300\" height=\"284\" srcset=\"https:\/\/www.enerjigazetesi.ist\/wp-content\/uploads\/2017\/07\/enerji-isverenleri-sendikasi-kuruldu-300x284.jpg 300w, https:\/\/www.enerjigazetesi.ist\/wp-content\/uploads\/2017\/07\/enerji-isverenleri-sendikasi-kuruldu-421x400.jpg 421w, https:\/\/www.enerjigazetesi.ist\/wp-content\/uploads\/2017\/07\/enerji-isverenleri-sendikasi-kuruldu-52x50.jpg 52w, https:\/\/www.enerjigazetesi.ist\/wp-content\/uploads\/2017\/07\/enerji-isverenleri-sendikasi-kuruldu.jpg 750w\" sizes=\"(max-width: 300px) 100vw, 300px\" \/><\/a>Elektrik Teknikeri Recep YILMAZ, Tekno Tasar\u0131m A.\u015e. ad\u0131na Dr.M\u00fch. Mustafa UYSAL, TTC M\u00fchendislik Ltd. \u015eti. ad\u0131na Mak.Y\u00fck.M\u00fch. Mehmet DEM\u0130RC\u0130, Sinerge Solar Enerji Sistemleri Ltd. \u015eti. ad\u0131na Y\u00fck. \u0130\u015fletmeci Mustafa KARAKO\u00c7, Eymen Enerji ad\u0131na Ziraat Y\u00fck.M\u00fch. Ahmet Salih PEKER ve Best Bak\u0131m Enerji Sistemleri ad\u0131na \u00d6l\u00e7me ve De\u011ferlendirme Uzm. Funda CANO\u011eLU yer almaktad\u0131r.<\/p>\n<p><strong>Te\u015fkilatlanma s\u00fcreci yak\u0131nda ba\u015fl\u0131yor<\/strong><\/p>\n<p>Kurucu Ba\u015fkanl\u0131\u011f\u0131n\u0131 Av. Niyazi Kasap\u2019\u0131n yapt\u0131\u011f\u0131 EN\u0130S\u2019in kurulu\u015fu \u00fczerinde, uzun zamandan beri \u00e7al\u0131\u015f\u0131ld\u0131. T\u00fcm Enerji Oyuncular\u0131 i\u00e7in bir \u00e7at\u0131 kurulu\u015f olmas\u0131 \u00f6ng\u00f6r\u00fclen Enerji \u0130\u015fverenleri Sendikas\u0131 EN\u0130S, t\u00fcm T\u00fcrkiye\u2019ye hizmet etmek \u00fczere yola \u00e7\u0131kt\u0131. Sekt\u00f6rdeki i\u015fverenlerin yo\u011funlu\u011fu, ula\u015f\u0131m a\u011f\u0131n\u0131n yayg\u0131nl\u0131\u011f\u0131 gibi sebeplerle kurulu\u015f merkezi olarak \u0130stanbul se\u00e7ildi. Yak\u0131n zamanda ba\u015fta Ankara veya ba\u015fka illerde de te\u015fkilatlanmay\u0131 \u00f6ng\u00f6ren EN\u0130S, \u015fimdiden sekt\u00f6rdeki \u00f6nemli bir a\u00e7\u0131\u011f\u0131 doldurmu\u015f bulunmaktad\u0131r.<\/p>\n<p>\u00dcyelerinin mevzuat ve toplu i\u015f s\u00f6zle\u015fmelerinden do\u011fan hak ve menfaatlerini korumak, \u00fcyeleri ad\u0131na toplu i\u015f s\u00f6zle\u015fmeleri akdetmek, i\u015fverenler ile i\u015f\u00e7iler ve i\u015f\u00e7i sendikalar\u0131 aras\u0131nda \u00e7al\u0131\u015fma bar\u0131\u015f\u0131 olu\u015fmas\u0131n\u0131 te\u015fvik etmek ve \u00fcyelerini mevzuat \u00e7er\u00e7evesinde temsil etmek gibi \u00f6nemli g\u00f6revleri \u00fcstlenmeyi misyon edinen EN\u0130S, y\u00fcr\u00fctme ve yasama organlar\u0131n\u0131n hukuka ayk\u0131r\u0131 d\u00fczenleme, i\u015flem ve eylemlerinden, \u00fcyelerinin hak ve menfaatlerini korumak \u00fczere gerek ilgili makamlarda, gerekse yarg\u0131da \u00fcyelerini temsil etmek veya m\u00fcdahil olmak \u00fczere destek vermeyi de ama\u00e7l\u0131yor. EN\u0130S Kurucu Ba\u015fkan\u0131 Avukat Niyazi Kasap, Enerji Sekt\u00f6r\u00fcn\u00fcn h\u0131zla b\u00fcy\u00fcd\u00fc\u011f\u00fcnden, sahadaki ve uygulamadaki yeni ihtiya\u00e7lara g\u00f6re yasal mevzuat haz\u0131rlanmas\u0131ndan i\u015f\u00e7i i\u015fveren ili\u015fkisine, sekt\u00f6r kurulu\u015flar\u0131 ile b\u00fcrokrasi aras\u0131nda k\u00f6pr\u00fc vazifesi g\u00f6rmeye kadar pek \u00e7ok g\u00f6revi \u00fcstelenece\u011fine dikkati \u00e7ekti.<\/p>\n<p><strong>Kasap, \u201cEngelleri ortadan kald\u0131rmak ad\u0131na yola \u00e7\u0131kt\u0131k\u201d<\/strong><\/p>\n<p>Sekt\u00f6r oyuncular\u0131n\u0131n mevzuat konusunda problem ya\u015fad\u0131\u011f\u0131n\u0131 ve b\u00fcrokrasideki gecikmeler nedeniyle enerjiye yat\u0131r\u0131m h\u0131z\u0131n\u0131n yava\u015flad\u0131\u011f\u0131n\u0131 dile getiren Kasap, enerji oyuncular\u0131n yat\u0131r\u0131mlar\u0131n\u0131n yolundaki engelleri kald\u0131rmaya, yat\u0131r\u0131m h\u0131z\u0131n\u0131n artt\u0131r\u0131lmas\u0131na ve rekabet ortam\u0131n\u0131n sa\u011fl\u0131kl\u0131 bir \u015fekilde sa\u011flanmas\u0131na y\u00f6nelik \u00e7al\u0131\u015fmalar yapman\u0131n EN\u0130S\u2019in \u00f6ncelikli ama\u00e7lar\u0131 aras\u0131nda yer ald\u0131\u011f\u0131n\u0131 belirtti.<\/p>\n<p>Niyazi Kasap, \u201cSekt\u00f6rdeki di\u011fer Sivil Toplum Kurulu\u015flar\u0131 ile rakip de\u011filiz, onlar\u0131n \u00e7al\u0131\u015fma alanlar\u0131na m\u00fcdahale etmeyece\u011fiz, bilakis onlar ile i\u015fbirli\u011fi yapaca\u011f\u0131z. Bu kulvarda sekt\u00f6r\u00fcn ihtiyac\u0131n\u0131 giderecek, di\u011fer STK\u2019lar ile dayan\u0131\u015fma i\u00e7erisinde, birlikte ve senkronize hareket edece\u011fiz\u201d dedi.<\/p>\n<p>Kasap, \u0130\u015fkollar\u0131 Y\u00f6netmeli\u011finin \u0130\u015f Kollar\u0131 listesinde 14 no\u2019lu ENERJ\u0130 \u0130\u015e KOLUNDA belirtilen i\u015f \u00a0alanlar\u0131ndan en az birinde faaliyet g\u00f6steren i\u015fverenler EN\u0130S\u2019e \u00fcye olabilirler; \u00fcyelikte bir s\u0131n\u0131rlama olmay\u0131p binlerce i\u015f\u00e7i \u00e7al\u0131\u015ft\u0131ran firmalar \u00fcye olabilece\u011fi gibi bir ki\u015fi \u00e7al\u0131\u015ft\u0131ran firmalar bile \u00fcye olabilirler dedi. Enerji i\u015f kolunda faaliyet g\u00f6steren alanlar\u0131 \u00a0da \u015f\u00f6yle s\u0131ralad\u0131:<\/p>\n<p>\u201cDevlet Su \u0130\u015fleri, Elektrik enerjisinin \u00fcretimi, Elektrik enerjisinin iletimi, Elektrik enerjisinin da\u011f\u0131t\u0131m\u0131,Elektrik enerjisinin ticareti, Ana \u015febeke \u00fczerinden gaz yak\u0131tlar\u0131n\u0131n da\u011f\u0131t\u0131m\u0131 ve\/veya ticareti, Buhar ve iklimlendirme temini, Suyun toplanmas\u0131, ar\u0131t\u0131lmas\u0131 ve da\u011f\u0131t\u0131lmas\u0131, Su saya\u00e7lar\u0131n\u0131n bak\u0131m onar\u0131m\u0131, Su kuyusu a\u00e7ma ve septik sistem kurulum faaliyetleri (kuyu, artezyen vb.), Uzun mesafe elektrik hatlar\u0131n\u0131n in\u015faat\u0131 (uzun mesafe y\u00fcksek gerilim elektrik iletim hatlar\u0131 ile uzun mesafe yer \u00fcst\u00fc\/alt\u0131 veya deniz alt\u0131 iletim hatlar\u0131),\u00a0 Kentsel (k\u0131sa mesafe) elektrik hatlar\u0131n\u0131n in\u015faat\u0131 (trafo istasyonlar\u0131 ve yerel s\u0131n\u0131rlar i\u00e7erisindeki da\u011f\u0131t\u0131m alt istasyonlar\u0131 vb.), Test sondaj\u0131 ve delme, Su, kanalizasyon ve drenaj projelerine y\u00f6nelik m\u00fchendislik ve dan\u0131\u015fmanl\u0131k faaliyetleri (i\u00e7me suyu da\u011f\u0131t\u0131m sistemleri, pompa istasyonlar\u0131, ya\u011fmur suyu y\u00f6netim sistemleri, at\u0131k sular\u0131n toplanmas\u0131 vb. projeler), Enerji projelerine y\u00f6nelik m\u00fchendislik ve dan\u0131\u015fmanl\u0131k faaliyetleri (k\u00f6m\u00fcr, petrol ve gaz gibi enerji yak\u0131tlar\u0131 kullananlar ile n\u00fckleer, su, g\u00fcne\u015f, r\u00fczgar ve di\u011fer enerjiler i\u00e7in santrallere ve enerji iletim ve da\u011f\u0131t\u0131m hatlar\u0131na y\u00f6nelik hizmetler), Elektrik, gaz, su ve \u0131s\u0131nma saya\u00e7lar\u0131n\u0131 okuma ve faturalama faaliyetleri.\u201d<\/p>","protected":false},"excerpt":{"rendered":"<p>Sorry, this entry is only available in Turkish. For the sake of viewer convenience, the content is shown below in the alternative language. You may click the link to switch the active language.Enerji i\u015f kolunda ilk defa bir i\u015fveren sendikas\u0131 kuruldu. Enerji i\u015fverenlerinin uzun zamandan beri bekledikleri ENERJ\u0130 \u0130\u015eVERENLER\u0130 SEND\u0130KASI ( EN\u0130S ), 05 Temmuz [&hellip;]<\/p>\n","protected":false},"author":1,"featured_media":65619,"comment_status":"open","ping_status":"open","sticky":false,"template":"","format":"standard","meta":[],"categories":[53],"tags":[63,67,1009,34589,2698,165,34590],"views":1124,"_links":{"self":[{"href":"https:\/\/www.enerjigazetesi.ist\/en\/wp-json\/wp\/v2\/posts\/65618"}],"collection":[{"href":"https:\/\/www.enerjigazetesi.ist\/en\/wp-json\/wp\/v2\/posts"}],"about":[{"href":"https:\/\/www.enerjigazetesi.ist\/en\/wp-json\/wp\/v2\/types\/post"}],"author":[{"embeddable":true,"href":"https:\/\/www.enerjigazetesi.ist\/en\/wp-json\/wp\/v2\/users\/1"}],"replies":[{"embeddable":true,"href":"https:\/\/www.enerjigazetesi.ist\/en\/wp-json\/wp\/v2\/comments?post=65618"}],"version-history":[{"count":1,"href":"https:\/\/www.enerjigazetesi.ist\/en\/wp-json\/wp\/v2\/posts\/65618\/revisions"}],"predecessor-version":[{"id":65620,"href":"https:\/\/www.enerjigazetesi.ist\/en\/wp-json\/wp\/v2\/posts\/65618\/revisions\/65620"}],"wp:featuredmedia":[{"embeddable":true,"href":"https:\/\/www.enerjigazetesi.ist\/en\/wp-json\/wp\/v2\/media\/65619"}],"wp:attachment":[{"href":"https:\/\/www.enerjigazetesi.ist\/en\/wp-json\/wp\/v2\/media?parent=65618"}],"wp:term":[{"taxonomy":"category","embeddable":true,"href":"https:\/\/www.enerjigazetesi.ist\/en\/wp-json\/wp\/v2\/categories?post=65618"},{"taxonomy":"post_tag","embeddable":true,"href":"https:\/\/www.enerjigazetesi.ist\/en\/wp-json\/wp\/v2\/tags?post=65618"}],"curies":[{"name":"wp","href":"https:\/\/api.w.org\/{rel}","templated":true}]}}