{"id":65608,"date":"2017-07-13T12:36:49","date_gmt":"2017-07-13T09:36:49","guid":{"rendered":"https:\/\/www.enerjigazetesi.ist\/?p=65608"},"modified":"2017-07-13T12:38:07","modified_gmt":"2017-07-13T09:38:07","slug":"iranin-200-milyar-dolarlik-enerji-anlasmasinda-sona-yaklasildi","status":"publish","type":"post","link":"https:\/\/www.enerjigazetesi.ist\/en\/iranin-200-milyar-dolarlik-enerji-anlasmasinda-sona-yaklasildi\/","title":{"rendered":"(Turkish) \u0130ran&#8217;\u0131n 200 Milyar Dolarl\u0131k Enerji Anla\u015fmas\u0131nda Sona Yakla\u015f\u0131ld\u0131"},"content":{"rendered":"<p class=\"qtranxs-available-languages-message qtranxs-available-languages-message-en\">Sorry, this entry is only available in <a href=\"https:\/\/www.enerjigazetesi.ist\/tr\/wp-json\/wp\/v2\/posts\/65608\" class=\"qtranxs-available-language-link qtranxs-available-language-link-tr\" title=\"Turkish\">Turkish<\/a>. For the sake of viewer convenience, the content is shown below in the alternative language. You may click the link to switch the active language.<\/p><p><strong><span style=\"color: #0a0a0a;\">\u0130stanbul&#8217;da ger\u00e7ekle\u015ftirilen\u00a0D\u00fcnya Petrol Kongresi&#8217;nin \u00f6nemli\u00a0a\u00e7\u0131klamas\u0131 \u0130ran taraf\u0131<a href=\"https:\/\/www.enerjigazetesi.ist\/wp-content\/uploads\/2015\/04\/enerjide-iran-cin-isbirligi-guclenecek.png\"><img loading=\"lazy\" class=\"alignright  wp-image-38123\" src=\"https:\/\/www.enerjigazetesi.ist\/wp-content\/uploads\/2015\/04\/enerjide-iran-cin-isbirligi-guclenecek-300x162.png\" alt=\"enerjide-iran\" width=\"300\" height=\"182\" \/><\/a>ndan geldi. \u0130ran Petrol Bakan\u0131 Yard\u0131mc\u0131s\u0131 Emir H\u00fcseyin Zamaninia 27 \u00fclke ile 200 milyarl\u0131k dev enerji anla\u015fmas\u0131nda sona yakla\u015f\u0131ld\u0131\u011f\u0131n\u0131 a\u00e7\u0131klad\u0131.<\/span><\/strong><\/p>\n<p>\u0130ran, Frans\u0131z enerji devi Total ve \u00c7inli CNPC ile ge\u00e7ti\u011fimiz\u00a0hafta 4.8 milyar dolarl\u0131k do\u011falgaz anla\u015fmas\u0131 imzalam\u0131\u015ft\u0131.<\/p>\n<p>\u0130ran Petrol Bakan\u0131 Yard\u0131mc\u0131s\u0131 Emir H\u00fcseyin Zamaninia, 27 \u00fclke ile 200 milyarl\u0131k petrol anla\u015fmas\u0131 projesinin g\u00f6r\u00fc\u015fmelerinde sona gelindi\u011fini\u00a0ifade etti ve bunlar\u0131n \u00e7ok k\u0131sa zamanda imzaya d\u00f6n\u00fc\u015fece\u011fini de belirtti.\u00a0Ambargonun hafifletilmesi ile enerji \u00fcretimini artt\u0131ran \u0130ran, arz\u0131n azalt\u0131lmas\u0131n\u0131 i\u00e7eren\u00a0OPEC anla\u015fmas\u0131nda da muafiyete sahip olmu\u015ftu.<\/p>","protected":false},"excerpt":{"rendered":"<p>Sorry, this entry is only available in Turkish. For the sake of viewer convenience, the content is shown below in the alternative language. You may click the link to switch the active language.\u0130stanbul&#8217;da ger\u00e7ekle\u015ftirilen\u00a0D\u00fcnya Petrol Kongresi&#8217;nin \u00f6nemli\u00a0a\u00e7\u0131klamas\u0131 \u0130ran taraf\u0131ndan geldi. \u0130ran Petrol Bakan\u0131 Yard\u0131mc\u0131s\u0131 Emir H\u00fcseyin Zamaninia 27 \u00fclke ile 200 milyarl\u0131k dev enerji anla\u015fmas\u0131nda [&hellip;]<\/p>\n","protected":false},"author":1,"featured_media":38123,"comment_status":"open","ping_status":"open","sticky":false,"template":"","format":"standard","meta":[],"categories":[46,53,44],"tags":[6839,15952,63,5136,67,1009,2698,165,1333,32155,59,79,2388,887,2522,18610],"views":792,"_links":{"self":[{"href":"https:\/\/www.enerjigazetesi.ist\/en\/wp-json\/wp\/v2\/posts\/65608"}],"collection":[{"href":"https:\/\/www.enerjigazetesi.ist\/en\/wp-json\/wp\/v2\/posts"}],"about":[{"href":"https:\/\/www.enerjigazetesi.ist\/en\/wp-json\/wp\/v2\/types\/post"}],"author":[{"embeddable":true,"href":"https:\/\/www.enerjigazetesi.ist\/en\/wp-json\/wp\/v2\/users\/1"}],"replies":[{"embeddable":true,"href":"https:\/\/www.enerjigazetesi.ist\/en\/wp-json\/wp\/v2\/comments?post=65608"}],"version-history":[{"count":3,"href":"https:\/\/www.enerjigazetesi.ist\/en\/wp-json\/wp\/v2\/posts\/65608\/revisions"}],"predecessor-version":[{"id":65611,"href":"https:\/\/www.enerjigazetesi.ist\/en\/wp-json\/wp\/v2\/posts\/65608\/revisions\/65611"}],"wp:featuredmedia":[{"embeddable":true,"href":"https:\/\/www.enerjigazetesi.ist\/en\/wp-json\/wp\/v2\/media\/38123"}],"wp:attachment":[{"href":"https:\/\/www.enerjigazetesi.ist\/en\/wp-json\/wp\/v2\/media?parent=65608"}],"wp:term":[{"taxonomy":"category","embeddable":true,"href":"https:\/\/www.enerjigazetesi.ist\/en\/wp-json\/wp\/v2\/categories?post=65608"},{"taxonomy":"post_tag","embeddable":true,"href":"https:\/\/www.enerjigazetesi.ist\/en\/wp-json\/wp\/v2\/tags?post=65608"}],"curies":[{"name":"wp","href":"https:\/\/api.w.org\/{rel}","templated":true}]}}