{"id":65589,"date":"2017-07-12T13:16:05","date_gmt":"2017-07-12T10:16:05","guid":{"rendered":"https:\/\/www.enerjigazetesi.ist\/?p=65589"},"modified":"2017-07-12T13:16:05","modified_gmt":"2017-07-12T10:16:05","slug":"yesil-isvec-vizyonundan-cocuklara-cevre-duyarli-sanal-hayvanat-bahcesine","status":"publish","type":"post","link":"https:\/\/www.enerjigazetesi.ist\/en\/yesil-isvec-vizyonundan-cocuklara-cevre-duyarli-sanal-hayvanat-bahcesine\/","title":{"rendered":"(Turkish) Ye\u015fil \u0130sve\u00e7 Vizyonundan, \u00c7ocuklara \u00c7evre Duyarl\u0131 Sanal Hayvanat Bah\u00e7esine"},"content":{"rendered":"<p class=\"qtranxs-available-languages-message qtranxs-available-languages-message-en\">Sorry, this entry is only available in <a href=\"https:\/\/www.enerjigazetesi.ist\/tr\/wp-json\/wp\/v2\/posts\/65589\" class=\"qtranxs-available-language-link qtranxs-available-language-link-tr\" title=\"Turkish\">Turkish<\/a>. For the sake of viewer convenience, the content is shown below in the alternative language. You may click the link to switch the active language.<\/p><p><strong>Birle\u015fmi\u015f Milletler \u00c7evre Program\u0131 UNEP,( Birle\u015fmi\u015f Milletler\u2019de \u00e7evre konusunun e\u015fg\u00fcd\u00fcm\u00fcn\u00fc, \u00e7evrenin durumunun k\u00fcresel d\u00fczeyde s\u00fcrekli g\u00f6zden ge\u00e7irilmesini, \u00e7evre sorunlar\u0131 hakk\u0131nda uluslararas\u0131 toplumun dikkatinin \u00e7ekilmesini ve uluslararas\u0131 ve ulusal \u00e7evre politikas\u0131n\u0131n ve hukukunun geli\u015fiminin sa\u011flanmas\u0131n\u0131 ama\u00e7layan\u00a0 UNEP 1999 y\u0131l\u0131nda BM Genel Kurulu taraf\u0131ndan, her y\u0131l toplanacak bi\u00e7imde k\u00fcresel \u00e7evre bakanlar\u0131 forumunun olu\u015fturulmas\u0131na karar verilmi\u015ftir. UNEP Y\u00f6netim Konseyi toplant\u0131lar\u0131yla e\u015fzamanl\u0131 olarak yap\u0131lan K\u00fcresel \u00c7evre Bakanlar\u0131 Forumunun ilk toplant\u0131s\u0131 2000 y\u0131l\u0131nda Malm\u00f6\/\u0130sve\u00e7\u2019te ger\u00e7ekle\u015ftirilmi\u015ftir.<\/strong><\/p>\n<p>Daha gerilere gitti\u011fimizde 1972 y\u0131l\u0131nda Stokholm\u2019de ger\u00e7ekle\u015ftirilen Birle\u015fmi\u015f Milletler \u0130nsan \u00c7evresi Konferans\u0131\u2019nda, Birle\u015fmi\u015f Milletler\u2019de (BM) \u00e7evre sorunlar\u0131n\u0131 k\u00fcresel boyutta ele alacak uluslararas\u0131 bir organ\u0131n kurulmas\u0131na karar verilmi\u015f oldu\u011funu ve bunun \u00fczerine, BM Genel Kurulu\u2019nun 2997 say\u0131 ve 15 Aral\u0131k 1972 say\u0131l\u0131 karar\u0131yla, Birle\u015fmi\u015f Milletler \u00c7evre Program\u0131 (UNEP), BM\u2019ye ba\u011fl\u0131 bir \u201cprogram\u201d olarak olu\u015fturuldu\u011funu, bahse konu Karar uyar\u0131nca, 58 \u00fcye \u00fclkeden olu\u015facak bi\u00e7imde ve 4 y\u0131ll\u0131\u011f\u0131na se\u00e7ilmek \u00fczere \u201cUNEP Y\u00f6netim Konseyi\u201d ile \u201c\u00c7evre Fonu\u201d kuruldu\u011funu, ayr\u0131ca, Birle\u015fmi\u015f Milletler \u00f6rg\u00fctleri aras\u0131nda \u00e7evre alan\u0131nda e\u015fg\u00fcd\u00fcm\u00fc sa\u011flamak \u00fczere \u201c\u00c7evre Koordinasyon Paneli\u201d olu\u015fturuldu\u011funu g\u00f6rmekteyiz.[i]<\/p>\n<p style=\"text-align: center;\"><a href=\"https:\/\/www.enerjigazetesi.ist\/wp-content\/uploads\/2017\/07\/01.jpg\"><img loading=\"lazy\" class=\"aligncenter  wp-image-65590\" src=\"https:\/\/www.enerjigazetesi.ist\/wp-content\/uploads\/2017\/07\/01-1024x512.jpg\" alt=\"01\" width=\"506\" height=\"253\" srcset=\"https:\/\/www.enerjigazetesi.ist\/wp-content\/uploads\/2017\/07\/01-1024x512.jpg 1024w, https:\/\/www.enerjigazetesi.ist\/wp-content\/uploads\/2017\/07\/01-300x150.jpg 300w, https:\/\/www.enerjigazetesi.ist\/wp-content\/uploads\/2017\/07\/01-500x250.jpg 500w, https:\/\/www.enerjigazetesi.ist\/wp-content\/uploads\/2017\/07\/01-80x40.jpg 80w, https:\/\/www.enerjigazetesi.ist\/wp-content\/uploads\/2017\/07\/01.jpg 1407w\" sizes=\"(max-width: 506px) 100vw, 506px\" \/><\/a><\/p>\n<p>\u0130sve\u00e7, organik g\u0131da piyasas\u0131n\u0131n y\u0131lda y\u00fczde 5 ila 7 aras\u0131nda \u00a0artt\u0131\u011f\u0131 Avrupa\u2019da ye\u015fil al\u0131\u015fveri\u015f\u00e7iler listesinin ba\u015f\u0131nda yer alan AB\u2019de organik g\u0131da t\u00fcketiminde ilk s\u0131rada gelen , i\u00e7ecek ambalajlar\u0131n\u0131 \u00a0ve \u015fi\u015felerinin geri d\u00f6n\u00fc\u015f\u00fcm\u00fcn\u00fc \u00a0\u00f6nemseyen , enerjisinin en b\u00fcy\u00fck pay\u0131n\u0131 yenilenebilir kaynaklardan alan \u00e7evre duyarl\u0131\u00a0 Ye\u015fil \u0130sve\u00e7lilerin \u00dclkesi\u00a0 \u00a0\u0130sve\u00e7 giyim perakende zinciri H&amp;M organik pamuk kullan\u0131m\u0131nda bir d\u00fcnya lideridir ve h\u00fck\u00fcmet \u00e7evre teknolojisinin ara\u015ft\u0131r\u0131lmas\u0131 ve geli\u015ftirilmesi i\u00e7in 400 milyon kron tahsis etmi\u015ftir. Avrupa Komisyonu\u2019nun bir \u00e7al\u0131\u015fmas\u0131 \u0130sve\u00e7 halk\u0131n\u0131n y\u00fczde 40\u2019\u0131n\u0131n 1 ayda eko etiket ta\u015f\u0131yan \u00fcr\u00fcnler sat\u0131n ald\u0131\u011f\u0131n\u0131 ortaya \u00e7\u0131karm\u0131\u015ft\u0131r. Bu oran Avrupa ortalamas\u0131n\u0131n \u00e7ok daha \u00fcst\u00fcndedir. Son y\u0131llarda, k\u00f6kl\u00fc markalar kendi koleksiyonlar\u0131nda organik kuma\u015flar kullanmaya ba\u015flarken, organik k\u0131yafet satan daha da \u00e7ok ma\u011faza a\u00e7\u0131lm\u0131\u015ft\u0131r. Textile Exchange Organizasyonu\u2019na g\u00f6re, H&amp;M d\u00fcnyan\u0131n en \u00e7ok organik pamuk kullanan markas\u0131d\u0131r. \u0130kinci el giyim piyasas\u0131 da hem ma\u011fazalarda hem de internet \u00fczerinde y\u00fckseli\u015ftedir. Vintage modas\u0131 o kadar pop\u00fclerdir ki zincir ma\u011fazalar bile ikinci el \u00fcr\u00fcnler satmaktad\u0131r. \u0130sve\u00e7 giyim \u015firketi Weekday, moda ma\u011fazas\u0131 Grandpa\u2019n\u0131n da yapt\u0131\u011f\u0131 gibi yeni k\u0131yafetlerin yan\u0131s\u0131ra vintage par\u00e7alar da satmaktad\u0131r. \u0130sve\u00e7\u2019in ilk ve tek vintage giyim fuar\u0131 Vintagem\u00e4ssen 2008 y\u0131l\u0131nda Stockholm\u2019de ba\u015flad\u0131 ve \u015fu anda her y\u0131l 6000\u2019den fazla insan\u0131 kendine \u00e7ekmektedir.<\/p>\n<p>[i]\u0130sve\u00e7 Devletinin resmi sitesinde \u00c7evre Bakanl\u0131\u011f\u0131 b\u00f6l\u00fcm\u00fcnde \u00a0, \u0130sve\u00e7\u2019in Kutuplar konusundaki Yeni Politikas\u0131 konulu haberinde\u00a0\u00a0 Arctic (Kuzey Kutbu)nun , yerel, ulusal ve k\u00fcresel \u00f6nemini\u00a0 yeri doldurulamaz bir varl\u0131k olarak anlatmaktad\u0131r.\u00a0 \u201cArctic&#8217;te g\u00fcvenlik ve \u00e7evrenin korunmas\u0131n\u0131 g\u00fc\u00e7lendirip geli\u015ftirmeliyiz. \u0130sve\u00e7, Arctic&#8217;deki t\u00fcm geli\u015fmelerin \u00e7evre a\u00e7\u0131s\u0131ndan s\u00fcrd\u00fcr\u00fclebilir olmas\u0131n\u0131 sa\u011flamak i\u00e7in \u00e7al\u0131\u015facakt\u0131r. \u00d6nceliklerimiz, karadaki ve denizdeki biyo\u00e7e\u015fitlilik ve ekosistemlerin daha fazla korunmas\u0131, iklim \u00e7abalar\u0131n\u0131n geli\u015ftirilmesi ve kaynaklar\u0131n s\u00fcrd\u00fcr\u00fclebilir kullan\u0131m\u0131d\u0131r\u201d\u015feklinde de Kuzey Kutbu vizyonuna vurgu yapmaktad\u0131r.<\/p>\n<p>\u0130sve\u00e7\u2019te \u00c7evre ve Enerji konusunda iki T\u00fcrk bakan oldu\u011funa da de\u011finirsek Bunlardan ilki Ye\u015filler ve \u00c7evre Partisi&#8217;nden iki d\u00f6nem milletvekilli\u011fi yapan Gaziantep\u2019te do\u011fan Mehmet Kaplan, \u00a0di\u011feri de S\u00fcryani k\u00f6kenli Mardin do\u011fumlu Enerji Bakan\u0131 \u0130brahim Baylan, Sosyal Demokrat Parti \u00fcyesi. 2009-2011 aras\u0131 partinin genel sekreterli\u011fini yapan Baylan, 2004-2006 y\u0131llar\u0131 aras\u0131nda da E\u011fitim Bakan\u0131 olarak g\u00f6rev alm\u0131\u015ft\u0131.[ii]<\/p>\n<p>2 Haziran 2017 \u2018de \u00a0Politika Koordinasyon ve Enerji Bakan\u0131 \u0130brahim Baylan, Uluslararas\u0131 Enerji Ajans\u0131 (IEA) \u0130cra Direkt\u00f6r\u00fc Fatih Birol ile Stockholm&#8217;de bir araya geldi. Toplant\u0131, Baylan&#8217;\u0131n ba\u015fkanl\u0131k edece\u011fi 7-8 Kas\u0131m 2017&#8217;de \u00a0Paris\u2019te yap\u0131lacak\u00a0 ,International Energy Agency (IEA) Bakanlar Toplant\u0131s\u0131 \u00f6ncesindeki haz\u0131rl\u0131klar\u0131n bir par\u00e7as\u0131yd\u0131.Toplant\u0131 s\u0131ras\u0131nda Baylan, Bakanlar Toplant\u0131s\u0131 haz\u0131rl\u0131klar\u0131 hakk\u0131nda bir durum raporu ald\u0131. Toplant\u0131 g\u00fcndemi ve yap\u0131s\u0131 tart\u0131\u015f\u0131ld\u0131.[iii]<\/p>\n<p>\u0130sve\u00e7 \u00c7evre ve Enerji Bakanl\u0131\u011f\u0131 enerji konusundaki vizyonunu ndan \u00f6nce enerjinin ne oldu\u011funu tan\u0131mlam\u0131\u015f.. Bu tan\u0131ma g\u00f6re enerji , enerjinin \u00fcretimi, da\u011f\u0131t\u0131m\u0131 ve kullan\u0131m\u0131 ile ilgilidir. Ekolojik s\u00fcrd\u00fcr\u00fclebilirli\u011fi, rekabet\u00e7ili\u011fi ve arz g\u00fcvenli\u011fini uzla\u015ft\u0131rmay\u0131 ama\u00e7lar. Elektrik, \u0131s\u0131tma ve gaz piyasalar\u0131, enerji verimlili\u011fi ve biyoenerji, g\u00fcne\u015f enerjisi ve r\u00fczgar ve hidroelektrik gibi yenilenebilir enerjiyle ilgili konular\u0131 i\u00e7erir.<\/p>\n<p>Vizyona dair ise, Enerji politikas\u0131n\u0131n genel amac\u0131, rekabet ko\u015fullar\u0131nda k\u0131sa ve uzun vadeli enerji arz\u0131n\u0131 sa\u011flamakt\u0131r. Enerji politikas\u0131, sa\u011fl\u0131kl\u0131, s\u00fcrd\u00fcr\u00fclebilir enerji kullan\u0131m\u0131 \u015fartlar\u0131n\u0131 ve sa\u011fl\u0131k, \u00e7evre ve iklim de\u011fi\u015fikli\u011fi \u00fczerine d\u00fc\u015f\u00fck bir etkiye sahip, d\u00fc\u015f\u00fck maliyetli bir \u0130sve\u00e7 enerji arz\u0131 yaratmay\u0131 ama\u00e7lamaktad\u0131r. Enerji politikas\u0131 ayn\u0131 zamanda ekolojik olarak s\u00fcrd\u00fcr\u00fclebilir bir topluma ge\u00e7i\u015fi kolayla\u015ft\u0131rmay\u0131 ama\u00e7l\u0131yor. Bu, \u0130sve\u00e7&#8217;teki sa\u011fl\u0131kl\u0131 ve ekonomik geli\u015fmeyi destekleyecektir.Riksdag&#8217;\u0131n Haziran 2002 tarihli enerji politikas\u0131 ilkeleri hakk\u0131ndaki karar\u0131nda di\u011fer enerji politikas\u0131 hedefleri bulunmaktad\u0131r (Govt Bill 2001\/02: 143). &#8216;Birle\u015fmi\u015f \u0130klim ve Enerji Politikas\u0131 &#8211; Enerji&#8217; tasar\u0131s\u0131na uygun olarak, bir tak\u0131m yeni enerji politikas\u0131 hedefleri benimsenmi\u015ftir (2008\/09\/16\/2003 Bill:).<\/p>\n<p>Buna g\u00f6re<\/p>\n<p>2020 y\u0131l\u0131nda, toplam enerji t\u00fcketiminin en az y\u00fczde 50&#8217;si yenilenebilir enerji kaynaklar\u0131ndan gelmelidir.<\/p>\n<p>2020 y\u0131l\u0131na kadar ula\u015ft\u0131rma sekt\u00f6r\u00fc, en az y\u00fczde 10&#8217;luk yenilenebilir enerji hedefini kar\u015f\u0131lamal\u0131d\u0131r.<\/p>\n<p>2020 y\u0131l\u0131na kadar enerji verimlili\u011fi y\u00fczde 20 oran\u0131nda artmal\u0131d\u0131r. Bu, enerji yo\u011funlu\u011fundaki y\u00fczde 20&#8217;lik bir azalman\u0131n, 2008 y\u0131l\u0131na g\u00f6re 2020 y\u0131l\u0131na kadar sekt\u00f6rler aras\u0131 bir hedef olarak ifade edilmektedir.<\/p>\n<p>Ta\u015f\u0131mac\u0131l\u0131k ve end\u00fcstri, \u0130sve\u00e7&#8217;teki sera gazlar\u0131n\u0131n en b\u00fcy\u00fck yay\u0131l\u0131m alanlar\u0131ndan biridir. H\u00fck\u00fcmet, sera gaz\u0131 emisyonlar\u0131, yenilenebilir enerji ve enerji verimlili\u011fi i\u00e7in niceliksel iklim ve enerji hedeflerini ve bu hedeflere ula\u015fmak i\u00e7in \u00f6zel ara\u00e7lar i kullanarak, fosil yak\u0131t temelli bir toplumdan ge\u00e7i\u015f i\u00e7in uzun vadeli istikrarl\u0131 ko\u015fullar\u0131n temelini at\u0131yor ve S\u00fcrd\u00fcr\u00fclebilir enerji ve ula\u015f\u0131m sistemlerine\u00a0 do\u011fru ilerliyor.<\/p>\n<p>Yine \u00c7evre ve Enerji Bakanl\u0131\u011f\u0131n\u0131n resmi sitesindeki\u00a0 a\u00e7\u0131klamalar\u0131na dayanarak ; H\u00fck\u00fcmet, uzun vadeli s\u00fcrd\u00fcr\u00fclebilir bir enerji anla\u015fmas\u0131 imzalamak amac\u0131yla enerji politikas\u0131 konulu partiler aras\u0131 g\u00f6r\u00fc\u015fmeler i\u00e7in Enerji Komisyonu atamay\u0131 hedeflemektedir. H\u00fck\u00fcmetin bu g\u00f6r\u00fc\u015fmelerde ba\u015flang\u0131\u00e7 noktas\u0131, n\u00fckleer enerjinin yenilenebilir enerji ve enerji verimlili\u011fi \u00f6nlemleri ile de\u011fi\u015ftirilmesi ve \u0130sve\u00e7&#8217;in uzun vadede y\u00fczde 100 yenilenebilir enerji ile g\u00fc\u00e7lendirilmesi olacakt\u0131r.<\/p>\n<p>Isve\u00e7 K\u00fclt\u00fcr\u2019\u00fcn verilerine g\u00f6re, 2010 y\u0131l\u0131nda \u0130sve\u00e7 halk\u0131 i\u00e7ecek kutular\u0131n\u0131n geri d\u00f6n\u00fc\u015f\u00fcm\u00fc konusunda \u00f6nceki y\u0131llardan \u00e7ok daha dikkatliydi. T\u00fcm al\u00fcminyum kaplar\u0131n ve pet \u015fi\u015felerin %90\u2019l\u0131k geri d\u00f6n\u00fc\u015f\u00fcm hedefine ula\u015f\u0131lmak \u00fczeredir, \u015fu anda bu oran %88\u2019dir.\u0130sve\u00e7 geri d\u00f6n\u00fc\u015f\u00fcm \u015firketi Returnpack\u2019in son istatisti\u011fine g\u00f6re, \u0130sve\u00e7 halk\u0131 depozito sistemiyle ki\u015fi ba\u015f\u0131 ortalama 146 kap ve \u015fi\u015fenin geri d\u00f6n\u00fc\u015f\u00fcm\u00fcn\u00fc sa\u011flam\u0131\u015ft\u0131r. Son y\u0131llarda Returnpack, insanlar\u0131n geri d\u00f6n\u00fc\u015f\u00fcme daha \u00e7ok katk\u0131da bulunmas\u0131 i\u00e7in, kutu ve \u015fi\u015felerin toplanmas\u0131 kar\u015f\u0131l\u0131\u011f\u0131nda verilecek depozitoyu ve Pantamera gibi yenilik\u00e7i reklam \u015firketlerinin say\u0131s\u0131n\u0131 iki kat\u0131na \u00e7\u0131karmak gibi birtak\u0131m y\u00f6ntemler \u00f6ne s\u00fcrm\u00fc\u015ft\u00fcr.<\/p>\n<p>KTH,[iv] Kraliyet Teknoloji Enstit\u00fcs\u00fc \u00a0\u00e7evre ve s\u00fcrd\u00fcr\u00fclebilir geli\u015fim alanlar\u0131ndaki e\u011fitim ve ara\u015ft\u0131rmalar\u0131yla Avrupa\u2019n\u0131n \u00f6nde gelen teknoloji enstit\u00fclerinden biridir. \u00dcniversite, bir \u00e7evre m\u00fcd\u00fcr\u00fc ve s\u00fcrd\u00fcr\u00fclebilir geli\u015fim i\u00e7in bir yard\u0131mc\u0131 ba\u015fkan atam\u0131\u015ft\u0131r. 8 milyon kronluk bir b\u00fct\u00e7eyle, birtak\u0131m stratejik kiralamalarla ve yeni KTH S\u00fcrd\u00fcr\u00fclebilirlik Konseyi ile bu \u00e7aba \u00e7evre \u00e7al\u0131\u015fmalar\u0131nda KTH tarihindeki en b\u00fcy\u00fck yat\u0131r\u0131m\u0131 olu\u015fturmaktad\u0131r.<\/p>\n<p>S\u00fcrd\u00fcr\u00fclebilirlik Ara\u015ft\u0131rmas\u0131nda en g\u00f6ze \u00e7arpan y\u00fcksek \u011fretim kurumu Chalmers Teknoloji \u00dcniversitesi. . Bir\u00e7ok b\u00f6l\u00fcm \u00e7evre bilimine odaklanmakla birlikte \u00a0konular\u0131n kapsam\u0131 a\u00e7\u0131s\u0131ndan Chalmers\u2019\u0131n neredeyse tamam\u0131nda \u00e7evre sorunlar\u0131 i\u015flenmektedir&#8230; K\u00fcresel S\u00fcrd\u00fcr\u00fclebilirlik \u0130ttifak\u0131; Chalmers Teknoloji \u00dcniversitesi, Massachusetts Teknoloji Enstit\u00fcs\u00fc, Tokyo \u00dcniversitesi ve Z\u00fcrih Federal Teknoloji Enstit\u00fcs\u00fc aras\u0131nda uluslar aras\u0131 bir ortakl\u0131kt\u0131r. Bu ittifak, \u00e7evre bilimi ve s\u00fcrd\u00fcr\u00fclebilir geli\u015fim odakl\u0131 karma\u015f\u0131k k\u00fcresel konular\u0131n ara\u015ft\u0131r\u0131lmas\u0131 ve geli\u015ftirilmesine te\u015fvik etmeyi ama\u00e7lar.<\/p>\n<p>2011\u2019de h\u00fck\u00fcmet \u00e7evre teknolojisi \u015firketlerinin b\u00fcy\u00fcmesi ve geli\u015fmesi i\u00e7in elveri\u015fli ko\u015fullar sa\u011flamak amac\u0131yla \u00e7evre teknolojisi i\u00e7in yeni bir strateji sunmu\u015ftur. Bu stratejinin \u00fc\u00e7 temel amac\u0131 vard\u0131r: Birincisi \u0130sve\u00e7 \u00e7evre teknolojilerinin ihracat\u0131 i\u00e7in te\u015fvik etmek ve b\u00f6ylece \u0130sve\u00e7\u2019te ve t\u00fcm d\u00fcnyada s\u00fcrd\u00fcr\u00fclebilir ekonomik b\u00fcy\u00fcmeye katk\u0131 sa\u011flamak, ikincisi\u00a0 \u00c7evre teknolojisinde ara\u015ft\u0131rma ve yenili\u011fe te\u015fvik etmek ve \u0130sve\u00e7\u2019teki ye\u015fil teknoloji \u015firketlerinin geli\u015fmesi i\u00e7in gerekli ko\u015fullar\u0131 yaratmak ve son olarak yenilikleri ticarete d\u00f6kmeyi kolayla\u015ft\u0131rmakBu strateji, 2011\u2019den 2014\u2019e her y\u0131l 100 milyon kron tahsis edilerek toplamda 400 milyon kron ile desteklenmi\u015ftir. \u0130sve\u00e7 \u0130statistik Kurumu ve \u0130sve\u00e7 \u00c7evre Teknolojileri Konseyi\u2019nin istatistiklerine g\u00f6re, \u0130sve\u00e7\u2019in \u00e7evre teknolojileri sekt\u00f6r\u00fc yakla\u015f\u0131k 40,000 insana i\u015f sunmaktad\u0131r ve yakla\u015f\u0131k 120 milyar kron gelir sa\u011flanmaktad\u0131r.<\/p>\n<p style=\"text-align: center;\"><a href=\"https:\/\/www.enerjigazetesi.ist\/wp-content\/uploads\/2017\/07\/021.jpg\"><img loading=\"lazy\" class=\"aligncenter wp-image-65592 \" src=\"https:\/\/www.enerjigazetesi.ist\/wp-content\/uploads\/2017\/07\/021.jpg\" alt=\"02\" width=\"481\" height=\"276\" \/><\/a><\/p>\n<p>\u0130sve\u00e7 bunca yo\u011fun \u00e7abalar\u0131 i\u00e7inde\u00a0 bu \u00e7evre bilincinin k\u00fc\u00e7\u00fck ya\u015flardan itibaren kazand\u0131r\u0131lmas\u0131 konusunu ve \u00e7ocuklar\u0131 \u0131skalamayan bir \u00fclke . Bunun bir \u00f6rne\u011fi \u0130sve\u00e7&#8217;teki bir hayvanat bah\u00e7esi, nesli t\u00fckenmekte olan t\u00fcrlere \u00a0dair bilin\u00e7 kazand\u0131rmak i\u00e7in sergilen \u00a0sanal hayvanlar.<\/p>\n<p>\u0130sve\u00e7&#8217;teki Eskilstuna&#8217;daki Parken Hayvanat Bah\u00e7esi, \u00e7ocuklara \u00e7evreye duyarl\u0131\u00a0 bakman\u0131n \u00f6nemini anlatan say\u0131sal hayvanlar yaratmak i\u00e7in ya da &#8220;Digimals&#8221; olarak adland\u0131rd\u0131klar\u0131\u00a0 bir artt\u0131r\u0131lm\u0131\u015f\u00a0 ger\u00e7eklik (Augmented Reality ) sunuyor.<\/p>\n<p>Ormans\u0131zla\u015fma, ka\u00e7ak avlanma ve iklim de\u011fi\u015fikli\u011fi gibi kar\u015f\u0131la\u015ft\u0131klar\u0131 yeni tehditleri atlatmak i\u00e7in hayvanlar\u0131n nas\u0131l de\u011fi\u015fmesi gerekti\u011fini g\u00f6stermek i\u00e7in olu\u015fturulmu\u015f bu dijital hayvanlar ,tehdit alt\u0131nda olan yaban\u00a0 hayat\u0131m\u0131z\u0131n\u00a0 t\u00fcyler \u00fcrpeten ve insan\u0131 derin uykusundan uyand\u0131ran\u00a0 hat\u0131rlat\u0131c\u0131s\u0131 niteli\u011finde\u00a0\u00a0\u00a0\u00a0\u00a0 Digimals, baz\u0131 hayvanlar\u0131n hayatta kalmas\u0131 i\u00e7in olu\u015fmas\u0131 gereken gerekli uyarlamalar\u0131(adaptasyon) g\u00f6sterir. \u00d6rne\u011fin, a\u015fa\u011f\u0131daki \u00a0sitede yer alan video, papa\u011fan benzeri kanatlara sahip bir maymun g\u00f6sterir.[i]<\/p>\n<p style=\"text-align: center;\"><a href=\"https:\/\/www.enerjigazetesi.ist\/wp-content\/uploads\/2017\/07\/031.jpg\"><img loading=\"lazy\" class=\"aligncenter  wp-image-65591\" src=\"https:\/\/www.enerjigazetesi.ist\/wp-content\/uploads\/2017\/07\/031.jpg\" alt=\"03\" width=\"488\" height=\"338\" \/><\/a><\/p>\n<p>Son olarak \u0130sve\u00e7\u00a0 -HAYD\u0130 \u0130KL\u0130M\u0130 B\u0130RL\u0130KTE KURTARALIM\u00a0 sitesini ziyaret etmenizi \u00f6nerirm. Sayfan\u0131n mesaj\u0131 \u015f\u00f6yle . \u201cHala iklimi birlikte\u00a0 kurtarabiliriz. \u0130sve\u00e7 d\u00fc\u015f\u00fck karbon emisyonlar\u0131n\u0131 ekonomik b\u00fcy\u00fcmeyle birle\u015ftirirken\u00a0 -ak\u0131ll\u0131 iklim\u00a0 s\u00fcrd\u00fcr\u00fclebilir \u00e7\u00f6z\u00fcmlerle\u00a0 geli\u015fiyor.\u00a0 Ya sizin \u00dclkenizde durum nas\u0131l, siz neler yap\u0131yorsunuz ?-Together, we can still save the climate. Sweden combines low carbon emissions with economic growth, and climate-smart, sustainable solutions flourish. How is your country doing?<\/p>\n<p><a href=\"https:\/\/sweden.se\/climate\/\">https:\/\/sweden.se\/climate\/<\/a><\/p>\n<p><span lang=\"EN-US\"><strong>Haz\u0131rlayan:\u00a0<\/strong>\u00a0<\/span><span lang=\"EN-US\">H.\u00c7i\u011fdem Yorganc\u0131o\u011flu\u00a0\u00a0 <a href=\"http:\/\/www.cigdemyorgancioglu.org\/\">http:\/\/www.cigdemyorgancioglu.org\/<\/a><\/span><\/p>\n<p>References<\/p>\n<p><a href=\"https:\/\/www.parkenzoo.se\/\">https:\/\/www.parkenzoo.se<\/a><\/p>\n<p><a href=\"https:\/\/www.parkenzoo.se\/digidjur\/\">https:\/\/www.parkenzoo.se\/digidjur\/<\/a><\/p>\n<p><a href=\"https:\/\/sweden.se\/climate\/\">https:\/\/sweden.se\/climate\/<\/a><\/p>\n<p><a href=\"http:\/\/www.isveckultur.com\/doga\/isvecte-surdurulebilir-yasam\/\">http:\/\/www.isveckultur.com\/doga\/isvecte-surdurulebilir-yasam\/<\/a><\/p>\n<p><a href=\"https:\/\/www.dailydot.com\/debug\/swedish-zoo-digital-ar-animals\/\">https:\/\/www.dailydot.com\/debug\/swedish-zoo-digital-ar-animals\/<\/a><a href=\"http:\/\/www.government.se\/government-of-sweden\/ministry-of-the-environment\/\">http:\/\/www.government.se\/government-of-sweden\/ministry-of-the-environment\/<\/a><\/p>\n<p><a href=\"http:\/\/www.government.se\/articles\/2017\/06\/strengthened-cooperation-during-meeting-of-energy-ministers-in-china\/\">http:\/\/www.government.se\/articles\/2017\/06\/strengthened-cooperation-during-meeting-of-energy-ministers-in-china\/<\/a><\/p>\n<p>[i] The Daily Dot &#8211; This zoo is raising awareness about endangered species with virtual animals <a href=\"https:\/\/www.dailydot.com\/debug\/swedish-zoo-digital-ar-animals\/\">https:\/\/www.dailydot.com\/debug\/swedish-zoo-digital-ar-animals\/<\/a><\/p>\n<p>Parkgoers can see the Digimals in their enclosures throughout Parken Zoo using the \u201cDigidjur\u201d app. It is available free on both iOS and Android.<\/p>","protected":false},"excerpt":{"rendered":"<p>Sorry, this entry is only available in Turkish. For the sake of viewer convenience, the content is shown below in the alternative language. You may click the link to switch the active language.Birle\u015fmi\u015f Milletler \u00c7evre Program\u0131 UNEP,( Birle\u015fmi\u015f Milletler\u2019de \u00e7evre konusunun e\u015fg\u00fcd\u00fcm\u00fcn\u00fc, \u00e7evrenin durumunun k\u00fcresel d\u00fczeyde s\u00fcrekli g\u00f6zden ge\u00e7irilmesini, \u00e7evre sorunlar\u0131 hakk\u0131nda uluslararas\u0131 toplumun dikkatinin [&hellip;]<\/p>\n","protected":false},"author":1,"featured_media":65592,"comment_status":"open","ping_status":"open","sticky":false,"template":"","format":"standard","meta":[],"categories":[53],"tags":[63,67,1009,2698,165,34584,34583],"views":1892,"_links":{"self":[{"href":"https:\/\/www.enerjigazetesi.ist\/en\/wp-json\/wp\/v2\/posts\/65589"}],"collection":[{"href":"https:\/\/www.enerjigazetesi.ist\/en\/wp-json\/wp\/v2\/posts"}],"about":[{"href":"https:\/\/www.enerjigazetesi.ist\/en\/wp-json\/wp\/v2\/types\/post"}],"author":[{"embeddable":true,"href":"https:\/\/www.enerjigazetesi.ist\/en\/wp-json\/wp\/v2\/users\/1"}],"replies":[{"embeddable":true,"href":"https:\/\/www.enerjigazetesi.ist\/en\/wp-json\/wp\/v2\/comments?post=65589"}],"version-history":[{"count":1,"href":"https:\/\/www.enerjigazetesi.ist\/en\/wp-json\/wp\/v2\/posts\/65589\/revisions"}],"predecessor-version":[{"id":65593,"href":"https:\/\/www.enerjigazetesi.ist\/en\/wp-json\/wp\/v2\/posts\/65589\/revisions\/65593"}],"wp:featuredmedia":[{"embeddable":true,"href":"https:\/\/www.enerjigazetesi.ist\/en\/wp-json\/wp\/v2\/media\/65592"}],"wp:attachment":[{"href":"https:\/\/www.enerjigazetesi.ist\/en\/wp-json\/wp\/v2\/media?parent=65589"}],"wp:term":[{"taxonomy":"category","embeddable":true,"href":"https:\/\/www.enerjigazetesi.ist\/en\/wp-json\/wp\/v2\/categories?post=65589"},{"taxonomy":"post_tag","embeddable":true,"href":"https:\/\/www.enerjigazetesi.ist\/en\/wp-json\/wp\/v2\/tags?post=65589"}],"curies":[{"name":"wp","href":"https:\/\/api.w.org\/{rel}","templated":true}]}}