{"id":65574,"date":"2017-07-12T11:58:45","date_gmt":"2017-07-12T08:58:45","guid":{"rendered":"https:\/\/www.enerjigazetesi.ist\/?p=65574"},"modified":"2017-07-12T11:58:45","modified_gmt":"2017-07-12T08:58:45","slug":"dunyada-enerji-yatirimlari-gectigimiz-yil-yuzde-12-oraninda-dustu","status":"publish","type":"post","link":"https:\/\/www.enerjigazetesi.ist\/en\/dunyada-enerji-yatirimlari-gectigimiz-yil-yuzde-12-oraninda-dustu\/","title":{"rendered":"(Turkish) D\u00fcnyada Enerji Yat\u0131r\u0131mlar\u0131 Ge\u00e7ti\u011fimiz Y\u0131l Y\u00fczde 12 Oran\u0131nda D\u00fc\u015ft\u00fc"},"content":{"rendered":"<p class=\"qtranxs-available-languages-message qtranxs-available-languages-message-en\">Sorry, this entry is only available in <a href=\"https:\/\/www.enerjigazetesi.ist\/tr\/wp-json\/wp\/v2\/posts\/65574\" class=\"qtranxs-available-language-link qtranxs-available-language-link-tr\" title=\"Turkish\">Turkish<\/a>. For the sake of viewer convenience, the content is shown below in the alternative language. You may click the link to switch the active language.<\/p><p><\/p>\n<p style=\"color: #0a0a0a;\"><strong>Uluslararas\u0131 Enerji Ajans\u0131 taraf\u0131ndan 2017 D\u00fcnya Enerji Yat\u0131r\u0131m\u0131 raporu yay\u0131mland\u0131.\u00a0K\u00fcresel enerji yat\u0131r\u0131mlar\u0131 ge\u00e7ti\u011fimiz y\u0131l bir \u00f6nceki y\u0131la g\u00f6re y\u00fczde 12 oranda d\u00fc\u015ferek yakla\u015f\u0131k 1,7 tr<a href=\"https:\/\/www.enerjigazetesi.ist\/wp-content\/uploads\/2015\/06\/enerji-sektoru-istikrarin-devam-etmesini-istiyor.jpg\"><img loading=\"lazy\" class=\"alignright size-medium wp-image-40193\" src=\"https:\/\/www.enerjigazetesi.ist\/wp-content\/uploads\/2015\/06\/enerji-sektoru-istikrarin-devam-etmesini-istiyor-300x200.jpg\" alt=\"enerji-sektoru-istikrarin-devam-etmesini-istiyor\" width=\"300\" height=\"200\" srcset=\"https:\/\/www.enerjigazetesi.ist\/wp-content\/uploads\/2015\/06\/enerji-sektoru-istikrarin-devam-etmesini-istiyor-300x200.jpg 300w, https:\/\/www.enerjigazetesi.ist\/wp-content\/uploads\/2015\/06\/enerji-sektoru-istikrarin-devam-etmesini-istiyor-500x333.jpg 500w, https:\/\/www.enerjigazetesi.ist\/wp-content\/uploads\/2015\/06\/enerji-sektoru-istikrarin-devam-etmesini-istiyor-75x50.jpg 75w, https:\/\/www.enerjigazetesi.ist\/wp-content\/uploads\/2015\/06\/enerji-sektoru-istikrarin-devam-etmesini-istiyor.jpg 870w\" sizes=\"(max-width: 300px) 100vw, 300px\" \/><\/a>ilyon dolara gerilemi\u015f oldu.<\/strong><span id=\"more-92423\"><\/span><\/p>\n<p>Rapora g\u00f6re, ge\u00e7ti\u011fimiz y\u0131l elektrik sekt\u00f6r\u00fcnde 717 milyar dolarl\u0131k yat\u0131r\u0131m ger\u00e7ekle\u015ftirildi. Elektrik sekt\u00f6r\u00fcne ayr\u0131lan kayna\u011f\u0131n y\u00fczde 61,4\u2019\u00fc elektrik \u00fcretimine y\u00f6nelik iken, kalan k\u0131sm\u0131 ise elektrik hatlar\u0131na ili\u015fkin harcalamalarda kullan\u0131ld\u0131. Yenilenebilir enerji yat\u0131r\u0131mlar\u0131 ise ge\u00e7ti\u011fimiz y\u0131l 297 milyar dolar seviyesinde ger\u00e7ekle\u015fti.<\/p>\n<p>Petrol ve do\u011falgaz kaynaklar\u0131n\u0131n yer alt\u0131ndan \u00e7\u0131kar\u0131lmas\u0131 i\u00e7in yap\u0131lan yat\u0131r\u0131mlar ise bir \u00f6nceki y\u0131la g\u00f6re %26 oran\u0131nda d\u00fc\u015ft\u00fc. K\u00f6m\u00fcre yap\u0131lan yat\u0131r\u0131m\u0131 ise 2016 y\u0131l\u0131nda 59 milyar dolar ile toplam enerji yat\u0131r\u0131m\u0131n\u0131n y\u00fczde 3,5\u2019ine denk geldi. Hesaplamalara g\u00f6re enerji verimlili\u011fi i\u00e7in yap\u0131lan harcamalar da enerji yat\u0131r\u0131m\u0131n\u0131n y\u00fczde 13,8\u2019ini olu\u015fturmaktad\u0131r.<\/p>","protected":false},"excerpt":{"rendered":"<p>Sorry, this entry is only available in Turkish. For the sake of viewer convenience, the content is shown below in the alternative language. You may click the link to switch the active language. Uluslararas\u0131 Enerji Ajans\u0131 taraf\u0131ndan 2017 D\u00fcnya Enerji Yat\u0131r\u0131m\u0131 raporu yay\u0131mland\u0131.\u00a0K\u00fcresel enerji yat\u0131r\u0131mlar\u0131 ge\u00e7ti\u011fimiz y\u0131l bir \u00f6nceki y\u0131la g\u00f6re y\u00fczde 12 oranda d\u00fc\u015ferek [&hellip;]<\/p>\n","protected":false},"author":1,"featured_media":40193,"comment_status":"open","ping_status":"open","sticky":false,"template":"","format":"standard","meta":[],"categories":[46,51,53,24649,44],"tags":[34579,34578,2873,19,63,67,1009,2698,165,532,31512,1022],"views":1070,"_links":{"self":[{"href":"https:\/\/www.enerjigazetesi.ist\/en\/wp-json\/wp\/v2\/posts\/65574"}],"collection":[{"href":"https:\/\/www.enerjigazetesi.ist\/en\/wp-json\/wp\/v2\/posts"}],"about":[{"href":"https:\/\/www.enerjigazetesi.ist\/en\/wp-json\/wp\/v2\/types\/post"}],"author":[{"embeddable":true,"href":"https:\/\/www.enerjigazetesi.ist\/en\/wp-json\/wp\/v2\/users\/1"}],"replies":[{"embeddable":true,"href":"https:\/\/www.enerjigazetesi.ist\/en\/wp-json\/wp\/v2\/comments?post=65574"}],"version-history":[{"count":1,"href":"https:\/\/www.enerjigazetesi.ist\/en\/wp-json\/wp\/v2\/posts\/65574\/revisions"}],"predecessor-version":[{"id":65575,"href":"https:\/\/www.enerjigazetesi.ist\/en\/wp-json\/wp\/v2\/posts\/65574\/revisions\/65575"}],"wp:featuredmedia":[{"embeddable":true,"href":"https:\/\/www.enerjigazetesi.ist\/en\/wp-json\/wp\/v2\/media\/40193"}],"wp:attachment":[{"href":"https:\/\/www.enerjigazetesi.ist\/en\/wp-json\/wp\/v2\/media?parent=65574"}],"wp:term":[{"taxonomy":"category","embeddable":true,"href":"https:\/\/www.enerjigazetesi.ist\/en\/wp-json\/wp\/v2\/categories?post=65574"},{"taxonomy":"post_tag","embeddable":true,"href":"https:\/\/www.enerjigazetesi.ist\/en\/wp-json\/wp\/v2\/tags?post=65574"}],"curies":[{"name":"wp","href":"https:\/\/api.w.org\/{rel}","templated":true}]}}