{"id":65557,"date":"2017-07-11T20:08:17","date_gmt":"2017-07-11T17:08:17","guid":{"rendered":"https:\/\/www.enerjigazetesi.ist\/?p=65557"},"modified":"2017-07-11T20:08:17","modified_gmt":"2017-07-11T17:08:17","slug":"lm-wind-powerdan-yeni-ruzgar-turbini-kanadi-fabrikasinda-uretim","status":"publish","type":"post","link":"https:\/\/www.enerjigazetesi.ist\/en\/lm-wind-powerdan-yeni-ruzgar-turbini-kanadi-fabrikasinda-uretim\/","title":{"rendered":"(Turkish) LM Wind Power&#8217;dan Yeni R\u00fczgar T\u00fcrbini Kanad\u0131 Fabrikas\u0131nda \u00dcretim"},"content":{"rendered":"<p class=\"qtranxs-available-languages-message qtranxs-available-languages-message-en\">Sorry, this entry is only available in <a href=\"https:\/\/www.enerjigazetesi.ist\/tr\/wp-json\/wp\/v2\/posts\/65557\" class=\"qtranxs-available-language-link qtranxs-available-language-link-tr\" title=\"Turkish\">Turkish<\/a>. For the sake of viewer convenience, the content is shown below in the alternative language. You may click the link to switch the active language.<\/p><p><strong>GE Yenilenebilir Enerji b\u00fcnyesinde faaliyet g\u00f6steren ve r\u00fczgar t\u00fcrbini kanad\u0131 alan\u0131nda \u00f6nde gelen bir tasar\u0131mc\u0131 ve \u00fcretici olan LM Wind Power, bug\u00fcn yapt\u0131\u011f\u0131 a\u00e7\u0131klamayla T\u00fcrkiye Bergama\u2019daki yeni fabrikas\u0131nda \u00fcretime ba\u015flad\u0131\u011f\u0131n\u0131 duyurdu. Bergama Organize Sanayi B\u00f6lgesi\u2019nde (BOSB\u0130) bulunan tesisin y\u0131lda 500 megavat (MW) kapasiteyle \u00fcretim ve da\u011f\u0131t\u0131m yapmas\u0131 planlan\u0131yor. Tesisin, kapasitesi 1.500 megavata (1.5 GW) kadar art\u0131r\u0131labiliyor.<\/strong><\/p>\n<p>Bergama fabrikas\u0131, LM Wind Power&#8217;\u0131n bu y\u0131l\u0131n ba\u015f\u0131nda GE Yenilenebilir Enerji b\u00fcnyesine kat\u0131lmas\u0131ndan sonra faaliyete ge\u00e7irdi\u011fi ilk yeni kanat \u00fcretim tesisi olma \u00f6zelli\u011fini ta\u015f\u0131yor. T\u00fcrkiye&#8217;ye yap\u0131lan 50 milyon dolarl\u0131k yat\u0131r\u0131m taahh\u00fcd\u00fcn\u00fcn \u00fcr\u00fcn\u00fc <a href=\"https:\/\/www.enerjigazetesi.ist\/wp-content\/uploads\/2017\/07\/lm-wind-power-yeni-ruzgar-turbini-kanadi-fabrikasinda-uretime-basladi.jpg\"><img loading=\"lazy\" class=\"alignright size-medium wp-image-65558\" src=\"https:\/\/www.enerjigazetesi.ist\/wp-content\/uploads\/2017\/07\/lm-wind-power-yeni-ruzgar-turbini-kanadi-fabrikasinda-uretime-basladi-300x199.jpg\" alt=\"lm-wind-power-yeni-ruzgar-turbini-kanadi-fabrikasinda-uretime-basladi\" width=\"300\" height=\"199\" srcset=\"https:\/\/www.enerjigazetesi.ist\/wp-content\/uploads\/2017\/07\/lm-wind-power-yeni-ruzgar-turbini-kanadi-fabrikasinda-uretime-basladi-300x199.jpg 300w, https:\/\/www.enerjigazetesi.ist\/wp-content\/uploads\/2017\/07\/lm-wind-power-yeni-ruzgar-turbini-kanadi-fabrikasinda-uretime-basladi-500x333.jpg 500w, https:\/\/www.enerjigazetesi.ist\/wp-content\/uploads\/2017\/07\/lm-wind-power-yeni-ruzgar-turbini-kanadi-fabrikasinda-uretime-basladi-75x50.jpg 75w, https:\/\/www.enerjigazetesi.ist\/wp-content\/uploads\/2017\/07\/lm-wind-power-yeni-ruzgar-turbini-kanadi-fabrikasinda-uretime-basladi.jpg 650w\" sizes=\"(max-width: 300px) 100vw, 300px\" \/><\/a>olan fabrika, b\u00f6lgede \u00fcretim operasyonlar\u0131ndan teknik m\u00fchendislik, servis, y\u00f6netim ve destek hizmetlerine kadar \u00e7ok \u00e7e\u015fitli alanlarda 450 yetkin teknik personele i\u015f imkan\u0131 sa\u011flayacak. Tesisteki halihaz\u0131r 287 \u00e7al\u0131\u015fan\u0131n y\u00fczde 24&#8217;\u00fcn\u00fc ise kad\u0131nlar olu\u015fturuyor.<\/p>\n<p>Kanat \u00fcretimi son derece teknik uzmanl\u0131\u011fa sahip bir i\u015f g\u00fcc\u00fc gerektiriyor ve kapsaml\u0131 e\u011fitimlerin sa\u011flanmas\u0131 yeni bir LM Wind Power fabrikas\u0131 kurman\u0131n en kilit unsuru olarak kabul ediliyor. Bu y\u0131l\u0131n ba\u015f\u0131nda Bergama&#8217;da M\u00fckemmeliyet Merkezini faaliyete ge\u00e7iren \u015firket, \u00e7al\u0131\u015fanlar\u0131na geli\u015fmi\u015f kanat \u00fcretimi ve end\u00fcstriyel beceriler edinme ve geli\u015ftirme imkan\u0131 tan\u0131yor. Fabrika, T\u00fcrkiye\u2019de h\u0131zla b\u00fcy\u00fcyen r\u00fczgar end\u00fcstrisinin ihtiya\u00e7lar\u0131n\u0131 kar\u015f\u0131layacak. 2010 y\u0131l\u0131ndan bu yana T\u00fcrkiye\u2019de her y\u0131l yeni r\u00fczgar enerjisi kurulumlar\u0131 artmaya devam ediyor ve 2023 y\u0131l\u0131na kadar 20 GW&#8217;l\u0131k bir hedefle s\u00fcrd\u00fcr\u00fclebilir b\u00fcy\u00fcme \u00f6ng\u00f6r\u00fcl\u00fcyor.<\/p>\n<p>LM Wind Power CEO&#8217;su Marc de Jong, &#8220;GE ve Bergama&#8217;daki i\u015f ortaklar\u0131m\u0131zla bu geli\u015fmeyi kutlaman\u0131n gurur ve heyecan\u0131n\u0131 ya\u015f\u0131yoruz. B\u00fcy\u00fcmemizi yeni bir \u00fclkede s\u00fcrd\u00fcr\u00fcyoruz ve buras\u0131 y\u00fcr\u00fctt\u00fc\u011f\u00fcm\u00fcz operasyonlar i\u00e7in son derece \u00e7ekici bir lokasyon. Bergama&#8217;ya zaman ve kaynak anlam\u0131nda \u00f6nemli yat\u0131r\u0131mlar yapt\u0131k. \u0130\u015f ortaklar\u0131m\u0131z ve m\u00fc\u015fterilerimizle birlikte r\u00fczgar end\u00fcstrisinin b\u00fcy\u00fcyerek ilerlemesini sab\u0131rs\u0131zl\u0131kla bekliyoruz&#8221; dedi.<\/p>\n<p>GE Yenilenebilir Enerji CEO&#8217;su J\u00e9r\u00f4me P\u00e9cresse ise \u015fu a\u00e7\u0131klamay\u0131 yapt\u0131: &#8220;GE, yenilenebilir enerji ve \u00f6zellikle de r\u00fczgar alan\u0131nda son derece \u00fcmit vaat eden bir \u00fclke olan T\u00fcrkiye&#8217;de, halihaz\u0131rda toplamda 2.000 \u00e7al\u0131\u015fana sahip sekiz tesis ile faaliyetlerine devam ediyor. LM Wind Power&#8217;\u0131 b\u00fcnyesine katan GE Yenilenebilir Enerji, enerji \u00fcretiminin en h\u0131zl\u0131 b\u00fcy\u00fcyen bu segmentinde daha iyi rekabet edebilmek ad\u0131na kanat tasar\u0131m\u0131n\u0131 ve \u00fcretimini r\u00fczgar t\u00fcrbini i\u015f alan\u0131 ile birle\u015ftiriyor. Ge\u00e7ti\u011fimiz y\u0131l T\u00fcrkiye&#8217;deki r\u00fczgar sekt\u00f6r\u00fc, kurulu r\u00fczgar g\u00fcc\u00fcn\u00fc 6 GW&#8217;\u0131n \u00fczerine \u00e7\u0131kararak bir d\u00f6n\u00fcm noktas\u0131na ula\u015ft\u0131. GE olarak faaliyet g\u00f6sterdi\u011fimiz \u00fclkelerde uzun vadeli yat\u0131r\u0131mlar yapmay\u0131 taahh\u00fct ediyoruz, bu tesis GE\u2019nin yerel yeteneklerle \u00e7al\u0131\u015fma taahh\u00fcd\u00fcn\u00fcn \u00f6nemli bir g\u00f6stergesidir.&#8221;<\/p>\n<p>T.C. Ba\u015fbakanl\u0131k Yat\u0131r\u0131m Destek ve Tan\u0131t\u0131m Ajans\u0131 Ba\u015fkan\u0131 Arda Ermut \u201c1948\u2019den beri T\u00fcrkiye\u2019de faaliyet g\u00f6steren GE\u2019nin i\u015f alan\u0131 ve d\u00fcnyan\u0131n \u00f6nc\u00fc r\u00fczg\u00e2r t\u00fcrbini kanad\u0131 \u00fcreticisi LM Wind Power\u2019\u0131n hayata ge\u00e7irdi\u011fi ve enerji sekt\u00f6r\u00fcne \u00f6nemli katk\u0131lar sa\u011flayacak bu \u00f6nemli yat\u0131r\u0131m\u0131n a\u00e7\u0131l\u0131\u015f t\u00f6reninde kar\u015f\u0131n\u0131zda olman\u0131n b\u00fcy\u00fck onurunu ya\u015f\u0131yorum. \u00dclke olarak istihdam seferberli\u011fi ba\u015flatt\u0131\u011f\u0131m\u0131z bu d\u00f6nemde, Bergama OSB\u2019de hayata ge\u00e7irilen ve ilk etapta 450 ki\u015fiye istihdam sa\u011flayacak bu \u00f6nemli yat\u0131r\u0131m dolay\u0131s\u0131yla son derece mutluyum\u201d dedi.<\/p>\n<p><strong>LM Wind Power Hakk\u0131nda<\/strong><\/p>\n<p>Brezilya, Kanada, \u00c7in, Danimarka, Hindistan, Polonya, \u0130spanya ve ABD&#8217;de bulunan kanat fabrikalar\u0131yla k\u00fcresel bir \u00fcretim a\u011f\u0131na sahip olan LM Wind Power, r\u00fczgar t\u00fcrbinleri i\u00e7in rotor kanad\u0131 tasarlayan ve \u00fcreten \u00f6nc\u00fc bir kurulu\u015ftur. \u015eirket, 1978 y\u0131l\u0131ndan beri 84 GW&#8217;\u0131 a\u015fan kurulu g\u00fcce ve d\u00fcnya \u00e7ap\u0131nda 166 milyon tonu a\u015fan CO2 tasarrufuna e\u015fde\u011fer 195.000&#8217;i a\u015fk\u0131n kanat \u00fcretmi\u015ftir.<\/p>","protected":false},"excerpt":{"rendered":"<p>Sorry, this entry is only available in Turkish. For the sake of viewer convenience, the content is shown below in the alternative language. You may click the link to switch the active language.GE Yenilenebilir Enerji b\u00fcnyesinde faaliyet g\u00f6steren ve r\u00fczgar t\u00fcrbini kanad\u0131 alan\u0131nda \u00f6nde gelen bir tasar\u0131mc\u0131 ve \u00fcretici olan LM Wind Power, bug\u00fcn yapt\u0131\u011f\u0131 [&hellip;]<\/p>\n","protected":false},"author":1,"featured_media":65558,"comment_status":"open","ping_status":"open","sticky":false,"template":"","format":"standard","meta":[],"categories":[53,50],"tags":[63,67,1009,2698,165,2422,19897,31843,69,16,23318,22615,4784,324],"views":1950,"_links":{"self":[{"href":"https:\/\/www.enerjigazetesi.ist\/en\/wp-json\/wp\/v2\/posts\/65557"}],"collection":[{"href":"https:\/\/www.enerjigazetesi.ist\/en\/wp-json\/wp\/v2\/posts"}],"about":[{"href":"https:\/\/www.enerjigazetesi.ist\/en\/wp-json\/wp\/v2\/types\/post"}],"author":[{"embeddable":true,"href":"https:\/\/www.enerjigazetesi.ist\/en\/wp-json\/wp\/v2\/users\/1"}],"replies":[{"embeddable":true,"href":"https:\/\/www.enerjigazetesi.ist\/en\/wp-json\/wp\/v2\/comments?post=65557"}],"version-history":[{"count":1,"href":"https:\/\/www.enerjigazetesi.ist\/en\/wp-json\/wp\/v2\/posts\/65557\/revisions"}],"predecessor-version":[{"id":65559,"href":"https:\/\/www.enerjigazetesi.ist\/en\/wp-json\/wp\/v2\/posts\/65557\/revisions\/65559"}],"wp:featuredmedia":[{"embeddable":true,"href":"https:\/\/www.enerjigazetesi.ist\/en\/wp-json\/wp\/v2\/media\/65558"}],"wp:attachment":[{"href":"https:\/\/www.enerjigazetesi.ist\/en\/wp-json\/wp\/v2\/media?parent=65557"}],"wp:term":[{"taxonomy":"category","embeddable":true,"href":"https:\/\/www.enerjigazetesi.ist\/en\/wp-json\/wp\/v2\/categories?post=65557"},{"taxonomy":"post_tag","embeddable":true,"href":"https:\/\/www.enerjigazetesi.ist\/en\/wp-json\/wp\/v2\/tags?post=65557"}],"curies":[{"name":"wp","href":"https:\/\/api.w.org\/{rel}","templated":true}]}}