{"id":65525,"date":"2017-07-10T13:38:55","date_gmt":"2017-07-10T10:38:55","guid":{"rendered":"https:\/\/www.enerjigazetesi.ist\/?p=65525"},"modified":"2017-07-10T13:38:55","modified_gmt":"2017-07-10T10:38:55","slug":"bereket-enerji-nin-dort-sirketi-turkiyenin-en-guclu-500-sirketi-arasinda","status":"publish","type":"post","link":"https:\/\/www.enerjigazetesi.ist\/en\/bereket-enerji-nin-dort-sirketi-turkiyenin-en-guclu-500-sirketi-arasinda\/","title":{"rendered":"(Turkish) Bereket Enerji&#8217;nin D\u00f6rt \u015eirketi T\u00fcrkiye\u2019nin En G\u00fc\u00e7l\u00fc 500 \u015eirketi Aras\u0131nda"},"content":{"rendered":"<p class=\"qtranxs-available-languages-message qtranxs-available-languages-message-en\">Sorry, this entry is only available in <a href=\"https:\/\/www.enerjigazetesi.ist\/tr\/wp-json\/wp\/v2\/posts\/65525\" class=\"qtranxs-available-language-link qtranxs-available-language-link-tr\" title=\"Turkish\">Turkish<\/a>. For the sake of viewer convenience, the content is shown below in the alternative language. You may click the link to switch the active language.<\/p><p><\/p>\n<p style=\"color: #0a0a0a;\"><strong>Denizli\u2019de kurulu Bereket Enerji Grubu, Fortune Dergisi\u2019nin T\u00fcrkiye\u2019nin En G\u00fc\u00e7l\u00fc 500 \u015eirketi ara\u015ft\u0131rmas\u0131nda listeye 4 ayr\u0131 \u015firketiyle girdi. Bereket Enerji Y\u00f6netim Kurulu Ba\u015fkan\u0131 Ceyhan Saldanl\u0131, \u00fcretmenin, istihdam olu\u015fturman\u0131n ve ekonomiye katk\u0131 sa\u011flam\u0131n\u0131n gururunu ya\u015fad\u0131klar\u0131n\u0131 s\u00f6yledi.<\/strong><\/p>\n<p style=\"color: #0a0a0a;\"><span id=\"more-92371\"><\/span>Denizli\u2019de a\u011f\u0131rl\u0131\u011f\u0131 enerji sekt\u00f6r\u00fcnde olmak \u00fczere \u00e7e\u015fitli sekt\u00f6rlerinde faaliyet g\u00f6steren Bereket Enerji, Fortune Dergisi\u2019nin 2016 y\u0131l\u0131 ekonomik verilerini baz alarak ger\u00e7ekle\u015ftirdi\u011fi ara\u015ft\u0131rma sonu\u00e7lar\u0131na g\u00f6re b\u00fcnyesindeki be\u015f \u015firketle listede yer almay\u0131 <a href=\"https:\/\/www.enerjigazetesi.ist\/wp-content\/uploads\/2014\/06\/bereket-enerji-.jpg\"><img loading=\"lazy\" class=\"alignright size-medium wp-image-28494\" src=\"https:\/\/www.enerjigazetesi.ist\/wp-content\/uploads\/2014\/06\/bereket-enerji--300x122.jpg\" alt=\"bereket-enerji-\" width=\"300\" height=\"122\" srcset=\"https:\/\/www.enerjigazetesi.ist\/wp-content\/uploads\/2014\/06\/bereket-enerji--300x122.jpg 300w, https:\/\/www.enerjigazetesi.ist\/wp-content\/uploads\/2014\/06\/bereket-enerji--500x204.jpg 500w, https:\/\/www.enerjigazetesi.ist\/wp-content\/uploads\/2014\/06\/bereket-enerji--80x32.jpg 80w, https:\/\/www.enerjigazetesi.ist\/wp-content\/uploads\/2014\/06\/bereket-enerji-.jpg 781w\" sizes=\"(max-width: 300px) 100vw, 300px\" \/><\/a>ba\u015fard\u0131. Bereket Enerji Grubu b\u00fcnyesinde faaliyet g\u00f6steren Gediz Elektrik Perakende Sat\u0131\u015f A.\u015e. enerji sekt\u00f6r\u00fcnde 7., genel s\u0131ralamada 50., Aydem Elektrik Perakende Sat\u0131\u015f A.\u015e. enerji sekt\u00f6r\u00fcnde 11., genel s\u0131ralamada 94., Bereket Enerji \u00dcretim A.\u015e. enerji sekt\u00f6r\u00fcnde 12., genel s\u0131ralamada 99. , Yata\u011fan Termik Enerji \u00dcretim A.\u015e. enerji sekt\u00f6r\u00fcnde 21., genel s\u0131ralamada ise 238. s\u0131rada yer alarak \u00f6nemli bir ba\u015far\u0131ya imza att\u0131.<\/p>\n<p style=\"color: #0a0a0a;\">Sonu\u00e7lar\u0131 de\u011ferlendiren Bereket Enerji Grubu Y\u00f6netim Kurulu Ba\u015fkan\u0131 Ceyhan Saldanl\u0131, \u201c\u00dcretmenin, istihdam olu\u015fturman\u0131n ve ekonomiye katk\u0131 sa\u011flaman\u0131n gururu ve mutlulu\u011funu ya\u015f\u0131yoruz\u201d dedi. Enerji sekt\u00f6r\u00fcn\u00fcn T\u00fcrkiye i\u00e7in hayati \u00f6nem ta\u015f\u0131d\u0131\u011f\u0131n\u0131 dile getiren Saldanl\u0131, bu alandaki yat\u0131r\u0131mlar\u0131n hem desteklenmesi ve s\u00fcrd\u00fcr\u00fclmesinin ka\u00e7\u0131n\u0131lmaz oldu\u011funu vurgulayarak, \u201cD\u00fcnyada her alanda b\u00fcy\u00fck bir rekabet var. Ancak hayat\u0131m\u0131z\u0131n her an\u0131nda ve her alan\u0131nda olmazsa olmaz\u0131m\u0131z olan enerji konusundaki rekabet daha farkl\u0131 boyutta. \u00dclkeler i\u00e7in stratejik bir \u00f6nem ta\u015f\u0131yor. Biz Bereket Grubu olarak 35 y\u0131ld\u0131r bu alanda yat\u0131r\u0131m yap\u0131yoruz. Elektri\u011fi \u00fcreten, da\u011f\u0131tan ve ticaretini yapan entegre bir enerji \u015firketiyiz. Bereket Enerji Grubu, bug\u00fcne kadar oldu\u011fu gibi bundan sonra da enerji sekt\u00f6r\u00fcnde \u00fczerine d\u00fc\u015fen sorumlulu\u011fun bilinciyle hareket edecek \u201d dedi.<\/p>\n<p><\/p>","protected":false},"excerpt":{"rendered":"<p>Sorry, this entry is only available in Turkish. For the sake of viewer convenience, the content is shown below in the alternative language. You may click the link to switch the active language. Denizli\u2019de kurulu Bereket Enerji Grubu, Fortune Dergisi\u2019nin T\u00fcrkiye\u2019nin En G\u00fc\u00e7l\u00fc 500 \u015eirketi ara\u015ft\u0131rmas\u0131nda listeye 4 ayr\u0131 \u015firketiyle girdi. Bereket Enerji Y\u00f6netim Kurulu [&hellip;]<\/p>\n","protected":false},"author":1,"featured_media":28494,"comment_status":"open","ping_status":"open","sticky":false,"template":"","format":"standard","meta":[],"categories":[51,53],"tags":[7430,4720,845,63,67,1009,2698,165,34559,5529,34561,34560],"views":908,"_links":{"self":[{"href":"https:\/\/www.enerjigazetesi.ist\/en\/wp-json\/wp\/v2\/posts\/65525"}],"collection":[{"href":"https:\/\/www.enerjigazetesi.ist\/en\/wp-json\/wp\/v2\/posts"}],"about":[{"href":"https:\/\/www.enerjigazetesi.ist\/en\/wp-json\/wp\/v2\/types\/post"}],"author":[{"embeddable":true,"href":"https:\/\/www.enerjigazetesi.ist\/en\/wp-json\/wp\/v2\/users\/1"}],"replies":[{"embeddable":true,"href":"https:\/\/www.enerjigazetesi.ist\/en\/wp-json\/wp\/v2\/comments?post=65525"}],"version-history":[{"count":2,"href":"https:\/\/www.enerjigazetesi.ist\/en\/wp-json\/wp\/v2\/posts\/65525\/revisions"}],"predecessor-version":[{"id":65527,"href":"https:\/\/www.enerjigazetesi.ist\/en\/wp-json\/wp\/v2\/posts\/65525\/revisions\/65527"}],"wp:featuredmedia":[{"embeddable":true,"href":"https:\/\/www.enerjigazetesi.ist\/en\/wp-json\/wp\/v2\/media\/28494"}],"wp:attachment":[{"href":"https:\/\/www.enerjigazetesi.ist\/en\/wp-json\/wp\/v2\/media?parent=65525"}],"wp:term":[{"taxonomy":"category","embeddable":true,"href":"https:\/\/www.enerjigazetesi.ist\/en\/wp-json\/wp\/v2\/categories?post=65525"},{"taxonomy":"post_tag","embeddable":true,"href":"https:\/\/www.enerjigazetesi.ist\/en\/wp-json\/wp\/v2\/tags?post=65525"}],"curies":[{"name":"wp","href":"https:\/\/api.w.org\/{rel}","templated":true}]}}