{"id":65511,"date":"2017-07-09T14:35:11","date_gmt":"2017-07-09T11:35:11","guid":{"rendered":"https:\/\/www.enerjigazetesi.ist\/?p=65511"},"modified":"2017-07-09T14:35:11","modified_gmt":"2017-07-09T11:35:11","slug":"bina-cati-planlari-artik-gunesi-alacak-sekilde-konumlandirilmali","status":"publish","type":"post","link":"https:\/\/www.enerjigazetesi.ist\/en\/bina-cati-planlari-artik-gunesi-alacak-sekilde-konumlandirilmali\/","title":{"rendered":"(Turkish) Bina \u00c7at\u0131 Planlar\u0131 Art\u0131k G\u00fcne\u015fi Alacak \u015eekilde Konumland\u0131r\u0131lmal\u0131"},"content":{"rendered":"<p class=\"qtranxs-available-languages-message qtranxs-available-languages-message-en\">Sorry, this entry is only available in <a href=\"https:\/\/www.enerjigazetesi.ist\/tr\/wp-json\/wp\/v2\/posts\/65511\" class=\"qtranxs-available-language-link qtranxs-available-language-link-tr\" title=\"Turkish\">Turkish<\/a>. For the sake of viewer convenience, the content is shown below in the alternative language. You may click the link to switch the active language.<\/p><p><strong><span style=\"color: #0a0a0a;\">Enerji Sanayicileri ve \u0130\u015fadamlar\u0131 Derne\u011fi (ENS\u0130Z) Y\u00f6netim Kurulu Ba\u015fkan\u0131 H\u00fcseyin Vatansever taraf\u0131ndan\u00a0\u201cYeni yap\u0131lacak binalar\u0131n \u00e7at\u0131 planlar\u0131n\u0131n g\u00fcne\u015fi alacak \u015fekilde y\u00f6n konumland\u0131rmalar\u0131n\u0131n mutlaka imar kanunlar<a href=\"https:\/\/www.enerjigazetesi.ist\/wp-content\/uploads\/2012\/12\/gunes-enerjisi-cati-ustu-sistemler-abd.jpg\"><img loading=\"lazy\" class=\"alignleft size-medium wp-image-4366\" src=\"https:\/\/www.enerjigazetesi.ist\/wp-content\/uploads\/2012\/12\/gunes-enerjisi-cati-ustu-sistemler-abd-300x201.jpg\" alt=\"gunes-enerjisi-cati-ustu-sistemler\" width=\"300\" height=\"201\" srcset=\"https:\/\/www.enerjigazetesi.ist\/wp-content\/uploads\/2012\/12\/gunes-enerjisi-cati-ustu-sistemler-abd-300x201.jpg 300w, https:\/\/www.enerjigazetesi.ist\/wp-content\/uploads\/2012\/12\/gunes-enerjisi-cati-ustu-sistemler-abd-74x50.jpg 74w, https:\/\/www.enerjigazetesi.ist\/wp-content\/uploads\/2012\/12\/gunes-enerjisi-cati-ustu-sistemler-abd.jpg 372w\" sizes=\"(max-width: 300px) 100vw, 300px\" \/><\/a>\u0131na ge\u00e7mesini istemekteyiz\u201d denildi.<\/span><\/strong><\/p>\n<p>Vatansever, \u201cYeni yap\u0131lacak binalar\u0131n \u00e7at\u0131 planlar\u0131n\u0131n g\u00fcne\u015fi alacak \u015fekilde y\u00f6n konumland\u0131rmalar\u0131n\u0131n mutlaka imar kanunlar\u0131na ge\u00e7mesini istiyoruz. Eski binalarda ise, kamu binas\u0131 ya da \u00f6zel olsun, yap\u0131lacak belki de \u00e7ok fazla maliyetli olmayan k\u00fc\u00e7\u00fck m\u00fchendislik \u00e7al\u0131\u015fmalar\u0131yla o binalar\u0131n da g\u00fcne\u015f enerjisine daha uygun bir hale getirilebilece\u011fini d\u00fc\u015f\u00fcnmekteyiz. Bu konuda da Enerji ve Tabii Kaynaklar Bakanl\u0131\u011f\u0131 ve \u00c7evre ve \u015eehircilik Bakanl\u0131\u011f\u0131 ile g\u00f6r\u00fc\u015fmelerimiz s\u00fcrmektedir.\u201d dedi.<\/p>\n<p>Vatansever ayr\u0131ca, Almanya dikkate al\u0131nd\u0131\u011f\u0131nda, T\u00fcrkiye&#8217;nin 4 kat daha fazla g\u00fcne\u015f enerjisi kapasitesine sahip olmas\u0131na ra\u011fmen\u00a046 kat daha az enerji \u00fcretti\u011finin de vurgusunu yapt\u0131.<\/p>\n<p>Haberin <a href=\"http:\/\/enerjienstitusu.com\/2017\/07\/06\/binalarin-cati-planlari-gunesi-alacak-sekilde-konumlandirilmali\/\" target=\"_blank\" rel=\"nofollow\">Devam\u0131 \u0130\u00e7in TIKLAYINIZ&gt;&gt;&gt;<\/a><\/p>","protected":false},"excerpt":{"rendered":"<p>Sorry, this entry is only available in Turkish. For the sake of viewer convenience, the content is shown below in the alternative language. You may click the link to switch the active language.Enerji Sanayicileri ve \u0130\u015fadamlar\u0131 Derne\u011fi (ENS\u0130Z) Y\u00f6netim Kurulu Ba\u015fkan\u0131 H\u00fcseyin Vatansever taraf\u0131ndan\u00a0\u201cYeni yap\u0131lacak binalar\u0131n \u00e7at\u0131 planlar\u0131n\u0131n g\u00fcne\u015fi alacak \u015fekilde y\u00f6n konumland\u0131rmalar\u0131n\u0131n mutlaka imar [&hellip;]<\/p>\n","protected":false},"author":1,"featured_media":4366,"comment_status":"open","ping_status":"open","sticky":false,"template":"","format":"standard","meta":[],"categories":[53,49],"tags":[31079,92,63,67,1009,2698,165,34554,227,13,23133,22975,4269,32861,474,105],"views":852,"_links":{"self":[{"href":"https:\/\/www.enerjigazetesi.ist\/en\/wp-json\/wp\/v2\/posts\/65511"}],"collection":[{"href":"https:\/\/www.enerjigazetesi.ist\/en\/wp-json\/wp\/v2\/posts"}],"about":[{"href":"https:\/\/www.enerjigazetesi.ist\/en\/wp-json\/wp\/v2\/types\/post"}],"author":[{"embeddable":true,"href":"https:\/\/www.enerjigazetesi.ist\/en\/wp-json\/wp\/v2\/users\/1"}],"replies":[{"embeddable":true,"href":"https:\/\/www.enerjigazetesi.ist\/en\/wp-json\/wp\/v2\/comments?post=65511"}],"version-history":[{"count":1,"href":"https:\/\/www.enerjigazetesi.ist\/en\/wp-json\/wp\/v2\/posts\/65511\/revisions"}],"predecessor-version":[{"id":65512,"href":"https:\/\/www.enerjigazetesi.ist\/en\/wp-json\/wp\/v2\/posts\/65511\/revisions\/65512"}],"wp:featuredmedia":[{"embeddable":true,"href":"https:\/\/www.enerjigazetesi.ist\/en\/wp-json\/wp\/v2\/media\/4366"}],"wp:attachment":[{"href":"https:\/\/www.enerjigazetesi.ist\/en\/wp-json\/wp\/v2\/media?parent=65511"}],"wp:term":[{"taxonomy":"category","embeddable":true,"href":"https:\/\/www.enerjigazetesi.ist\/en\/wp-json\/wp\/v2\/categories?post=65511"},{"taxonomy":"post_tag","embeddable":true,"href":"https:\/\/www.enerjigazetesi.ist\/en\/wp-json\/wp\/v2\/tags?post=65511"}],"curies":[{"name":"wp","href":"https:\/\/api.w.org\/{rel}","templated":true}]}}