{"id":655,"date":"2012-06-26T09:08:54","date_gmt":"2012-06-26T06:08:54","guid":{"rendered":"https:\/\/www.enerjigazetesi.ist\/?p=655"},"modified":"2012-06-27T14:16:03","modified_gmt":"2012-06-27T11:16:03","slug":"tutevden-binalarda-enerji-verimligi-paneli","status":"publish","type":"post","link":"https:\/\/www.enerjigazetesi.ist\/en\/tutevden-binalarda-enerji-verimligi-paneli\/","title":{"rendered":"(Turkish) T\u00fctev&#8217;den Binalarda Enerji Verimli\u011fi Paneli"},"content":{"rendered":"<p class=\"qtranxs-available-languages-message qtranxs-available-languages-message-en\">Sorry, this entry is only available in <a href=\"https:\/\/www.enerjigazetesi.ist\/tr\/wp-json\/wp\/v2\/posts\/655\" class=\"qtranxs-available-language-link qtranxs-available-language-link-tr\" title=\"Turkish\">Turkish<\/a>. For the sake of viewer convenience, the content is shown below in the alternative language. You may click the link to switch the active language.<\/p><p><\/p>\n<div>\n<div><strong>T\u00fcrkiye Teknik Elamanlar Vakf\u0131 (T\u00dcTEV) Samsun \u015eubesi&#8221;nce \u201cBinalarda Enerji Verimlili\u011fi\u201d ba\u015fl\u0131kl\u0131 bir panel d\u00fczenlendi.<\/strong><\/div>\n<div>\n<div>\n<div id=\"contextual\"><\/div>\n<div><img loading=\"lazy\" class=\"alignright size-full wp-image-656\" title=\"enerji-verimliligi-semineri\" src=\"https:\/\/www.enerjigazetesi.ist\/wp-content\/uploads\/2012\/06\/seminer.jpg\" alt=\"\" width=\"310\" height=\"206\" srcset=\"https:\/\/www.enerjigazetesi.ist\/wp-content\/uploads\/2012\/06\/seminer.jpg 310w, https:\/\/www.enerjigazetesi.ist\/wp-content\/uploads\/2012\/06\/seminer-300x199.jpg 300w, https:\/\/www.enerjigazetesi.ist\/wp-content\/uploads\/2012\/06\/seminer-75x50.jpg 75w\" sizes=\"(max-width: 310px) 100vw, 310px\" \/>Canik K\u00fclt\u00fcr Merkezi\u2019nde yap\u0131lan panele \u00c7evre ve \u015eehircilik Bakanl\u0131\u011f\u0131, Is\u0131 Su Ses ve Yang\u0131n Yal\u0131t\u0131mc\u0131lar\u0131 Derne\u011finden (\u0130ZODER), EVD Enerji Y\u00f6netimi ve Dan\u0131\u015fmanl\u0131k Hizmetleri\u2019nden teknik uzmanlar kat\u0131ld\u0131. Panelin a\u00e7\u0131l\u0131\u015f konu\u015fmas\u0131 T\u00dcTEV Samsun \u015eube Ba\u015fkan\u0131 Dursun Aksoy taraf\u0131ndan yap\u0131ld\u0131. Dursun Aksoy, enerji arz g\u00fcvenli\u011finin sa\u011flanmas\u0131nda, y\u00fczde 73\u2019ler seviyesinde olan d\u0131\u015fa ba\u011f\u0131ml\u0131l\u0131k oran\u0131n\u0131n ve bundan kaynaklanan risklerin azalt\u0131lmas\u0131nda ve iklim de\u011fi\u015fikli\u011fi ile m\u00fccadelenin etkinli\u011finin art\u0131r\u0131lmas\u0131nda, enerjinin \u00fcretiminden kullan\u0131m\u0131na kadar olan s\u00fcre\u00e7te verimlili\u011fin art\u0131r\u0131lmas\u0131, israf\u0131n \u00f6nlenmesi ve enerji yo\u011funlu\u011funun azalt\u0131lmas\u0131n\u0131n b\u00fcy\u00fck bir \u00f6nem ta\u015f\u0131d\u0131\u011f\u0131n\u0131 s\u00f6yledi. Aksoy, T\u00fcrkiye\u2019de bina sekt\u00f6r\u00fcnde y\u00fczde 30, sanayi sekt\u00f6r\u00fcnde y\u00fczde 20 ve ula\u015f\u0131m sekt\u00f6r\u00fcnde y\u00fczde 15 olmak \u00fczere \u00f6nemli d\u00fczeyde enerji tasarruf potansiyeli oldu\u011funun tespit edildi\u011fini ifade etti.A\u00e7\u0131l\u0131\u015f konu\u015fmas\u0131ndan sonra program\u0131n panel program\u0131na ge\u00e7ildi. Panel sunumlar\u0131n\u0131n ilki, \u00c7evre ve \u015eehircilik Bakanl\u0131\u011f\u0131\u2019ndan Kemal Hakan Erg\u00fcn taraf\u0131ndan yap\u0131ld\u0131. Hakan Erg\u00fcn, Enerji Verimlili\u011fi Kanunu kapsam\u0131nda \u00c7evre ve \u015eehircilik Bakanl\u0131\u011f\u0131\u2019nca yay\u0131mlanan y\u00f6netmelikler hakk\u0131nda bilgiler verdi. Erg\u00fcn, konutlar\u0131n 2017 y\u0131l\u0131na kadar enerji kimlik belgelerini almalar\u0131 gerekti\u011fini ifade etti.\u0130ZODER\u2019den \u0130n\u015faat M\u00fchendisi G\u00fcne\u015f Y\u00fcz\u00fcg\u00fcr taraf\u0131ndan yap\u0131ld\u0131. G\u00fcne\u015f Y\u00fcz\u00fcg\u00fcr, binalarda yap\u0131lacak yal\u0131t\u0131mlarla enerji kay\u0131plar\u0131n\u0131n \u00f6n\u00fcne ge\u00e7ilece\u011fini, y\u00fczde 60&#8217;lara varan enerji tasarrufunun sa\u011flanaca\u011f\u0131n\u0131 s\u00f6yledi.<\/p>\n<p>EVD Enerji Y\u00f6netimi ve Dan\u0131\u015fmanl\u0131k Hizmetleri Genel M\u00fcd\u00fcr\u00fc Ergin Kaya ise binalarda enerji verimlili\u011fi \u00fczerine proje haz\u0131rlama y\u00f6ntemleri ve EVD&#8217;lerin \u00e7al\u0131\u015fma esaslar\u0131 hakk\u0131nda bilgi verdi. Panel sunumlar\u0131n\u0131n ard\u0131ndan program soru-cevap b\u00f6l\u00fcm\u00fc ile sona erdi.<\/p>\n<p>Panele kat\u0131lan davetliler bina yal\u0131t\u0131m ve elektrik malzemelerinin tan\u0131t\u0131mlar\u0131n\u0131n yap\u0131ld\u0131\u011f\u0131 ve 12 firman\u0131n kat\u0131ld\u0131\u011f\u0131 stantlar\u0131 gezdiler. Bina yal\u0131t\u0131m\u0131nda kullan\u0131lan malzemeleri yak\u0131ndan inceleyen davetliler, firmalardan teknik bilgiler ald\u0131lar. 200 ki\u015fin kat\u0131l\u0131m\u0131 ile ger\u00e7ekle\u015fen panelde, enerjinin verimli kullan\u0131lmas\u0131 konusuna dikkat \u00e7ekildi.<\/p>\n<\/div>\n<p>Kaynak: <a href=\"http:\/\/www.haberyurdum.com\/tutevden-binalarda-enerji-verimligi-paneli-144821n\" target=\"_blank\">HaberYurdum<\/a><\/p>\n<\/div>\n<\/div>\n<\/div>\n<p><\/p>","protected":false},"excerpt":{"rendered":"<p>Sorry, this entry is only available in Turkish. For the sake of viewer convenience, the content is shown below in the alternative language. You may click the link to switch the active language. T\u00fcrkiye Teknik Elamanlar Vakf\u0131 (T\u00dcTEV) Samsun \u015eubesi&#8221;nce \u201cBinalarda Enerji Verimlili\u011fi\u201d ba\u015fl\u0131kl\u0131 bir panel d\u00fczenlendi. Canik K\u00fclt\u00fcr Merkezi\u2019nde yap\u0131lan panele \u00c7evre ve \u015eehircilik [&hellip;]<\/p>\n","protected":false},"author":1,"featured_media":656,"comment_status":"open","ping_status":"open","sticky":false,"template":"","format":"standard","meta":[],"categories":[53,52],"tags":[],"views":667,"_links":{"self":[{"href":"https:\/\/www.enerjigazetesi.ist\/en\/wp-json\/wp\/v2\/posts\/655"}],"collection":[{"href":"https:\/\/www.enerjigazetesi.ist\/en\/wp-json\/wp\/v2\/posts"}],"about":[{"href":"https:\/\/www.enerjigazetesi.ist\/en\/wp-json\/wp\/v2\/types\/post"}],"author":[{"embeddable":true,"href":"https:\/\/www.enerjigazetesi.ist\/en\/wp-json\/wp\/v2\/users\/1"}],"replies":[{"embeddable":true,"href":"https:\/\/www.enerjigazetesi.ist\/en\/wp-json\/wp\/v2\/comments?post=655"}],"version-history":[{"count":4,"href":"https:\/\/www.enerjigazetesi.ist\/en\/wp-json\/wp\/v2\/posts\/655\/revisions"}],"predecessor-version":[{"id":676,"href":"https:\/\/www.enerjigazetesi.ist\/en\/wp-json\/wp\/v2\/posts\/655\/revisions\/676"}],"wp:featuredmedia":[{"embeddable":true,"href":"https:\/\/www.enerjigazetesi.ist\/en\/wp-json\/wp\/v2\/media\/656"}],"wp:attachment":[{"href":"https:\/\/www.enerjigazetesi.ist\/en\/wp-json\/wp\/v2\/media?parent=655"}],"wp:term":[{"taxonomy":"category","embeddable":true,"href":"https:\/\/www.enerjigazetesi.ist\/en\/wp-json\/wp\/v2\/categories?post=655"},{"taxonomy":"post_tag","embeddable":true,"href":"https:\/\/www.enerjigazetesi.ist\/en\/wp-json\/wp\/v2\/tags?post=655"}],"curies":[{"name":"wp","href":"https:\/\/api.w.org\/{rel}","templated":true}]}}