{"id":65499,"date":"2017-07-09T13:16:08","date_gmt":"2017-07-09T10:16:08","guid":{"rendered":"https:\/\/www.enerjigazetesi.ist\/?p=65499"},"modified":"2017-07-09T13:17:15","modified_gmt":"2017-07-09T10:17:15","slug":"apnin-turkiyeye-akkuyudan-vazgecme-cagrisi-tamamiyla-siyasi-adimdir","status":"publish","type":"post","link":"https:\/\/www.enerjigazetesi.ist\/en\/apnin-turkiyeye-akkuyudan-vazgecme-cagrisi-tamamiyla-siyasi-adimdir\/","title":{"rendered":"(Turkish) \u201cAP\u2019nin Akkuyu\u2019dan Vazge\u00e7irme \u00c7a\u011fr\u0131s\u0131, Tamam\u0131yla Siyasi Bir Ad\u0131m\u201d"},"content":{"rendered":"<p class=\"qtranxs-available-languages-message qtranxs-available-languages-message-en\">Sorry, this entry is only available in <a href=\"https:\/\/www.enerjigazetesi.ist\/tr\/wp-json\/wp\/v2\/posts\/65499\" class=\"qtranxs-available-language-link qtranxs-available-language-link-tr\" title=\"Turkish\">Turkish<\/a>. For the sake of viewer convenience, the content is shown below in the alternative language. You may click the link to switch the active language.<\/p><p><strong><span style=\"color: #0a0a0a;\">AtomInfo haber portal\u0131n\u0131n Genel Yay\u0131n Y\u00f6netmeni Aleksandr Uvarov taraf\u0131ndan AP\u2019nin <a href=\"https:\/\/www.enerjigazetesi.ist\/wp-content\/uploads\/2015\/06\/abden-turkiyeye-akkuyu-ngs-calismalarini-durdur-cagrisi.jpg\"><img loading=\"lazy\" class=\"alignright size-full wp-image-40184\" src=\"https:\/\/www.enerjigazetesi.ist\/wp-content\/uploads\/2015\/06\/abden-turkiyeye-akkuyu-ngs-calismalarini-durdur-cagrisi.jpg\" alt=\"abden-turkiyeye-akkuyu-ngs-calismalarini-durdur-cagrisi\" width=\"267\" height=\"189\" srcset=\"https:\/\/www.enerjigazetesi.ist\/wp-content\/uploads\/2015\/06\/abden-turkiyeye-akkuyu-ngs-calismalarini-durdur-cagrisi.jpg 267w, https:\/\/www.enerjigazetesi.ist\/wp-content\/uploads\/2015\/06\/abden-turkiyeye-akkuyu-ngs-calismalarini-durdur-cagrisi-70x50.jpg 70w\" sizes=\"(max-width: 267px) 100vw, 267px\" \/><\/a>T\u00fcrkiye\u2019ye Akkuyu N\u00fckleer Enerji Santrali projesini durdurma \u00e7a\u011fr\u0131s\u0131n\u0131n, yaln\u0131zca AB\u2019nin siyasi-ekonomik \u00e7\u0131karlar\u0131n\u0131n\u00a0do\u011frultusunda bulunuldu\u011fu\u00a0belirtildi.<\/span><\/strong><\/p>\n<p>Sputnik\u2019e a\u00e7\u0131klamalarda bulunan\u00a0Uvarov, \u201cBu karar\u0131n, siyaset ve ekonomi a\u00e7\u0131s\u0131ndan incelenmelidir. Avrupa Birli\u011fi (AB), kendisine yarar sa\u011flamayan her \u015feyi tehlike olarak g\u00f6rmektedir.\u201d ifadelerini kulland\u0131.<\/p>\n<p>Uvarov ayr\u0131ca, &#8220;proje de yol al\u0131nmaya ba\u015flam\u0131\u015fken, Avrupal\u0131 milletvekillerinin n\u00fckleer santralin g\u00fcvenli\u011finden \u2018endi\u015fe duymaya\u2019 ba\u015flam\u0131\u015ft\u0131r. B\u00f6lgede olu\u015fabilecek maksimum deprem g\u00fcc\u00fc 7 ile s\u0131n\u0131rl\u0131 iken Akkuyu projesi, 9 b\u00fcy\u00fckl\u00fc\u011f\u00fcnde ki bir depreme dayanabilecek \u015fekilde tasarlanm\u0131\u015ft\u0131r.&#8221;dedi.<\/p>","protected":false},"excerpt":{"rendered":"<p>Sorry, this entry is only available in Turkish. For the sake of viewer convenience, the content is shown below in the alternative language. You may click the link to switch the active language.AtomInfo haber portal\u0131n\u0131n Genel Yay\u0131n Y\u00f6netmeni Aleksandr Uvarov taraf\u0131ndan AP\u2019nin T\u00fcrkiye\u2019ye Akkuyu N\u00fckleer Enerji Santrali projesini durdurma \u00e7a\u011fr\u0131s\u0131n\u0131n, yaln\u0131zca AB\u2019nin siyasi-ekonomik \u00e7\u0131karlar\u0131n\u0131n\u00a0do\u011frultusunda bulunuldu\u011fu\u00a0belirtildi. [&hellip;]<\/p>\n","protected":false},"author":1,"featured_media":40184,"comment_status":"open","ping_status":"open","sticky":false,"template":"","format":"standard","meta":[],"categories":[53,43],"tags":[1192,34546,3019,34547,9520,4594,63,67,1009,2698,165,71,21,25480,23614,2973],"views":989,"_links":{"self":[{"href":"https:\/\/www.enerjigazetesi.ist\/en\/wp-json\/wp\/v2\/posts\/65499"}],"collection":[{"href":"https:\/\/www.enerjigazetesi.ist\/en\/wp-json\/wp\/v2\/posts"}],"about":[{"href":"https:\/\/www.enerjigazetesi.ist\/en\/wp-json\/wp\/v2\/types\/post"}],"author":[{"embeddable":true,"href":"https:\/\/www.enerjigazetesi.ist\/en\/wp-json\/wp\/v2\/users\/1"}],"replies":[{"embeddable":true,"href":"https:\/\/www.enerjigazetesi.ist\/en\/wp-json\/wp\/v2\/comments?post=65499"}],"version-history":[{"count":3,"href":"https:\/\/www.enerjigazetesi.ist\/en\/wp-json\/wp\/v2\/posts\/65499\/revisions"}],"predecessor-version":[{"id":65502,"href":"https:\/\/www.enerjigazetesi.ist\/en\/wp-json\/wp\/v2\/posts\/65499\/revisions\/65502"}],"wp:featuredmedia":[{"embeddable":true,"href":"https:\/\/www.enerjigazetesi.ist\/en\/wp-json\/wp\/v2\/media\/40184"}],"wp:attachment":[{"href":"https:\/\/www.enerjigazetesi.ist\/en\/wp-json\/wp\/v2\/media?parent=65499"}],"wp:term":[{"taxonomy":"category","embeddable":true,"href":"https:\/\/www.enerjigazetesi.ist\/en\/wp-json\/wp\/v2\/categories?post=65499"},{"taxonomy":"post_tag","embeddable":true,"href":"https:\/\/www.enerjigazetesi.ist\/en\/wp-json\/wp\/v2\/tags?post=65499"}],"curies":[{"name":"wp","href":"https:\/\/api.w.org\/{rel}","templated":true}]}}