{"id":65489,"date":"2017-07-08T15:11:31","date_gmt":"2017-07-08T12:11:31","guid":{"rendered":"https:\/\/www.enerjigazetesi.ist\/?p=65489"},"modified":"2017-07-08T15:11:31","modified_gmt":"2017-07-08T12:11:31","slug":"yazin-artan-enerji-tuketimine-cevreci-cozum-gunes-santralleri","status":"publish","type":"post","link":"https:\/\/www.enerjigazetesi.ist\/en\/yazin-artan-enerji-tuketimine-cevreci-cozum-gunes-santralleri\/","title":{"rendered":"(Turkish) \u201cYaz\u0131n Artan Enerji T\u00fcketimine \u00c7evreci \u00c7\u00f6z\u00fcm; G\u00fcne\u015f Santralleri\u201d"},"content":{"rendered":"<p class=\"qtranxs-available-languages-message qtranxs-available-languages-message-en\">Sorry, this entry is only available in <a href=\"https:\/\/www.enerjigazetesi.ist\/tr\/wp-json\/wp\/v2\/posts\/65489\" class=\"qtranxs-available-language-link qtranxs-available-language-link-tr\" title=\"Turkish\">Turkish<\/a>. For the sake of viewer convenience, the content is shown below in the alternative language. You may click the link to switch the active language.<\/p><p><strong>Enerji ve Tabii Kaynaklar Bakanl\u0131\u011f\u0131\u2019n\u0131n yapt\u0131\u011f\u0131 a\u00e7\u0131klamaya g\u00f6re Temmuz ay\u0131na enerji t\u00fcketimi rekoru k\u0131r\u0131larak ba\u015flang\u0131\u00e7 yap\u0131ld\u0131. Uzmanlar bu t\u00fcketimin alt\u0131nda yatan en \u00f6nemli sebebin, s\u0131cak havalar ve sanayi \u00fcretimindeki art\u0131\u015f oldu\u011funu belirtirken, yenilenebilir enerji kaynaklar\u0131n\u0131n kullan\u0131lmas\u0131n\u0131n hem \u00fclke hem de bireyler i\u00e7in uzun vadede \u00e7ok ciddi kazan\u0131mlar\u0131 da beraberinde getirece\u011fini vurguluyor. Bilinenin aksine enerji t\u00fcketimi k\u0131\u015fa g\u00f6re yaz aylar\u0131nda daha fazla art\u0131yor. \u00d6zellikle serinlemek i\u00e7in kullan\u0131lan klima vb. serinleme ve iklimlendirme cihazlar\u0131n\u0131n kullan\u0131m\u0131ndaki art\u0131\u015f, t\u00fcketimi en y\u00fcksek seviyeye ta\u015f\u0131yor. B\u00f6yle bir durumda kesintisiz ve ekonomik olarak enerji sa\u011flaman\u0131n s\u00fcrd\u00fcr\u00fclebilir \u00e7\u00f6z\u00fcm\u00fc ise \u201cg\u00fcne\u015f\u201dte\u2026 G\u00fcne\u015f santrallerine yap\u0131lacak her yat\u0131r\u0131m, yaz\u0131n y\u00fcksek elektrik t\u00fcketimini kar\u015f\u0131lamaya d\u00f6n\u00fck benzersiz bir f\u0131rsat sunuyor. G\u00fcne\u015f \u0131\u015f\u0131klar\u0131n\u0131n en verimli oldu\u011fu saatlerde, maksimum verimle \u00e7al\u0131\u015fan santraller, serinlik i\u00e7in en do\u011fal kaynak oluyor.<\/strong><\/p>\n<p>T\u00fcrkiye, 3 Temmuz g\u00fcn\u00fc, 927 milyon 875 bin kilovatsaat enerji t\u00fcketimi ile t\u00fcm zamanlar\u0131n en y\u00fcksek enerji t\u00fcketim <a href=\"https:\/\/www.enerjigazetesi.ist\/wp-content\/uploads\/2017\/07\/yazin-artan-enerji-tuketimine-cevreci-cozum-gunes-santralleri.jpg\"><img loading=\"lazy\" class=\"alignright size-medium wp-image-65490\" src=\"https:\/\/www.enerjigazetesi.ist\/wp-content\/uploads\/2017\/07\/yazin-artan-enerji-tuketimine-cevreci-cozum-gunes-santralleri-300x200.jpg\" alt=\"yazin-artan-enerji-tuketimine-cevreci-cozum-gunes-santralleri\" width=\"300\" height=\"200\" srcset=\"https:\/\/www.enerjigazetesi.ist\/wp-content\/uploads\/2017\/07\/yazin-artan-enerji-tuketimine-cevreci-cozum-gunes-santralleri-300x200.jpg 300w, https:\/\/www.enerjigazetesi.ist\/wp-content\/uploads\/2017\/07\/yazin-artan-enerji-tuketimine-cevreci-cozum-gunes-santralleri-500x333.jpg 500w, https:\/\/www.enerjigazetesi.ist\/wp-content\/uploads\/2017\/07\/yazin-artan-enerji-tuketimine-cevreci-cozum-gunes-santralleri-74x50.jpg 74w, https:\/\/www.enerjigazetesi.ist\/wp-content\/uploads\/2017\/07\/yazin-artan-enerji-tuketimine-cevreci-cozum-gunes-santralleri.jpg 679w\" sizes=\"(max-width: 300px) 100vw, 300px\" \/><\/a>rekorunu k\u0131rd\u0131. Sanayi \u00fcretimindeki art\u0131\u015f ve s\u0131cak havalarda klima vb. iklimlendirme cihazlar\u0131 kullan\u0131m\u0131 ise bu t\u00fcketimin ba\u015fl\u0131ca etkenleri aras\u0131nda bulunuyor.<\/p>\n<p><strong>G\u00fcne\u015f santralleri sayesinde g\u00fcne\u015f ile \u201cserinlemek\u201d m\u00fcmk\u00fcn<\/strong><\/p>\n<p>Tun\u00e7matik Y\u00f6netim Kurulu Ba\u015fkan\u0131 Mehmet \u00d6zer, yaz aylar\u0131nda artan elektrik t\u00fcketiminin, g\u00fcne\u015f santralleri sayesinde bir sorun olmaktan \u00e7\u0131kt\u0131\u011f\u0131n\u0131 s\u00f6yledi. \u00d6zer, ge\u00e7ti\u011fimiz y\u0131llara g\u00f6re bu sene en fazla t\u00fcketimin yap\u0131ld\u0131\u011f\u0131 b\u00f6yle bir g\u00fcnde, herhangi bir kesinti ya\u015fanmamas\u0131n\u0131n sebepleri aras\u0131nda g\u00fcne\u015f enerji santrallerinin de enerji \u00fcretimini desteklemesi oldu\u011funu vurguluyor. T\u00fcrkiye\u2019nin, g\u00fcne\u015f verimlili\u011fi konusunda, Avrupa\u2019da, \u0130spanya\u2019dan sonra en b\u00fcy\u00fck potansiyeli bar\u0131nd\u0131rd\u0131\u011f\u0131na dikkat \u00e7eken \u00d6zer, yaz aylar\u0131nda s\u0131cakl\u0131\u011f\u0131n en y\u00fcksek seviyelere \u00e7\u0131kt\u0131\u011f\u0131 \u00f6\u011fle saatlerinin, g\u00fcne\u015f santrallerinin en verimli \u00e7al\u0131\u015ft\u0131\u011f\u0131 zaman dilimi oldu\u011funun da alt\u0131n\u0131 \u00e7iziyor. \u00d6zer, g\u00fcne\u015f santrallerinin bu y\u00f6n\u00fcyle de \u015fehirlerin enerji ihtiya\u00e7lar\u0131n\u0131 kar\u015f\u0131lamada milli bir enerji kayna\u011f\u0131 oldu\u011funu belirterek, g\u00fcne\u015fe kar\u015f\u0131 serinlemek i\u00e7in g\u00fcne\u015f \u0131\u015f\u0131klar\u0131n\u0131 enerjiye d\u00f6n\u00fc\u015ft\u00fcrmek sadece g\u00fcne\u015f santralleri ile m\u00fcmk\u00fcn oldu\u011funu s\u00f6yl\u00fcyor.<\/p>\n<p><strong>T\u00fcrkiye\u2019nin g\u00fcne\u015f potansiyeli Avrupa\u2019da ikinci<\/strong><\/p>\n<p>G\u00fcne\u015f enerjisini en aktif kullanan Avrupa \u00fclkesinin Almanya oldu\u011funu s\u00f6yleyen \u00d6zer \u201cAlmanya\u2019n\u0131n en y\u00fcksek verimle g\u00fcne\u015f enerjisi elde etti\u011fi b\u00f6lge, T\u00fcrkiye\u2019nin verimi en d\u00fc\u015f\u00fck alan\u0131 Do\u011fu Karadeniz b\u00f6lgesinden bile daha d\u00fc\u015f\u00fck kapasiteye sahip. Bu potansiyeli iyi bir \u015fekilde de\u011ferlendirirsek, artan enerji t\u00fcketimi kar\u015f\u0131s\u0131nda olu\u015facak kaynak ihtiyac\u0131n\u0131 g\u00fcne\u015f ile kar\u015f\u0131lam\u0131\u015f oluruz\u201d diyor.<\/p>\n<p><strong>D\u00fcnya g\u00fcne\u015fe yat\u0131r\u0131m yap\u0131yor<\/strong><\/p>\n<p>Solar Power Europe raporuna g\u00f6re, global g\u00fcne\u015f pazar\u0131nda y\u0131ll\u0131k kapasite art\u0131\u015f\u0131 2016 y\u0131l\u0131nda beklenenin \u00e7ok \u00fcst\u00fcnde; y\u00fczde 50 b\u00fcy\u00fcd\u00fc. G\u00fcn\u00fcm\u00fczde 307 GW civar\u0131nda olan global g\u00fcne\u015f enerjisinden elektrik \u00fcretiminin 2021 y\u0131l\u0131nda 1 TW seviyelerine \u00e7\u0131kaca\u011f\u0131 \u00f6ng\u00f6r\u00fcl\u00fcyor. 2030 y\u0131l\u0131nda ise, d\u00fcnyadaki toplam elektrik ihtiyac\u0131n\u0131n en az y\u00fczde 15\u2019inin g\u00fcne\u015ften sa\u011flanaca\u011f\u0131 d\u00fc\u015f\u00fcn\u00fcl\u00fcyor. D\u00fcnyada y\u0131ll\u0131k eklenen kapasite 2015\u2019te 51 GW\u2018tan 2016\u2019da 76 GW\u2019a y\u00fckseldi. Avrupa\u2019da 2016 y\u0131l\u0131nda toplam elektrik ihtiyac\u0131n\u0131n %4\u2019\u00fc g\u00fcne\u015ften elde edildi. 2016\u2019da Avrupa\u2019da yap\u0131lan enerji yat\u0131r\u0131mlar\u0131n\u0131n y\u00fczde 75\u2019i g\u00fcne\u015f ve r\u00fczgar oldu.<\/p>\n<p><strong>Tun\u00e7matik yak\u0131n zamanda g\u00fcne\u015fe 73 milyon dolar yat\u0131rd\u0131<\/strong><\/p>\n<p>Tun\u00e7matik, toplam 73 milyon dolarl\u0131k yat\u0131r\u0131mla U\u015fak, K\u00fctahya, Mu\u011fla, Afyon, Karaman, Elaz\u0131\u011f, Ankara ve Mersin\u2019de g\u00fcne\u015f santralleri kuruyor. 2017 sonunda tamamlanacak santraller y\u0131lda yakla\u015f\u0131k 123 milyon kWh elektrik enerjisi \u00fcretilecek. Bu rakam yakla\u015f\u0131k 41 bin hanenin bir y\u0131ll\u0131k enerji kullan\u0131m\u0131na denk enerjiye d\u00f6n\u00fc\u015f\u00fcyor. S\u00f6z konusu g\u00fcne\u015f yat\u0131r\u0131m\u0131 y\u0131lda 58 milyon TL\u2019lik ekonomik de\u011fer \u00fcretecek, 63 bin ton karbon sal\u0131n\u0131m\u0131n\u0131 engelleyecek.<\/p>","protected":false},"excerpt":{"rendered":"<p>Sorry, this entry is only available in Turkish. For the sake of viewer convenience, the content is shown below in the alternative language. You may click the link to switch the active language.Enerji ve Tabii Kaynaklar Bakanl\u0131\u011f\u0131\u2019n\u0131n yapt\u0131\u011f\u0131 a\u00e7\u0131klamaya g\u00f6re Temmuz ay\u0131na enerji t\u00fcketimi rekoru k\u0131r\u0131larak ba\u015flang\u0131\u00e7 yap\u0131ld\u0131. Uzmanlar bu t\u00fcketimin alt\u0131nda yatan en \u00f6nemli [&hellip;]<\/p>\n","protected":false},"author":1,"featured_media":65490,"comment_status":"open","ping_status":"open","sticky":false,"template":"","format":"standard","meta":[],"categories":[53,49],"tags":[63,67,1009,2698,165,2326,227,13,2569,23133,22975,2401,4269,8802,12476],"views":1071,"_links":{"self":[{"href":"https:\/\/www.enerjigazetesi.ist\/en\/wp-json\/wp\/v2\/posts\/65489"}],"collection":[{"href":"https:\/\/www.enerjigazetesi.ist\/en\/wp-json\/wp\/v2\/posts"}],"about":[{"href":"https:\/\/www.enerjigazetesi.ist\/en\/wp-json\/wp\/v2\/types\/post"}],"author":[{"embeddable":true,"href":"https:\/\/www.enerjigazetesi.ist\/en\/wp-json\/wp\/v2\/users\/1"}],"replies":[{"embeddable":true,"href":"https:\/\/www.enerjigazetesi.ist\/en\/wp-json\/wp\/v2\/comments?post=65489"}],"version-history":[{"count":1,"href":"https:\/\/www.enerjigazetesi.ist\/en\/wp-json\/wp\/v2\/posts\/65489\/revisions"}],"predecessor-version":[{"id":65491,"href":"https:\/\/www.enerjigazetesi.ist\/en\/wp-json\/wp\/v2\/posts\/65489\/revisions\/65491"}],"wp:featuredmedia":[{"embeddable":true,"href":"https:\/\/www.enerjigazetesi.ist\/en\/wp-json\/wp\/v2\/media\/65490"}],"wp:attachment":[{"href":"https:\/\/www.enerjigazetesi.ist\/en\/wp-json\/wp\/v2\/media?parent=65489"}],"wp:term":[{"taxonomy":"category","embeddable":true,"href":"https:\/\/www.enerjigazetesi.ist\/en\/wp-json\/wp\/v2\/categories?post=65489"},{"taxonomy":"post_tag","embeddable":true,"href":"https:\/\/www.enerjigazetesi.ist\/en\/wp-json\/wp\/v2\/tags?post=65489"}],"curies":[{"name":"wp","href":"https:\/\/api.w.org\/{rel}","templated":true}]}}