{"id":65486,"date":"2017-07-08T14:48:32","date_gmt":"2017-07-08T11:48:32","guid":{"rendered":"https:\/\/www.enerjigazetesi.ist\/?p=65486"},"modified":"2017-07-08T14:48:32","modified_gmt":"2017-07-08T11:48:32","slug":"manisada-copten-uretilen-elektrik-ile-turkiye-ekonomisi-kazanacak","status":"publish","type":"post","link":"https:\/\/www.enerjigazetesi.ist\/en\/manisada-copten-uretilen-elektrik-ile-turkiye-ekonomisi-kazanacak\/","title":{"rendered":"(Turkish) Manisa\u2019da \u00c7\u00f6pten \u00dcretilen Elektrik \u0130le T\u00fcrkiye Ekonomisi Kazanacak"},"content":{"rendered":"<p class=\"qtranxs-available-languages-message qtranxs-available-languages-message-en\">Sorry, this entry is only available in <a href=\"https:\/\/www.enerjigazetesi.ist\/tr\/wp-json\/wp\/v2\/posts\/65486\" class=\"qtranxs-available-language-link qtranxs-available-language-link-tr\" title=\"Turkish\">Turkish<\/a>. For the sake of viewer convenience, the content is shown below in the alternative language. You may click the link to switch the active language.<\/p><p><strong><span style=\"color: #0a0a0a;\">Manisa B\u00fcy\u00fck\u015fehir Belediyesi taraf\u0131ndan Turgut \u00d6zal Mahallesi\u2019nde yer alan\u00a0kat\u0131 at\u0131k \u00e7\u00f6p depolama alan\u0131nda \u00e7\u00f6plerden, 4.8 megawat<a href=\"https:\/\/www.enerjigazetesi.ist\/wp-content\/uploads\/2017\/07\/turkiye-ekonomisi-manisada-copten-uretilen-elektrik-ile-kazanacak.jpg\"><img loading=\"lazy\" class=\"alignleft size-medium wp-image-65487\" src=\"https:\/\/www.enerjigazetesi.ist\/wp-content\/uploads\/2017\/07\/turkiye-ekonomisi-manisada-copten-uretilen-elektrik-ile-kazanacak-300x164.jpg\" alt=\"turkiye-ekonomisi-manisada-copten-uretilen-elektrik-ile-kazanacak\" width=\"300\" height=\"164\" srcset=\"https:\/\/www.enerjigazetesi.ist\/wp-content\/uploads\/2017\/07\/turkiye-ekonomisi-manisada-copten-uretilen-elektrik-ile-kazanacak-300x164.jpg 300w, https:\/\/www.enerjigazetesi.ist\/wp-content\/uploads\/2017\/07\/turkiye-ekonomisi-manisada-copten-uretilen-elektrik-ile-kazanacak-500x273.jpg 500w, https:\/\/www.enerjigazetesi.ist\/wp-content\/uploads\/2017\/07\/turkiye-ekonomisi-manisada-copten-uretilen-elektrik-ile-kazanacak-80x43.jpg 80w, https:\/\/www.enerjigazetesi.ist\/wp-content\/uploads\/2017\/07\/turkiye-ekonomisi-manisada-copten-uretilen-elektrik-ile-kazanacak.jpg 696w\" sizes=\"(max-width: 300px) 100vw, 300px\" \/><\/a>t g\u00fcc\u00fcndeki Entegre At\u0131k De\u011ferlendirme Projesi ile\u00a0elektrik \u00fcretilmeye ba\u015fland\u0131.<\/span><\/strong><\/p>\n<p>Manisa B\u00fcy\u00fck\u015fehir Belediyesi \u00c7evre Koruma ve Kontrol Dairesi Ba\u015fkan\u0131 Ertu\u011frul Y\u0131ld\u0131r\u0131m, Entegre At\u0131k De\u011ferlendirme Projesi kapsam\u0131ndaki elektrik \u00fcretim tesislerinin Turgutlu, Salihli, Akhisar, Ala\u015fehir ve Soma il\u00e7elerine de kurulumu i\u00e7in yap\u0131sal izinlerin al\u0131nd\u0131\u011f\u0131n\u0131 ve \u00e7al\u0131\u015fmalar\u0131n en k\u0131sa zamanda ba\u015flayaca\u011f\u0131n\u0131 belirtti.<\/p>\n<p>Y\u0131ld\u0131r\u0131m, bu tesisler ile toplam\u0131nda \u00fcretilen 10 megawatt\u0131n \u00fczerindeki enerjinin TEDA\u015e\u2019a sat\u0131larak \u00fclke ekonomisine katk\u0131 sa\u011flanaca\u011f\u0131 a\u00e7\u0131kland\u0131.<\/p>","protected":false},"excerpt":{"rendered":"<p>Sorry, this entry is only available in Turkish. For the sake of viewer convenience, the content is shown below in the alternative language. You may click the link to switch the active language.Manisa B\u00fcy\u00fck\u015fehir Belediyesi taraf\u0131ndan Turgut \u00d6zal Mahallesi\u2019nde yer alan\u00a0kat\u0131 at\u0131k \u00e7\u00f6p depolama alan\u0131nda \u00e7\u00f6plerden, 4.8 megawatt g\u00fcc\u00fcndeki Entegre At\u0131k De\u011ferlendirme Projesi ile\u00a0elektrik \u00fcretilmeye [&hellip;]<\/p>\n","protected":false},"author":1,"featured_media":65487,"comment_status":"open","ping_status":"open","sticky":false,"template":"","format":"standard","meta":[],"categories":[22893,51,53],"tags":[5220,2880,63,67,1009,2698,165,34544,2191,1216,34545],"views":2723,"_links":{"self":[{"href":"https:\/\/www.enerjigazetesi.ist\/en\/wp-json\/wp\/v2\/posts\/65486"}],"collection":[{"href":"https:\/\/www.enerjigazetesi.ist\/en\/wp-json\/wp\/v2\/posts"}],"about":[{"href":"https:\/\/www.enerjigazetesi.ist\/en\/wp-json\/wp\/v2\/types\/post"}],"author":[{"embeddable":true,"href":"https:\/\/www.enerjigazetesi.ist\/en\/wp-json\/wp\/v2\/users\/1"}],"replies":[{"embeddable":true,"href":"https:\/\/www.enerjigazetesi.ist\/en\/wp-json\/wp\/v2\/comments?post=65486"}],"version-history":[{"count":1,"href":"https:\/\/www.enerjigazetesi.ist\/en\/wp-json\/wp\/v2\/posts\/65486\/revisions"}],"predecessor-version":[{"id":65488,"href":"https:\/\/www.enerjigazetesi.ist\/en\/wp-json\/wp\/v2\/posts\/65486\/revisions\/65488"}],"wp:featuredmedia":[{"embeddable":true,"href":"https:\/\/www.enerjigazetesi.ist\/en\/wp-json\/wp\/v2\/media\/65487"}],"wp:attachment":[{"href":"https:\/\/www.enerjigazetesi.ist\/en\/wp-json\/wp\/v2\/media?parent=65486"}],"wp:term":[{"taxonomy":"category","embeddable":true,"href":"https:\/\/www.enerjigazetesi.ist\/en\/wp-json\/wp\/v2\/categories?post=65486"},{"taxonomy":"post_tag","embeddable":true,"href":"https:\/\/www.enerjigazetesi.ist\/en\/wp-json\/wp\/v2\/tags?post=65486"}],"curies":[{"name":"wp","href":"https:\/\/api.w.org\/{rel}","templated":true}]}}