{"id":65481,"date":"2017-07-08T14:35:08","date_gmt":"2017-07-08T11:35:08","guid":{"rendered":"https:\/\/www.enerjigazetesi.ist\/?p=65481"},"modified":"2017-07-08T14:35:08","modified_gmt":"2017-07-08T11:35:08","slug":"danistay-karariyla-ruzgar-enerjisi-onundeki-sit-engeli-kalkti","status":"publish","type":"post","link":"https:\/\/www.enerjigazetesi.ist\/en\/danistay-karariyla-ruzgar-enerjisi-onundeki-sit-engeli-kalkti\/","title":{"rendered":"(Turkish) Dan\u0131\u015ftay Karar\u0131yla R\u00fczgar Enerjisi \u00d6n\u00fcndeki Sit Engeli Kalkt\u0131"},"content":{"rendered":"<p class=\"qtranxs-available-languages-message qtranxs-available-languages-message-en\">Sorry, this entry is only available in <a href=\"https:\/\/www.enerjigazetesi.ist\/tr\/wp-json\/wp\/v2\/posts\/65481\" class=\"qtranxs-available-language-link qtranxs-available-language-link-tr\" title=\"Turkish\">Turkish<\/a>. For the sake of viewer convenience, the content is shown below in the alternative language. You may click the link to switch the active language.<\/p><p><strong><span style=\"color: #0a0a0a;\">\u0130zmir \u0130dare Mahkemesi taraf\u0131ndan r\u00fczgar enerji santralinin imar planlar\u0131n\u0131n iptaline y\u00f6nelik a\u00e7\u0131lan davada \u00f6nemli bir karara imza at\u0131ld\u0131. Mahkeme, a\u00e7\u0131lan davay\u0131 reddederek emsal bir karar verdi.<\/span><\/strong><\/p>\n<p>A\u00e7\u0131lan davan\u0131n reddedilmesi ile birlikte do\u011fal<img loading=\"lazy\" class=\"alignleft size-medium wp-image-37335\" src=\"https:\/\/www.enerjigazetesi.ist\/wp-content\/uploads\/2015\/03\/ruzgar-enerjisinde-yeni-yasa-sart-300x220.jpg\" alt=\"ruzgar-enerjisinde-yeni-yasa-sart\" width=\"300\" height=\"220\" srcset=\"https:\/\/www.enerjigazetesi.ist\/wp-content\/uploads\/2015\/03\/ruzgar-enerjisinde-yeni-yasa-sart-300x220.jpg 300w, https:\/\/www.enerjigazetesi.ist\/wp-content\/uploads\/2015\/03\/ruzgar-enerjisinde-yeni-yasa-sart-500x368.jpg 500w, https:\/\/www.enerjigazetesi.ist\/wp-content\/uploads\/2015\/03\/ruzgar-enerjisinde-yeni-yasa-sart-67x50.jpg 67w, https:\/\/www.enerjigazetesi.ist\/wp-content\/uploads\/2015\/03\/ruzgar-enerjisinde-yeni-yasa-sart.jpg 800w\" sizes=\"(max-width: 300px) 100vw, 300px\" \/> sit alanlar\u0131nda r\u00fczgar enerjisinden yararlanman\u0131n \u00f6n\u00fcnde hukuken engel de kalmad\u0131.<\/p>\n<p>Do\u011fal sit alanlar\u0131nda r\u00fczgar enerjisine izin veren karardan sonra a\u00e7\u0131klamada bulunan \u00c7evreci Enerji Derne\u011fi Ba\u015fkan\u0131 Tolga \u015eall\u0131, \u201cR\u00fczgar enerjisinden yararlanabilmenin \u00f6n ko\u015fulu santralin \u2018r\u00fczgar \u0131rma\u011f\u0131\u2019 denilen \u0131rmaklar\u0131n \u00fczerinde kurulmas\u0131d\u0131r. \u00c7e\u015fme, Urla ve Karaburun il\u00e7elerimizde r\u00fczg\u00e2r \u0131rmaklar\u0131n\u0131n oldu\u011fu ender olan b\u00f6lgelerimizdendir. Yenilenebilir Enerji Kanunu\u2019na g\u00f6re Koruma B\u00f6lge Kurulunun olumlu g\u00f6r\u00fc\u015f\u00fc al\u0131nmak kayd\u0131yla do\u011fal sit alanlar\u0131nda r\u00fczg\u00e2r enerjisi yat\u0131r\u0131mlar\u0131 yap\u0131labilmektedir\u201d dedi.<\/p>\n<p>\u015eall\u0131 ayr\u0131ca R\u00fczg\u00e2r enerjisinin \u00fclkemizin enerji ba\u011f\u0131ms\u0131zl\u0131\u011f\u0131na katk\u0131s\u0131, iklim de\u011fi\u015fikli\u011fi ile m\u00fccadelede \u00f6nemli kaynaklardan biri olmas\u0131, yaratt\u0131\u011f\u0131 istihdam (\u015fu an \u00fclkemizde 52 bin ki\u015fi bu sekt\u00f6rde \u00e7al\u0131\u015fmaktad\u0131r) ve do\u011fal sit alanlar\u0131n\u0131n betonla\u015fmas\u0131n\u0131 engellemesinden dolay\u0131 \u00fcst\u00fcn kamu yarar\u0131 bulunmaktad\u0131r\u201d\u00a0ifadelerine yer verdi.<\/p>","protected":false},"excerpt":{"rendered":"<p>Sorry, this entry is only available in Turkish. For the sake of viewer convenience, the content is shown below in the alternative language. You may click the link to switch the active language.\u0130zmir \u0130dare Mahkemesi taraf\u0131ndan r\u00fczgar enerji santralinin imar planlar\u0131n\u0131n iptaline y\u00f6nelik a\u00e7\u0131lan davada \u00f6nemli bir karara imza at\u0131ld\u0131. Mahkeme, a\u00e7\u0131lan davay\u0131 reddederek emsal [&hellip;]<\/p>\n","protected":false},"author":1,"featured_media":37335,"comment_status":"open","ping_status":"open","sticky":false,"template":"","format":"standard","meta":[],"categories":[53,50],"tags":[34541,34542,63,67,1009,2698,165,474,69,233,16,23318,22615,4784,17],"views":1209,"_links":{"self":[{"href":"https:\/\/www.enerjigazetesi.ist\/en\/wp-json\/wp\/v2\/posts\/65481"}],"collection":[{"href":"https:\/\/www.enerjigazetesi.ist\/en\/wp-json\/wp\/v2\/posts"}],"about":[{"href":"https:\/\/www.enerjigazetesi.ist\/en\/wp-json\/wp\/v2\/types\/post"}],"author":[{"embeddable":true,"href":"https:\/\/www.enerjigazetesi.ist\/en\/wp-json\/wp\/v2\/users\/1"}],"replies":[{"embeddable":true,"href":"https:\/\/www.enerjigazetesi.ist\/en\/wp-json\/wp\/v2\/comments?post=65481"}],"version-history":[{"count":1,"href":"https:\/\/www.enerjigazetesi.ist\/en\/wp-json\/wp\/v2\/posts\/65481\/revisions"}],"predecessor-version":[{"id":65482,"href":"https:\/\/www.enerjigazetesi.ist\/en\/wp-json\/wp\/v2\/posts\/65481\/revisions\/65482"}],"wp:featuredmedia":[{"embeddable":true,"href":"https:\/\/www.enerjigazetesi.ist\/en\/wp-json\/wp\/v2\/media\/37335"}],"wp:attachment":[{"href":"https:\/\/www.enerjigazetesi.ist\/en\/wp-json\/wp\/v2\/media?parent=65481"}],"wp:term":[{"taxonomy":"category","embeddable":true,"href":"https:\/\/www.enerjigazetesi.ist\/en\/wp-json\/wp\/v2\/categories?post=65481"},{"taxonomy":"post_tag","embeddable":true,"href":"https:\/\/www.enerjigazetesi.ist\/en\/wp-json\/wp\/v2\/tags?post=65481"}],"curies":[{"name":"wp","href":"https:\/\/api.w.org\/{rel}","templated":true}]}}